{"id":10019,"date":"2021-05-31T13:33:13","date_gmt":"2021-05-31T13:33:13","guid":{"rendered":"http:\/\/10.0.1.180\/?post_type=portfolio&#038;p=10019"},"modified":"2022-04-27T11:21:26","modified_gmt":"2022-04-27T11:21:26","slug":"the-goldberg-variations","status":"publish","type":"post","link":"http:\/\/www.torinodanzafestival.it\/?p=10019","title":{"rendered":"THE GOLDBERG VARIATIONS, BWV 988"},"content":{"rendered":"<h3>Fonderie Limone &#8211; Prima Nazionale<br \/>\n28, 29 ottobre ore 20.45 \/ Belgio<\/h3>\n<h2><strong> Anne Teresa De Keersmaeker \/ Rosas<br \/>\n<\/strong><\/h2>\n<hr \/>\n<h3><a href=\"https:\/\/teatrostabiletorino.vivaticket.it\/it\/event\/the-goldberg-variations\/158569\" target=\"_blank\" rel=\"noopener\">ACQUISTA ONLINE<\/a><\/h3>\n<hr \/>\n<p>Gran finale per l\u2019edizione 2021 con Anne Teresa De Keersmaeker in scena con il pianista Pavel Kolesnikov. L\u2019artista belga continua il suo viaggio con Bach dialogando con queste celebri variazioni, cercando una forma di danza capace di adattarsi e mantenersi flessibile pur mantenendo un nucleo immutabile. Per De Keersmaeker \u00e8 soprattutto un invito a consolidare la strada percorsa come artista, ponendo le domande di oggi nella sua continua ricerca di un personale linguaggio coreografico.<\/p>\n<p><em><span style=\"color: #808080;\">The grand finale of the Torinodanza Festival 2021 edition features Anne Teresa De Keersmaeker on stage with pianist Pavel Kolesnikov. Thus, the Belgian artist further pursues her journey with Bach, engaging in a dialogue with his celebrated variations and seeking a form of dance that adapts and remains flexible while maintaining an unchanging core. Primarily, this is an invitation for De Keersmaeker to consolidate her journey as an artist while addressing contemporary concerns in her ongoing quest for an individual choreographic language.<\/span><\/em><\/p>\n<p><a href=\"http:\/\/www.torinodanzafestival.it\/wp-content\/uploads\/2021\/05\/SchedaGOLDBERG_VARIATIONS_2021_web_compressed.pdf\" target=\"_blank\" rel=\"noopener\">LA SCHEDA DI SALA<\/a><br \/>\n<strong>Durata 2 ore, con pausa tecnica, nel corso della <\/strong><strong>quale il pubblico \u00e8 pregato di non lasciare la sala.<\/strong><\/p>\n<section class=\"eytg_main_container\"><section class=\"easy_youtube_gallery col-3 ar-16_9  eytg-lightbox-items\"><a href=\"https:\/\/www.youtube.com\/watch?v=sBYCRekMu0I&autoplay=1&controls=1&enhanceprivacy=0&playsinline=0&rel=0\"\n\t\t\t\t\tclass=\"eytg-item eytg-item-1 eytg-item-first \"\n\t\t\t\t\tdata-eytg_video_id=\"sBYCRekMu0I\"\n\t\t\t\t\tdata-eytg_controls=\"1\"\n\t\t\t\t\tdata-eytg_playsinline=\"0\"\n\t\t\t\t\tdata-eytg_privacy=\"0\">\n\t\t\t\t\t<span class=\"eytg-thumbnail\"\n\t\t\t\t\t\tstyle=\"background-image: url(https:\/\/img.youtube.com\/vi\/sBYCRekMu0I\/hqdefault.jpg)\"><\/span>\n\t\t\t\t\t\n\t\t\t\t<\/a><a href=\"https:\/\/www.youtube.com\/watch?v=G2BMnu1S9GU&autoplay=1&controls=1&enhanceprivacy=0&playsinline=0&rel=0\"\n\t\t\t\t\tclass=\"eytg-item eytg-item-2 eytg-item-mid \"\n\t\t\t\t\tdata-eytg_video_id=\"G2BMnu1S9GU\"\n\t\t\t\t\tdata-eytg_controls=\"1\"\n\t\t\t\t\tdata-eytg_playsinline=\"0\"\n\t\t\t\t\tdata-eytg_privacy=\"0\">\n\t\t\t\t\t<span class=\"eytg-thumbnail\"\n\t\t\t\t\t\tstyle=\"background-image: url(https:\/\/img.youtube.com\/vi\/G2BMnu1S9GU\/hqdefault.jpg)\"><\/span>\n\t\t\t\t\t\n\t\t\t\t<\/a><a href=\"https:\/\/www.youtube.com\/watch?v=h1uylpPPPqo&autoplay=1&controls=1&enhanceprivacy=0&playsinline=0&rel=0\"\n\t\t\t\t\tclass=\"eytg-item eytg-item-3 eytg-item-last \"\n\t\t\t\t\tdata-eytg_video_id=\"h1uylpPPPqo\"\n\t\t\t\t\tdata-eytg_controls=\"1\"\n\t\t\t\t\tdata-eytg_playsinline=\"0\"\n\t\t\t\t\tdata-eytg_privacy=\"0\">\n\t\t\t\t\t<span class=\"eytg-thumbnail\"\n\t\t\t\t\t\tstyle=\"background-image: url(https:\/\/img.youtube.com\/vi\/h1uylpPPPqo\/hqdefault.jpg)\"><\/span>\n\t\t\t\t\t\n\t\t\t\t<\/a><\/section><!-- easy_youtube_gallery col-3 ar-16_9  eytg-lightbox-items --><\/section><!-- .eytg_main_container .ar-16_9 -->\n<h3><strong>Coreografia e danza Anne Teresa De Keersmaeker<br \/>\n<\/strong><strong>musica Johann Sebastian Bach,<em> The Goldberg Variations<\/em>, BWV 988<br \/>\n<\/strong><strong>pianoforte Pavel Kolesnikov<br \/>\n<\/strong><strong>collaborazione musicale Alain Franco<br \/>\n<\/strong><strong>assistente alla scoreografia Diane Madden<br \/>\n<\/strong><strong>disegno luci e scene Minna Tiikkainen<br \/>\n<\/strong><strong><em>Rosas<br \/>\n<\/em>coproduzione Wiener Festwochen, Concertgebouw (Brugge), De Munt \/ La Monnaie, Th\u00e9\u00e2tre de la Ville \u00e0 Paris Th\u00e9\u00e2tre du Ch\u00e2telet (Paris), Internationaal Theater Amsterdam \/ Julidans, <\/strong><strong>Sadler\u2019s Wells (London), Montpellier Danse <\/strong><br \/>\n<strong>In collaborazione con Casa Kafka<\/strong><\/h3>\n<h3>CON IL SUPPORTO DEL PROGRAMMA DI PROTEZIONE FISCALE DEL GOVERNO FEDERALE BELGA, IN COLLABORAZIONE CON CASA KAFKA PICTURES SCUDO FISCALE<br \/>\nCON IL SOSTEGNO DELLA RAPPRESENTANZA GENERALE DEL GOVERNO DELLE FIANDRE IN ITALIA ABILITATO DA BELFIUS<\/h3>\n<hr \/>\n<h3>Navetta<\/h3>\n<p>Disponibile\u00a0alla fermata Bengasi della metropolitana di Torino la Navetta ufficiale di Torinodanza per gli spettacoli in scena alle Fonderie Limone di Moncalieri. Il servizio \u00e8 garantito anche per il rientro al termine dello spettacolo, sempre con una corsa verso la fermata Bengasi della metropolitana.<\/p>\n<p><a href=\"http:\/\/booking.teatrostabiletorino.it\/index.php\/2021\/07\/26\/navetta-torinodanza-2021\/\" target=\"_blank\" rel=\"noopener\"><strong>Prenota il tuo posto<\/strong><\/a><\/p>\n<h3><strong><em>\u00a0<\/em><\/strong><\/h3>\n","protected":false},"excerpt":{"rendered":"<p>Fonderie Limone &#8211; Prima Nazionale 28, 29 ottobre ore 20.45 \/ Belgio Anne Teresa De Keersmaeker \/ Rosas ACQUISTA ONLINE Gran finale per l\u2019edizione 2021&hellip;<\/p>\n","protected":false},"author":1,"featured_media":10253,"comment_status":"closed","ping_status":"closed","sticky":false,"template":"","format":"standard","meta":{"_acf_changed":false,"footnotes":""},"categories":[101],"tags":[],"class_list":["post-10019","post","type-post","status-publish","format-standard","has-post-thumbnail","hentry","category-edizione-2021"],"acf":[],"_links":{"self":[{"href":"http:\/\/www.torinodanzafestival.it\/index.php?rest_route=\/wp\/v2\/posts\/10019","targetHints":{"allow":["GET"]}}],"collection":[{"href":"http:\/\/www.torinodanzafestival.it\/index.php?rest_route=\/wp\/v2\/posts"}],"about":[{"href":"http:\/\/www.torinodanzafestival.it\/index.php?rest_route=\/wp\/v2\/types\/post"}],"author":[{"embeddable":true,"href":"http:\/\/www.torinodanzafestival.it\/index.php?rest_route=\/wp\/v2\/users\/1"}],"replies":[{"embeddable":true,"href":"http:\/\/www.torinodanzafestival.it\/index.php?rest_route=%2Fwp%2Fv2%2Fcomments&post=10019"}],"version-history":[{"count":15,"href":"http:\/\/www.torinodanzafestival.it\/index.php?rest_route=\/wp\/v2\/posts\/10019\/revisions"}],"predecessor-version":[{"id":10829,"href":"http:\/\/www.torinodanzafestival.it\/index.php?rest_route=\/wp\/v2\/posts\/10019\/revisions\/10829"}],"wp:featuredmedia":[{"embeddable":true,"href":"http:\/\/www.torinodanzafestival.it\/index.php?rest_route=\/wp\/v2\/media\/10253"}],"wp:attachment":[{"href":"http:\/\/www.torinodanzafestival.it\/index.php?rest_route=%2Fwp%2Fv2%2Fmedia&parent=10019"}],"wp:term":[{"taxonomy":"category","embeddable":true,"href":"http:\/\/www.torinodanzafestival.it\/index.php?rest_route=%2Fwp%2Fv2%2Fcategories&post=10019"},{"taxonomy":"post_tag","embeddable":true,"href":"http:\/\/www.torinodanzafestival.it\/index.php?rest_route=%2Fwp%2Fv2%2Ftags&post=10019"}],"curies":[{"name":"wp","href":"https:\/\/api.w.org\/{rel}","templated":true}]}}