{"id":10047,"date":"2021-05-31T14:28:28","date_gmt":"2021-05-31T14:28:28","guid":{"rendered":"http:\/\/10.0.1.180\/?post_type=portfolio&#038;p=10047"},"modified":"2022-04-27T11:31:34","modified_gmt":"2022-04-27T11:31:34","slug":"triptych","status":"publish","type":"post","link":"http:\/\/www.torinodanzafestival.it\/?p=10047","title":{"rendered":"TRIPTYCH"},"content":{"rendered":"<h2><strong><em>Peeping Tom, Gabriela Carrizo, Franck Chartier<br \/>\n<\/em><\/strong><\/h2>\n<h3>Fonderie Limone 10 e 11 settembre ore 20.45 &#8211; 12 settembre ore 15.30<br \/>\nBelgio<\/h3>\n<hr \/>\n<h3><a href=\"https:\/\/teatrostabiletorino.vivaticket.it\/it\/event\/triptych-the-missing-door-the-lost-room-the-hidden-floor\/158571\" target=\"_blank\" rel=\"noopener\">ACQUISTA ONLINE<\/a><\/h3>\n<hr \/>\n<h3>The missing door &#8211; The lost room &#8211; The hidden floor (prima nazionale)<\/h3>\n<p>Una nuova trilogia ci conduce dentro la visione iperrealistica e astratta della Compagnia Peeping Tom. Uno spazio neutro e allo stesso tempo mutevole e concreto fa da sfondo a una serie di personaggi, persi nel tempo e nello spazio, che continuamente si allontanano e si cercano l\u2019un l\u2019altro, creando un\u2019atmosfera di malinconica nostalgia per il futuro.<\/p>\n<p><em><span style=\"color: #808080;\">Another trilogy now follows the family saga presented in 2019. Once again, we are drawn into the cynical, abstract hyperrealism of the Peeping Tom Company. A neutral yet shifting and tangible space provides the setting for a succession of characters, seemingly lost in time and space, who keep drifting apart and looking for each other, thus creating a reflective mood of nostalgia for the future.<\/span><\/em><\/p>\n<p><a href=\"http:\/\/www.torinodanzafestival.it\/wp-content\/uploads\/2021\/05\/schedaA4_TRIPTYCH.pdf\" target=\"_blank\" rel=\"noopener\">LA SCHEDA DI SALA<\/a><\/p>\n<section class=\"eytg_main_container\"><section class=\"easy_youtube_gallery col-3 ar-16_9  eytg-lightbox-items\"><a href=\"https:\/\/www.youtube.com\/watch?v=IX2LHwvRuxs&autoplay=1&controls=1&enhanceprivacy=0&playsinline=0&rel=0\"\n\t\t\t\t\tclass=\"eytg-item eytg-item-1 eytg-item-first \"\n\t\t\t\t\tdata-eytg_video_id=\"IX2LHwvRuxs\"\n\t\t\t\t\tdata-eytg_controls=\"1\"\n\t\t\t\t\tdata-eytg_playsinline=\"0\"\n\t\t\t\t\tdata-eytg_privacy=\"0\">\n\t\t\t\t\t<span class=\"eytg-thumbnail\"\n\t\t\t\t\t\tstyle=\"background-image: url(https:\/\/img.youtube.com\/vi\/IX2LHwvRuxs\/hqdefault.jpg)\"><\/span>\n\t\t\t\t\t\n\t\t\t\t<\/a><a href=\"https:\/\/www.youtube.com\/watch?v=XYI7dx6Omag&autoplay=1&controls=1&enhanceprivacy=0&playsinline=0&rel=0\"\n\t\t\t\t\tclass=\"eytg-item eytg-item-2 eytg-item-mid \"\n\t\t\t\t\tdata-eytg_video_id=\"XYI7dx6Omag\"\n\t\t\t\t\tdata-eytg_controls=\"1\"\n\t\t\t\t\tdata-eytg_playsinline=\"0\"\n\t\t\t\t\tdata-eytg_privacy=\"0\">\n\t\t\t\t\t<span class=\"eytg-thumbnail\"\n\t\t\t\t\t\tstyle=\"background-image: url(https:\/\/img.youtube.com\/vi\/XYI7dx6Omag\/hqdefault.jpg)\"><\/span>\n\t\t\t\t\t\n\t\t\t\t<\/a><a href=\"https:\/\/www.youtube.com\/watch?v=F7WfOW-7fyA&autoplay=1&controls=1&enhanceprivacy=0&playsinline=0&rel=0\"\n\t\t\t\t\tclass=\"eytg-item eytg-item-3 eytg-item-last \"\n\t\t\t\t\tdata-eytg_video_id=\"F7WfOW-7fyA\"\n\t\t\t\t\tdata-eytg_controls=\"1\"\n\t\t\t\t\tdata-eytg_playsinline=\"0\"\n\t\t\t\t\tdata-eytg_privacy=\"0\">\n\t\t\t\t\t<span class=\"eytg-thumbnail\"\n\t\t\t\t\t\tstyle=\"background-image: url(https:\/\/img.youtube.com\/vi\/F7WfOW-7fyA\/hqdefault.jpg)\"><\/span>\n\t\t\t\t\t\n\t\t\t\t<\/a><\/section><!-- easy_youtube_gallery col-3 ar-16_9  eytg-lightbox-items --><\/section><!-- .eytg_main_container .ar-16_9 -->\n<h3><strong>ideazione e regia Gabriela Carrizo e Franck Chartier<br \/>\ndanzatori Konan Dayot, Fons Dhossche, Lauren Langlois, Panos Malactos, Alejandro Moya, Fanny Sage, Eliana Stragapede, Wan-Lun Yu<br \/>\nscene Gabriela Carrizo, Justine Bougerol<br \/>\nluci Tom Visser<br \/>\ncostumi Seoljin Kim, Yi-chun Liu, Louis-Cl\u00e9ment Da Costa<br \/>\nmusica Eurudike De Beul, Rapha\u00eblle Latini, Isma\u00ebl Colombani, Annalena Fr\u00f6hlich, Louis-Cl\u00e9ment Da Costa<\/strong><\/h3>\n<h3><strong><em>Peeping Tom<br \/>\n<\/em><em>coproduzione Op\u00e9ra National de Paris, Op\u00e9ra de Lille, Tanz K\u00f6ln, G\u00f6teborg Dance and Theatre Festival, Th\u00e9\u00e2tre National Wallonie-Bruxelles, deSingel Antwerp, GREC Festival de Barcelona, Festival Aperto\/Fondazione I Teatri (Reggio Emilia), Torinodanza Festival\/Teatro Stabile di Torino &#8211; Nazionale (Torino), Dampfzentrale Bern, Oriente Occidente Dance Festival (Rovereto)<\/em><\/strong><\/h3>\n<h3><em>The Missing Door, The Lost Room, The Hidden Floor, con il sostegno della Rappresentanza Generale del Governo delle Fiandre In Italia e del programma di protezione fiscale <\/em><em>del Governo Federale Belga.<\/em><\/h3>\n<hr \/>\n<p><strong>Durata spettacolo<\/strong><br \/>\n<strong>The Missing Door\u00a0 &#8211; 25 minuti <\/strong>| 10 minuti intervallo<br \/>\n<strong>The Lost Room &#8211; 36 minuti<\/strong> | 20\/25 minuti II intervallo<br \/>\n<strong>The Hidden Floor &#8211; 25 minuti\u00a0<\/strong><\/p>\n<hr \/>\n<h3>REPLICA ACCESSIBILE<\/h3>\n<p><strong>Domenica 12 settembre<\/strong><\/p>\n<blockquote><p><strong>&gt; ore 14.30<\/strong> tour descrittivo e tattile sul palcoscenico con la compagnia<br \/>\n<strong>&gt; ore 15.30<\/strong> spettacolo con servizio di audiodescrizione<\/p><\/blockquote>\n<p><strong>Materiali<\/strong><\/p>\n<blockquote><p>&gt; <a href=\"http:\/\/www.torinodanzafestival.it\/wp-content\/uploads\/2021\/05\/scheda_sala_accessibile.pdf\" target=\"_blank\" rel=\"noopener\">Scheda di sala semplificata<\/a><br \/>\n&gt; audio introduzione sullo spettacolo<br \/>\n[ai_playlist id=&#8221;10479&#8243;]<\/p><\/blockquote>\n<p><strong>Prenotazioni e info <span style=\"color: #ff0000;\">(solo per replica accessibile)<\/span><br \/>\n<\/strong><\/p>\n<p><a href=\"mailto:ass.ne.fedora@gmail.com\">ass.ne.fedora@gmail.com<\/a> | +39 328 0960766<\/p>\n<p><strong>Biglietteria<\/strong><\/p>\n<p>Le persone con disabilit\u00e0 visiva, che usufruiscono del tour sul palcoscenico e del servizio di audiodescrizione, hanno diritto al biglietto ridotto a \u20ac 12,00 e l\u2019eventuale accompagnatore ha diritto all\u2019ingresso omaggio. \u00c8 necessaria la prenotazione entro sabato 11 settembre<\/p>\n<p><span style=\"color: #808080;\"><i>In collaborazione con Oriente Occidente nell\u2019ambito del progetto Europe Beyond Access sostenuto dal programma Creative Europe, con Associazione Fedora e con il supporto di PASS AUDIO VIDEO. Audiointroduzione e audiodescrizione a cura di WordUp Team.<\/i> <\/span><br \/>\n<span style=\"color: #808080;\"><i>Con il sostegno di Fondazione Compagnia di San Paolo &#8211; bando SWITCH_Strategie e strumenti per la digital transformation nella cultura.<\/i> <\/span><\/p>\n<hr \/>\n<h3>Navetta<\/h3>\n<p>Disponibile\u00a0alla fermata Bengasi della metropolitana di Torino la Navetta ufficiale di Torinodanza per gli spettacoli in scena alle Fonderie Limone di Moncalieri. Il servizio \u00e8 garantito anche per il rientro al termine dello spettacolo, sempre con una corsa verso la fermata Bengasi della metropolitana.<\/p>\n<p><a href=\"http:\/\/booking.teatrostabiletorino.it\/index.php\/2021\/07\/26\/navetta-torinodanza-2021\/\" target=\"_blank\" rel=\"noopener\"><strong>Prenota il tuo posto<\/strong> <\/a><\/p>\n","protected":false},"excerpt":{"rendered":"<p>Peeping Tom, Gabriela Carrizo, Franck Chartier Fonderie Limone 10 e 11 settembre ore 20.45 &#8211; 12 settembre ore 15.30 Belgio ACQUISTA ONLINE The missing door&hellip;<\/p>\n","protected":false},"author":1,"featured_media":10085,"comment_status":"closed","ping_status":"closed","sticky":false,"template":"","format":"standard","meta":{"_acf_changed":false,"footnotes":""},"categories":[101],"tags":[],"class_list":["post-10047","post","type-post","status-publish","format-standard","has-post-thumbnail","hentry","category-edizione-2021"],"acf":[],"_links":{"self":[{"href":"http:\/\/www.torinodanzafestival.it\/index.php?rest_route=\/wp\/v2\/posts\/10047","targetHints":{"allow":["GET"]}}],"collection":[{"href":"http:\/\/www.torinodanzafestival.it\/index.php?rest_route=\/wp\/v2\/posts"}],"about":[{"href":"http:\/\/www.torinodanzafestival.it\/index.php?rest_route=\/wp\/v2\/types\/post"}],"author":[{"embeddable":true,"href":"http:\/\/www.torinodanzafestival.it\/index.php?rest_route=\/wp\/v2\/users\/1"}],"replies":[{"embeddable":true,"href":"http:\/\/www.torinodanzafestival.it\/index.php?rest_route=%2Fwp%2Fv2%2Fcomments&post=10047"}],"version-history":[{"count":36,"href":"http:\/\/www.torinodanzafestival.it\/index.php?rest_route=\/wp\/v2\/posts\/10047\/revisions"}],"predecessor-version":[{"id":10599,"href":"http:\/\/www.torinodanzafestival.it\/index.php?rest_route=\/wp\/v2\/posts\/10047\/revisions\/10599"}],"wp:featuredmedia":[{"embeddable":true,"href":"http:\/\/www.torinodanzafestival.it\/index.php?rest_route=\/wp\/v2\/media\/10085"}],"wp:attachment":[{"href":"http:\/\/www.torinodanzafestival.it\/index.php?rest_route=%2Fwp%2Fv2%2Fmedia&parent=10047"}],"wp:term":[{"taxonomy":"category","embeddable":true,"href":"http:\/\/www.torinodanzafestival.it\/index.php?rest_route=%2Fwp%2Fv2%2Fcategories&post=10047"},{"taxonomy":"post_tag","embeddable":true,"href":"http:\/\/www.torinodanzafestival.it\/index.php?rest_route=%2Fwp%2Fv2%2Ftags&post=10047"}],"curies":[{"name":"wp","href":"https:\/\/api.w.org\/{rel}","templated":true}]}}