{"id":10285,"date":"2021-06-10T08:08:43","date_gmt":"2021-06-10T08:08:43","guid":{"rendered":"http:\/\/10.0.1.180\/?p=10285"},"modified":"2021-06-10T09:31:50","modified_gmt":"2021-06-10T09:31:50","slug":"torinodanza-festival-2021","status":"publish","type":"post","link":"http:\/\/www.torinodanzafestival.it\/?p=10285","title":{"rendered":"TORINODANZA FESTIVAL 2021"},"content":{"rendered":"<p><strong>Torinodanza festival 2021<\/strong>, diretto da <strong>Anna Cremonini<\/strong> e realizzato dal <strong>Teatro Stabile di Torino &#8211; Teatro Nazionale<\/strong>, conferma la sua vocazione internazionale con artisti provenienti da tutto il mondo e la sua attenzione alle eccellenze italiane per poter offrire agli spettatori uno spaccato della migliore e pi\u00f9 intensa coreografia contemporanea capace di intercettare linee e tendenze innovative che hanno sempre caratterizzato questa manifestazione.<\/p>\n<p>La rassegna, che si svolger\u00e0 <strong>dal 3 settembre al 29 ottobre 2021, proporr\u00e0 14 titoli per <\/strong><strong>35 rappresentazioni, 9 prime nazionali, 11 paesi coinvolti<\/strong> <strong>(Belgio, Canada, Corea, Francia, Germania, Grecia, India, Italia, Israele, Regno Unito, USA)<\/strong>: quasi due mesi di programmazione in cui ritroveremo alcuni amici del Festival e le nuove voci che hanno costellato questi ultimi anni di ricerca ed espressione nel mondo.<\/p>\n<p>\u00abPer come sta evolvendo &#8211; dichiara <strong>Anna Cremonini<\/strong>, Direttore artistico di Torinodanza Festival &#8211; la disciplina della danza contemporanea, ormai diventata un punto di riferimento ineludibile per misurare la temperatura della creativit\u00e0 contemporanea, risulta vitale proporre programmazioni che intercettino quella stessa creativit\u00e0, quella ricerca di espressioni che consentono di leggere e esplorare le tendenze del pensiero contemporaneo. Se si vuole che la nostra epoca si apra al mondo, si arricchisca di stimoli, domande e conoscenza, condivida le contraddizioni dei nostri tempi, tracci delle linee tra passato e futuro, tra tradizione e avanguardie, non si pu\u00f2 prescindere da questa forma di arte performativa. Per questo Torinodanza si conferma necessario a tutti i livelli generazionali, sociali e geografici; \u00e8 elemento fondamentale di ri-costruzione di una comunit\u00e0 che deve ritrovare se stessa\u00bb.<\/p>\n<p>Sharon Eyal e Gai Behar, Hofesh Shechter, Dimitris Papaioannou, Alessandra Ferri e Carsten Jung<strong>, <\/strong>Honji Wang e S\u00e9bastien Ramirez, David Raymond e Tiffany Tregarthen, Peeping Tom, Aur\u00e9lien Bory e Shantala Shivalingappa, Akram Khan, Anne Teresa de Keersmaeker saranno i protagonisti internazionali della rassegna che insieme a Silvia Gribaudi, Annamaria Ajmone, Marco D\u2019Agostin e Michele Di Stefano comporranno il programma di Torinodanza 2021.<\/p>\n<p>\u00abQuesta nuova edizione del Festival &#8211; continua Anna Cremonini &#8211; \u00e8 resa possibile dal sostegno morale e materiale dei partner che la supportano. Primi fra tutti il Teatro Stabile di Torino che rende possibile la favolosa immersione nella danza e la Fondazione Compagnia di San Paolo che continua a credere in Torinodanza come uno snodo vitale nel disegno di una societ\u00e0 aperta. La Regione Piemonte e la Citt\u00e0 di Torino insieme alla Citt\u00e0 di Moncalieri contribuiscono alla vita della nostra manifestazione insieme a Intesa Sanpaolo e al Ministero della Cultura. Anche quest\u2019anno possiamo contare su un intreccio virtuoso di collaborazioni che arricchiscono di preziose sfumature il nostro progetto. Desidero qui ricordare la Fondazione per la Cultura Torino, MITO SettembreMusica, la Fondazione Piemonte dal Vivo\/Lavanderia a Vapore di Collegno &#8211; Centro di Residenza per la Danza, l\u2019Associazione Mosaico Danza e il Festival Interplay, la Fondazione Casa del Teatro Ragazzi e Giovani, la Fondazione Teatro Piemonte Europa, il Museo Nazionale del Cinema\u00bb.<\/p>\n<p><strong>L\u2019inaugurazione di Torinodanza, in programma il 3 settembre 2021 al Teatro Carignano<\/strong>, sar\u00e0 con il debutto in prima nazionale del terzo capitolo della trilogia dell\u2019amore di <strong>Sharon Eyal<\/strong> e <strong>Gai Behar<\/strong>, <strong><em>Chapter 3: The Brutal Journey of the Heart<\/em><\/strong>. Dopo il successo di <em>OCD Love<\/em> e <em>Love Chapter 2<\/em> a Torindanza 2018, una nuova immersione nelle relazioni, nelle dinamiche dei sentimenti, nello strazio del dolore, nella paura dell\u2019abbandono, nel vuoto degli addii, sempre racchiusi nel cosmo del suono live di Ori Lichtik. Repliche il 4 e 5 settembre.<\/p>\n<p>Torna con una nuova produzione la compagnia belga <strong>Peeping Tom<\/strong>, gi\u00e0 protagonista nel 2019 dell\u2019indimenticabile evento che \u00e8 stata la presentazione integrale della trilogia della famiglia (<em>Moeder<\/em>, <em>Vader<\/em> e <em>Kind<\/em>). La celebre coppia formata da Gabriela Carrizo e Franck Chartier porter\u00e0 alle Fonderie Limone di Moncalieri, dal 10 al 12 settembre, <strong><em>Triptych<\/em><\/strong>, un programma di tre brani:<strong> <em>The missing door<\/em><\/strong><em>,<strong>\u00a0The lost room\u00a0<\/strong><\/em>e<strong><em>\u00a0The hidden floor <\/em><\/strong>(quest\u2019ultimo presentato in prima nazionale a Torino), in cui una serie di personaggi, persi nel tempo e nello spazio, si allontanano continuamente e si cercano l&#8217;un l&#8217;altro, creando un\u2019atmosfera di malinconica nostalgia per il futuro.<\/p>\n<p>A distanza di 23 anni esatti vedremo nuovamente al Teatro Carignano la ricostruzione di un brano prodotto nel 1998 proprio nell\u2019ambito di Torinodanza Festival nell\u2019edizione curata da Maurice B\u00e9jart che ne firm\u00f2 anche la coreografia e la regia, <strong><em>L\u2019Heure Exquise<\/em><\/strong>. Ispirato a <em>Giorni Felici<\/em> di Samuel Beckett rinasce grazie all\u2019iniziativa di <strong>Alessandra Ferri<\/strong>, la straordinaria \u00c9toile internazionale che ne \u00e8 interprete accanto a <strong>Carsten Jung<\/strong>, gi\u00e0 <em>Principal<\/em> nell\u2019Hamburg Ballet John Neumeier. Un\u2019occasione per omaggiare la storia di Torinodanza Festival. Lo spettacolo, realizzato con il sostegno di Intesa Sanpaolo, sar\u00e0 replicato al Carignano il 13 e il 14 settembre.<\/p>\n<p>Dopo una breve apparizione lo scorso anno con il celebre duo <em>AP15<\/em>, Torinodanza ospiter\u00e0 nuovamente la Compagnia <strong>Wang<\/strong> <strong>Ramirez<\/strong>, la strepitosa coppia coreana\/tedesca\/francese, ri-creatori di una forma di hip hop raffinata ed elegante, che presenta una particolare creazione dal titolo <strong><em>Parts<\/em><\/strong> composta da quattro pezzi il cui stile si muove tra danza e arti visive, vere e proprie inedite sperimentazioni aeree. <em>Parts<\/em> sar\u00e0 presentato in prima nazionale, alle Fonderie Limone di Moncalieri, dal 16 al 18 settembre.<\/p>\n<p>Cresciuti nella Compagnia Kidd Pivot di Crystal Pite, <strong>David Raymond<\/strong> e <strong>Tiffany Tregarthen <\/strong>arrivano per la prima volta a Torino con la loro compagnia Out Innerspace Dance Theatre. Il duo canadese debutter\u00e0 in prima nazionale al Teatro Carignano, il 21 e 22 settembre, con <strong><em>Bygones<\/em><\/strong>: un gioco danzato in cui luci, ombre, oggetti, marionette, azioni mescolano la forza della danza con elementi teatrali, sfidando i preconcetti di ci\u00f2 che si pu\u00f2 sperimentare nella danza contemporanea.<\/p>\n<p><strong>Dimitris Papaioannou<\/strong> \u00e8 stato il protagonista d\u2019eccellenza dell\u2019edizione 2020 del Festival con il debutto in prima mondiale di <em>Ink,<\/em> uno spettacolo commissionato da Torinodanza e Festival Aperto di Reggio Emilia. Papaioannou \u00e8 oggi il pi\u00f9 potente creatore di un linguaggio scenico che intreccia il corpo con l\u2019arte visiva: la sua nuova creazione, <strong><em>Transverse Orientation<\/em><\/strong>, programmata alle Fonderie Limone di Moncalieri, dal 23 al 26 settembre, arriva ad arricchire delle sue potenti suggestioni visive il Festival di quest\u2019anno.<\/p>\n<p>Dal 29 settembre al 1\u00b0 ottobre alle Fonderie Limone di Moncalieri, <strong>Hofesh Shechter <\/strong>&#8211; per la prima volta a Torino con la sua compagnia &#8211; presenta <strong><em>Double Murder<\/em><\/strong>: un dittico composto da due brani, <em>Clowns<\/em> originariamente creato per NDT (The Nederlands Dance Theatre) che contiene tutti i temi cari al coreografo israeliano, inglese di adozione, e <em>The Fix<\/em>, coprodotto da Torinodanza e presentato a Torino in prima nazionale, un brano che porta sul palco un\u2019energia tenera e fragile.<\/p>\n<p><strong>Annamaria Ajmone<\/strong>, una delle pi\u00f9 delicate e sensibili interpreti della scena italiana, si cimenta in una creazione in forma di solo, una meditazione inedita sugli animali e gli ecosistemi. Lo spettacolo dal titolo <strong><em>La notte \u00e8 il mio giorno preferito<\/em><\/strong> sar\u00e0 presentato, in prima nazionale, il 2 ottobre, alla Lavanderia a Vapore di Collegno ed \u00e8 coprodotto da Torinodanza.<\/p>\n<p><strong>Silvia Gribaudi<\/strong>, interprete di un\u2019originale danza umoristica, presenta in prima nazionale l\u20198 e il 9 ottobre, alle Fonderie Limone di Moncalieri <strong><em>Monjour<\/em><\/strong>, spettacolo che conclude un percorso produttivo condotto con Torinodanza in due anni di lavoro tra le valli di montagna e la citt\u00e0. L\u2019autrice definisce l\u2019opera come un cartoon contemporaneo con al centro sei performer circensi.<\/p>\n<p>Atteso ritorno \u00e8 quello di <strong>Shantala Shivalingappa e Aur\u00e9lien Bory<\/strong> con <strong><em>aSH<\/em><\/strong>, che doveva chiudere l\u2019edizione 2020 del Festival e che, a causa dell\u2019emergenza sanitaria, \u00e8 stato all\u2019ultimo momento cancellato. Una storia di miti e tradizioni della cultura indiana incentrati sulla figura di Shiva, dio della danza che la danzatrice e attrice indiana interpreta con straordinaria intensit\u00e0. Lo spettacolo andr\u00e0 in scena alle Fonderie Limone di Moncalieri il 14 e il 15 ottobre.<\/p>\n<p>Alla Casa del Teatro Ragazzi e Giovani debutter\u00e0, il 16 e il 17 ottobre, la versione per bambini (a partire dai 7 anni di et\u00e0) di <em>Xenos<\/em> di <strong>Akram Khan<\/strong> (visto nel 2019 alle Fonderie Limone di Moncalieri), con il titolo <strong><em>Chotto Xenos<\/em><\/strong>, una parabola sui temi della guerra, della memoria degli ultimi, a partire dalle storie dei soldati coloniali nella Prima Guerra Mondiale.<\/p>\n<p><strong>Marco D\u2019Agostin <\/strong>porta in scena in prima nazionale, alle Fonderie Limone il 19 e il 20 ottobre, lo spettacolo <strong><em>Saga<\/em><\/strong>: un viaggio nella memoria fisica ed emotiva degli individui e della famiglia e si cimenta per la prima volta nella coreografia di un gruppo di cinque performer. D\u2019Agostin, nella prima met\u00e0 di luglio, dar\u00e0 inoltre vita a una serie di laboratori e incontri sul tema della memoria nei territori piemontesi di Pragelato, Oulx e Fenestrelle: un progetto partecipato sul tema delle reti familiari\u00a0realizzato grazie al finanziamento del Bando Prossimi della Fondazione Time2.<\/p>\n<p><strong>Michele Di Stefano<\/strong> con la sua Compagnia<strong> mk<\/strong> metter\u00e0 in scena, il 22 e il 23 ottobre, alle Fonderie Limone di Moncalieri, <strong><em>Maqam<\/em><\/strong> un \u201cconcerto coreografico\u201d che esplora la relazione compositiva tra ambiente sonoro e danzato e che vede la partecipazione dell\u2019emergente interprete americano di origine araba <strong>Amir ElSaffar<\/strong> e le musiche di <strong>Lorenzo Bianchi Hoesh<\/strong>.<\/p>\n<p>Michele Di Stefano \u00e8 l\u2019artista selezionato per il 2021 dalla rete <strong>Ring<\/strong> che vede coinvolti quattro tra i principali Festival di danza italiani (oltre a Torinodanza, Festival Aperto \/ Fondazione I Teatri Reggio Emilia &#8211; Bolzano Danza \/ Fondazione Haydn &#8211; FOG Triennale Milano Performing Arts) e si propone di sostenere ogni anno la produzione di un artista &#8211; che si trova nella maturit\u00e0 della sua carriera &#8211; e della sua compagnia e di inserirla nella programmazione di ciascuno dei quattro Festival.<\/p>\n<p>Torinodanza 2021 si chiuder\u00e0, il 28 e il 29 ottobre alle Fonderie Limone di Moncalieri, con un evento particolare, il ritorno in scena di <strong>Anne Teresa De Keersmaeker<\/strong> che sar\u00e0 interprete di <strong><em>The Goldberg Variations BWV 988<\/em><\/strong><em>,<\/em> musica di Bach eseguita dal vivo dal pianista Pavel Kolesnikov. L\u2019artista belga continua il suo viaggio con Bach dialogando con queste celebri variazioni, cercando una forma di danza capace di adattarsi e rivelarsi flessibile pur mantenendo un nucleo immutabile.<\/p>\n<p>A dimostrazione del suo posizionamento a livello internazionale, Torinodanza \u00e8 entrato a far parte di <strong>Big Pulse Dance Alliance<\/strong>, il nuovo network di 12 festival e istituzioni di danza europei &#8211; Tanz im August \/ HAU Hebbel am Ufer (Germania), Dance Umbrella (Regno Unito), Dublin Dance Festival (Irlanda), Julidans (Paesi Bassi), New Baltic Dance (Lituania), ONE Dance Week (Bulgaria), Torinodanza Festival (Italia), Zodiak\/Center for New Dance (Finlandia), Sism\u00f2graf Dance Festival (Spagna), International Dance Festival TANEC PRAHA (Repubblica Ceca), CODA Oslo International Dance Festival (Norvegia) e Danscentrum Sverige (Svezia) &#8211; riuniti da una visione comune: promuovere una serie di commissioni e attivit\u00e0 volte a sviluppare e rafforzare il settore della danza contemporanea in tutta Europa, supportando gli artisti e diversificando la programmazione della danza sui grandi palcoscenici europei con l\u2019intento di raggiungere un pubblico diversificato e di portare la danza in spazi non tradizionali. Il progetto, cofinanziato dal Programma Europa Creativa dell&#8217;Unione Europea, avr\u00e0 durata quadriennale (2020 -2024).<\/p>\n<p><strong>IN NAVETTA ALLE FONDERIE LIMONE<\/strong><\/p>\n<p>Per gli spettacoli in programma alle Fonderie Limone di Moncalieri sar\u00e0 predisposta una navetta che effettuer\u00e0 una corsa 45 minuti prima dello spettacolo dalla fermata della metropolitana Bengasi e una per il rientro, sempre con una corsa verso la fermata Bengasi della metropolitana. Il servizio \u00e8 gratuito ma \u00e8 obbligatorio prenotarsi e il numero di posti \u00e8 limitato. I volontari dell&#8217;Associazione Primo Nebiolo forniranno assistenza ai viaggiatori. Per informazioni e prenotazioni: www.torinodanzafestival.it<\/p>\n<p><strong>INFO BIGLIETTERIA<\/strong><\/p>\n<p>I biglietti e gli abbonamenti per gli spettacoli di Torinodanza sono in vendita sia in biglietteria sia online a partire dal 10 giugno 2021.<\/p>\n<p>Biglietteria: Teatro Carignano, piazza Carignano, 6 &#8211; Torino Tel. 011 5169555 &#8211; Numero Verde 800 235 333 &#8211; email biglietteria@teatrostabiletorino.it Orario da marted\u00ec a sabato, dalle ore 13 alle 19, domenica dalle ore 14 alle 19. Chiusura estiva 9 &#8211; 29 agosto riapertura 30 agosto 2021<\/p>\n<p>Online www.torinodanzafestival.it | www.teatrostabiletorino.it<\/p>\n<p><strong>\u00a0<\/strong><strong>TORINODANZA | I PARTNER<\/strong><\/p>\n<p>Torinodanza 2021 \u00e8 un progetto realizzato da Torinodanza Festival\/Teatro Stabile di Torino \u2013 Teatro Nazionale, maggior sostenitore Fondazione Compagnia di San Paolo, con il sostegno di Ministero della Cultura, Regione Piemonte, Citt\u00e0 di Torino, Citta di Moncalieri, Fondazione per la Cultura Torino; partner Intesa Sanpaolo.<\/p>\n<p>Rai Cultura e Rai5 si confermano anche quest\u2019anno Media Partner di Torinodanza.<\/p>\n<p>Il festival Torinodanza, nato nel 1987, \u00e8 organizzato dal 2009 dal Teatro Stabile di Torino &#8211; Teatro Nazionale.<\/p>\n<p><a href=\"http:\/\/www.torinodanzafestival.it\/wp-content\/uploads\/2021\/06\/13_Interplay.pdf\"><strong>www.torinodanzafestival.it<\/strong><\/a><\/p>\n<p>&nbsp;<\/p>\n<p><a href=\"http:\/\/www.torinodanzafestival.it\/wp-content\/uploads\/2021\/06\/01_Immagine-guida-Torinodanza-2021-1.pdf\" target=\"_blank\" rel=\"noopener\">01_Immagine guida Torinodanza 2021<\/a><\/p>\n<p><a href=\"http:\/\/www.torinodanzafestival.it\/wp-content\/uploads\/2021\/06\/02_Comunicato-stampa-Torinodanza-2021.pdf\" target=\"_blank\" rel=\"noopener\">02_Comunicato stampa Torinodanza 2021<\/a><\/p>\n<p><a href=\"http:\/\/www.torinodanzafestival.it\/wp-content\/uploads\/2021\/06\/03_Scheda-Direttore-Festival-Torinodanza.pdf\" target=\"_blank\" rel=\"noopener\">03_Scheda Direttore Festival Torinodanza<\/a><\/p>\n<p><a href=\"http:\/\/www.torinodanzafestival.it\/wp-content\/uploads\/2021\/06\/04_Scheda-Direttore-Presidente-TST.pdf\" target=\"_blank\" rel=\"noopener\">04_Scheda Direttore Presidente TST<\/a><\/p>\n<p><a href=\"http:\/\/www.torinodanzafestival.it\/wp-content\/uploads\/2021\/06\/Pieghevole_TD_2021_web.pdf\" target=\"_blank\" rel=\"noopener\">05_Programma_Torinodanza 2021<\/a><\/p>\n<p><a href=\"http:\/\/www.torinodanzafestival.it\/wp-content\/uploads\/2021\/06\/06_Regione-Piemonte.pdf\" target=\"_blank\" rel=\"noopener\">06_Regione Piemonte<\/a><\/p>\n<p><a href=\"http:\/\/www.torinodanzafestival.it\/wp-content\/uploads\/2021\/06\/07_Citt\u00e0-di-Torino.pdf\" target=\"_blank\" rel=\"noopener\">07_Citt\u00e0 di Torino<\/a><\/p>\n<p><a href=\"http:\/\/www.torinodanzafestival.it\/wp-content\/uploads\/2021\/06\/08_FCSP_Scheda-Obiettivo-Cultura.pdf\" target=\"_blank\" rel=\"noopener\">08_FCSP_Scheda Obiettivo Cultura<\/a><\/p>\n<p><a href=\"http:\/\/www.torinodanzafestival.it\/wp-content\/uploads\/2021\/06\/09_Intesa-Sanpaolo.pdf\" target=\"_blank\" rel=\"noopener\">09_Intesa Sanpaolo<\/a><\/p>\n<p><a href=\"http:\/\/www.torinodanzafestival.it\/wp-content\/uploads\/2021\/06\/10_MITO.pdf\" target=\"_blank\" rel=\"noopener\">10_MITO SettembreMusica<\/a><\/p>\n<p><a href=\"http:\/\/www.torinodanzafestival.it\/wp-content\/uploads\/2021\/06\/11_Fondazione-Piemonte-dal-Vivo_Lavanderia-a-Vapore.pdf\" target=\"_blank\" rel=\"noopener\">11_Fondazione Piemonte dal Vivo_Lavanderia a Vapore<\/a><\/p>\n<p><a href=\"http:\/\/www.torinodanzafestival.it\/wp-content\/uploads\/2021\/06\/12_Fondazione-Casa-Teatro-Ragazzi-e-Giovani.pdf\" target=\"_blank\" rel=\"noopener\">12_Fondazione Casa Teatro Ragazzi e Giovani<\/a><\/p>\n<p><a href=\"http:\/\/www.torinodanzafestival.it\/wp-content\/uploads\/2021\/06\/13_Interplay.pdf\" target=\"_blank\" rel=\"noopener\">13_Interplay<\/a><\/p>\n<p><a href=\"http:\/\/www.torinodanzafestival.it\/wp-content\/uploads\/2021\/06\/14_RING.pdf\" target=\"_blank\" rel=\"noopener\">14_RING<\/a><\/p>\n<p><a href=\"http:\/\/www.torinodanzafestival.it\/wp-content\/uploads\/2021\/06\/15_SAGA.pdf\" target=\"_blank\" rel=\"noopener\">15_SAGA. Album di famiglia_ConferenzaTD+loghi<\/a><\/p>\n<p><a href=\"http:\/\/www.torinodanzafestival.it\/wp-content\/uploads\/2021\/06\/16_Associazione_Nebiolo_Torinodanza_festival_07-06-2021.pdf\" target=\"_blank\" rel=\"noopener\">16_Associazione_Nebiolo_Torinodanza_festival<\/a><\/p>\n<p>&nbsp;<\/p>\n<p><a href=\"https:\/\/youtu.be\/TC8lkVxvSPA\" target=\"_blank\" rel=\"noopener\">TEASER TORINODANZA 2021<\/a><\/p>\n<p>&nbsp;<\/p>\n<div id='gallery-1' class='gallery galleryid-10285 gallery-columns-5 gallery-size-thumbnail'><figure class='gallery-item'>\n\t\t\t<div class='gallery-icon landscape'>\n\t\t\t\t<a href='http:\/\/www.torinodanzafestival.it\/wp-content\/uploads\/2020\/07\/03_Vallarino-Gancia_Cremonini_Fonsatti_Ph-Andrea-Macchia.jpg'><img loading=\"lazy\" decoding=\"async\" width=\"150\" height=\"150\" src=\"http:\/\/www.torinodanzafestival.it\/wp-content\/uploads\/2020\/07\/03_Vallarino-Gancia_Cremonini_Fonsatti_Ph-Andrea-Macchia-150x150.jpg\" class=\"attachment-thumbnail size-thumbnail\" alt=\"\" aria-describedby=\"gallery-1-9337\" srcset=\"http:\/\/www.torinodanzafestival.it\/wp-content\/uploads\/2020\/07\/03_Vallarino-Gancia_Cremonini_Fonsatti_Ph-Andrea-Macchia-150x150.jpg 150w, http:\/\/www.torinodanzafestival.it\/wp-content\/uploads\/2020\/07\/03_Vallarino-Gancia_Cremonini_Fonsatti_Ph-Andrea-Macchia-468x468.jpg 468w\" sizes=\"auto, (max-width: 150px) 100vw, 150px\" \/><\/a>\n\t\t\t<\/div>\n\t\t\t\t<figcaption class='wp-caption-text gallery-caption' id='gallery-1-9337'>\n\t\t\t\tda sinistra Lamberto Vallarino Gancia (Presidente del Teatro Stabile di Torino \u2013 Teatro Nazionale)<br> Anna Cremonini (Direttore artistico Torinodanza Festival)<br> Filippo Fonsatti (Direttore del Teatro Stabile di Torino \u2013 Teatro Nazionale)<br>\u00a9 Andrea Macchia\n\t\t\t\t<\/figcaption><\/figure>\n\t\t<\/div>\n\n<div id='gallery-2' class='gallery galleryid-10285 gallery-columns-5 gallery-size-thumbnail'><figure class='gallery-item'>\n\t\t\t<div class='gallery-icon portrait'>\n\t\t\t\t<a href='http:\/\/www.torinodanzafestival.it\/wp-content\/uploads\/2021\/06\/Immagine-guida-Torinodanza-2021.jpg'><img loading=\"lazy\" decoding=\"async\" width=\"150\" height=\"150\" src=\"http:\/\/www.torinodanzafestival.it\/wp-content\/uploads\/2021\/06\/Immagine-guida-Torinodanza-2021-150x150.jpg\" class=\"attachment-thumbnail size-thumbnail\" alt=\"\" aria-describedby=\"gallery-2-10316\" srcset=\"http:\/\/www.torinodanzafestival.it\/wp-content\/uploads\/2021\/06\/Immagine-guida-Torinodanza-2021-150x150.jpg 150w, http:\/\/www.torinodanzafestival.it\/wp-content\/uploads\/2021\/06\/Immagine-guida-Torinodanza-2021-468x468.jpg 468w\" sizes=\"auto, (max-width: 150px) 100vw, 150px\" \/><\/a>\n\t\t\t<\/div>\n\t\t\t\t<figcaption class='wp-caption-text gallery-caption' id='gallery-2-10316'>\n\t\t\t\tImmagine guida Torinodanza 2021\n\t\t\t\t<\/figcaption><\/figure>\n\t\t<\/div>\n\n<p>&nbsp;<\/p>\n<p>&nbsp;<\/p>\n<div id='gallery-3' class='gallery galleryid-10285 gallery-columns-5 gallery-size-thumbnail'><figure class='gallery-item'>\n\t\t\t<div class='gallery-icon landscape'>\n\t\t\t\t<a href='http:\/\/www.torinodanzafestival.it\/wp-content\/uploads\/2021\/06\/01_Chapter-3-Photo-by-Stefan-Dotter-for-Dior.jpg'><img loading=\"lazy\" decoding=\"async\" width=\"150\" height=\"150\" src=\"http:\/\/www.torinodanzafestival.it\/wp-content\/uploads\/2021\/06\/01_Chapter-3-Photo-by-Stefan-Dotter-for-Dior-150x150.jpg\" class=\"attachment-thumbnail size-thumbnail\" alt=\"\" aria-describedby=\"gallery-3-10300\" srcset=\"http:\/\/www.torinodanzafestival.it\/wp-content\/uploads\/2021\/06\/01_Chapter-3-Photo-by-Stefan-Dotter-for-Dior-150x150.jpg 150w, http:\/\/www.torinodanzafestival.it\/wp-content\/uploads\/2021\/06\/01_Chapter-3-Photo-by-Stefan-Dotter-for-Dior-468x468.jpg 468w\" sizes=\"auto, (max-width: 150px) 100vw, 150px\" \/><\/a>\n\t\t\t<\/div>\n\t\t\t\t<figcaption class='wp-caption-text gallery-caption' id='gallery-3-10300'>\n\t\t\t\tChapter 3<br> Photo by Stefan Dotter for Dior\n\t\t\t\t<\/figcaption><\/figure><figure class='gallery-item'>\n\t\t\t<div class='gallery-icon landscape'>\n\t\t\t\t<a href='http:\/\/www.torinodanzafestival.it\/wp-content\/uploads\/2021\/06\/02_TRIPTYCH-\u00a9-Maarten-Vanden-Abeele-Peeping-Tom_19.jpg'><img loading=\"lazy\" decoding=\"async\" width=\"150\" height=\"150\" src=\"http:\/\/www.torinodanzafestival.it\/wp-content\/uploads\/2021\/06\/02_TRIPTYCH-\u00a9-Maarten-Vanden-Abeele-Peeping-Tom_19-150x150.jpg\" class=\"attachment-thumbnail size-thumbnail\" alt=\"\" aria-describedby=\"gallery-3-10301\" srcset=\"http:\/\/www.torinodanzafestival.it\/wp-content\/uploads\/2021\/06\/02_TRIPTYCH-\u00a9-Maarten-Vanden-Abeele-Peeping-Tom_19-150x150.jpg 150w, http:\/\/www.torinodanzafestival.it\/wp-content\/uploads\/2021\/06\/02_TRIPTYCH-\u00a9-Maarten-Vanden-Abeele-Peeping-Tom_19-468x468.jpg 468w\" sizes=\"auto, (max-width: 150px) 100vw, 150px\" \/><\/a>\n\t\t\t<\/div>\n\t\t\t\t<figcaption class='wp-caption-text gallery-caption' id='gallery-3-10301'>\n\t\t\t\tTRIPTYCH <br>\u00a9 Maarten Vanden Abeele, Peeping Tom_\n\t\t\t\t<\/figcaption><\/figure><figure class='gallery-item'>\n\t\t\t<div class='gallery-icon landscape'>\n\t\t\t\t<a href='http:\/\/www.torinodanzafestival.it\/wp-content\/uploads\/2021\/06\/03_Alessandra-Ferri-HiRes-\u00a9ASH.jpg'><img loading=\"lazy\" decoding=\"async\" width=\"150\" height=\"150\" src=\"http:\/\/www.torinodanzafestival.it\/wp-content\/uploads\/2021\/06\/03_Alessandra-Ferri-HiRes-\u00a9ASH-150x150.jpg\" class=\"attachment-thumbnail size-thumbnail\" alt=\"\" aria-describedby=\"gallery-3-10302\" srcset=\"http:\/\/www.torinodanzafestival.it\/wp-content\/uploads\/2021\/06\/03_Alessandra-Ferri-HiRes-\u00a9ASH-150x150.jpg 150w, http:\/\/www.torinodanzafestival.it\/wp-content\/uploads\/2021\/06\/03_Alessandra-Ferri-HiRes-\u00a9ASH-468x468.jpg 468w\" sizes=\"auto, (max-width: 150px) 100vw, 150px\" \/><\/a>\n\t\t\t<\/div>\n\t\t\t\t<figcaption class='wp-caption-text gallery-caption' id='gallery-3-10302'>\n\t\t\t\tAlessandra Ferri at Excelsior Studios, London on February 07 2021. Photo: Amber Hunt\n\t\t\t\t<\/figcaption><\/figure><figure class='gallery-item'>\n\t\t\t<div class='gallery-icon landscape'>\n\t\t\t\t<a href='http:\/\/www.torinodanzafestival.it\/wp-content\/uploads\/2021\/06\/04_Parts.jpg'><img loading=\"lazy\" decoding=\"async\" width=\"150\" height=\"150\" src=\"http:\/\/www.torinodanzafestival.it\/wp-content\/uploads\/2021\/06\/04_Parts-150x150.jpg\" class=\"attachment-thumbnail size-thumbnail\" alt=\"\" aria-describedby=\"gallery-3-10303\" srcset=\"http:\/\/www.torinodanzafestival.it\/wp-content\/uploads\/2021\/06\/04_Parts-150x150.jpg 150w, http:\/\/www.torinodanzafestival.it\/wp-content\/uploads\/2021\/06\/04_Parts-468x468.jpg 468w\" sizes=\"auto, (max-width: 150px) 100vw, 150px\" \/><\/a>\n\t\t\t<\/div>\n\t\t\t\t<figcaption class='wp-caption-text gallery-caption' id='gallery-3-10303'>\n\t\t\t\tParts\n\t\t\t\t<\/figcaption><\/figure><figure class='gallery-item'>\n\t\t\t<div class='gallery-icon landscape'>\n\t\t\t\t<a href='http:\/\/www.torinodanzafestival.it\/wp-content\/uploads\/2021\/06\/05_Bygones-11-Elya-Grant-David-Raymond-Renee-Sigouin-Tiffany-Tregarthen-Photo-by-Alistair-Maitland.jpg'><img loading=\"lazy\" decoding=\"async\" width=\"150\" height=\"150\" src=\"http:\/\/www.torinodanzafestival.it\/wp-content\/uploads\/2021\/06\/05_Bygones-11-Elya-Grant-David-Raymond-Renee-Sigouin-Tiffany-Tregarthen-Photo-by-Alistair-Maitland-150x150.jpg\" class=\"attachment-thumbnail size-thumbnail\" alt=\"\" aria-describedby=\"gallery-3-10304\" srcset=\"http:\/\/www.torinodanzafestival.it\/wp-content\/uploads\/2021\/06\/05_Bygones-11-Elya-Grant-David-Raymond-Renee-Sigouin-Tiffany-Tregarthen-Photo-by-Alistair-Maitland-150x150.jpg 150w, http:\/\/www.torinodanzafestival.it\/wp-content\/uploads\/2021\/06\/05_Bygones-11-Elya-Grant-David-Raymond-Renee-Sigouin-Tiffany-Tregarthen-Photo-by-Alistair-Maitland-468x468.jpg 468w\" sizes=\"auto, (max-width: 150px) 100vw, 150px\" \/><\/a>\n\t\t\t<\/div>\n\t\t\t\t<figcaption class='wp-caption-text gallery-caption' id='gallery-3-10304'>\n\t\t\t\tOut Innerspace Dance Theatre: BYGONES\nYukon Arts Centre in Whitehorse, Yukon.\nPhoto by Alistair Maitland Photography\n\t\t\t\t<\/figcaption><\/figure><figure class='gallery-item'>\n\t\t\t<div class='gallery-icon landscape'>\n\t\t\t\t<a href='http:\/\/www.torinodanzafestival.it\/wp-content\/uploads\/2021\/06\/06_Transverse-Orientation-2021_Dimitris-Papaioannou_photo-\u00a9Julian-Mommert.jpg'><img loading=\"lazy\" decoding=\"async\" width=\"150\" height=\"150\" src=\"http:\/\/www.torinodanzafestival.it\/wp-content\/uploads\/2021\/06\/06_Transverse-Orientation-2021_Dimitris-Papaioannou_photo-\u00a9Julian-Mommert-150x150.jpg\" class=\"attachment-thumbnail size-thumbnail\" alt=\"\" aria-describedby=\"gallery-3-10305\" srcset=\"http:\/\/www.torinodanzafestival.it\/wp-content\/uploads\/2021\/06\/06_Transverse-Orientation-2021_Dimitris-Papaioannou_photo-\u00a9Julian-Mommert-150x150.jpg 150w, http:\/\/www.torinodanzafestival.it\/wp-content\/uploads\/2021\/06\/06_Transverse-Orientation-2021_Dimitris-Papaioannou_photo-\u00a9Julian-Mommert-468x468.jpg 468w\" sizes=\"auto, (max-width: 150px) 100vw, 150px\" \/><\/a>\n\t\t\t<\/div>\n\t\t\t\t<figcaption class='wp-caption-text gallery-caption' id='gallery-3-10305'>\n\t\t\t\tTransverse Orientation 2021_Dimitris Papaioannou_photo \u00a9Julian Mommert\n\t\t\t\t<\/figcaption><\/figure><figure class='gallery-item'>\n\t\t\t<div class='gallery-icon landscape'>\n\t\t\t\t<a href='http:\/\/www.torinodanzafestival.it\/wp-content\/uploads\/2021\/06\/07_Double-Murder_The-Fix-Rehearsals-2020-ph-Chris-Nash.jpg'><img loading=\"lazy\" decoding=\"async\" width=\"150\" height=\"150\" src=\"http:\/\/www.torinodanzafestival.it\/wp-content\/uploads\/2021\/06\/07_Double-Murder_The-Fix-Rehearsals-2020-ph-Chris-Nash-150x150.jpg\" class=\"attachment-thumbnail size-thumbnail\" alt=\"\" aria-describedby=\"gallery-3-10306\" srcset=\"http:\/\/www.torinodanzafestival.it\/wp-content\/uploads\/2021\/06\/07_Double-Murder_The-Fix-Rehearsals-2020-ph-Chris-Nash-150x150.jpg 150w, http:\/\/www.torinodanzafestival.it\/wp-content\/uploads\/2021\/06\/07_Double-Murder_The-Fix-Rehearsals-2020-ph-Chris-Nash-468x468.jpg 468w\" sizes=\"auto, (max-width: 150px) 100vw, 150px\" \/><\/a>\n\t\t\t<\/div>\n\t\t\t\t<figcaption class='wp-caption-text gallery-caption' id='gallery-3-10306'>\n\t\t\t\tDouble Murder_The Fix Rehearsals &#8211; 2020 &#8211; ph Chris Nash\n\t\t\t\t<\/figcaption><\/figure><figure class='gallery-item'>\n\t\t\t<div class='gallery-icon landscape'>\n\t\t\t\t<a href='http:\/\/www.torinodanzafestival.it\/wp-content\/uploads\/2021\/06\/08_La-notte-\u00e8-il-mio-giorno-preferito.jpg'><img loading=\"lazy\" decoding=\"async\" width=\"150\" height=\"150\" src=\"http:\/\/www.torinodanzafestival.it\/wp-content\/uploads\/2021\/06\/08_La-notte-\u00e8-il-mio-giorno-preferito-150x150.jpg\" class=\"attachment-thumbnail size-thumbnail\" alt=\"\" aria-describedby=\"gallery-3-10307\" srcset=\"http:\/\/www.torinodanzafestival.it\/wp-content\/uploads\/2021\/06\/08_La-notte-\u00e8-il-mio-giorno-preferito-150x150.jpg 150w, http:\/\/www.torinodanzafestival.it\/wp-content\/uploads\/2021\/06\/08_La-notte-\u00e8-il-mio-giorno-preferito-468x468.jpg 468w\" sizes=\"auto, (max-width: 150px) 100vw, 150px\" \/><\/a>\n\t\t\t<\/div>\n\t\t\t\t<figcaption class='wp-caption-text gallery-caption' id='gallery-3-10307'>\n\t\t\t\tLa notte \u00e8 il mio giorno preferito\n\t\t\t\t<\/figcaption><\/figure><figure class='gallery-item'>\n\t\t\t<div class='gallery-icon landscape'>\n\t\t\t\t<a href='http:\/\/www.torinodanzafestival.it\/wp-content\/uploads\/2021\/06\/09_MONJOUR-@Antonio-Ficai2.jpg'><img loading=\"lazy\" decoding=\"async\" width=\"150\" height=\"150\" src=\"http:\/\/www.torinodanzafestival.it\/wp-content\/uploads\/2021\/06\/09_MONJOUR-@Antonio-Ficai2-150x150.jpg\" class=\"attachment-thumbnail size-thumbnail\" alt=\"\" aria-describedby=\"gallery-3-10308\" srcset=\"http:\/\/www.torinodanzafestival.it\/wp-content\/uploads\/2021\/06\/09_MONJOUR-@Antonio-Ficai2-150x150.jpg 150w, http:\/\/www.torinodanzafestival.it\/wp-content\/uploads\/2021\/06\/09_MONJOUR-@Antonio-Ficai2-468x468.jpg 468w\" sizes=\"auto, (max-width: 150px) 100vw, 150px\" \/><\/a>\n\t\t\t<\/div>\n\t\t\t\t<figcaption class='wp-caption-text gallery-caption' id='gallery-3-10308'>\n\t\t\t\tMONJOUR @Antonio Ficai2\n\t\t\t\t<\/figcaption><\/figure><figure class='gallery-item'>\n\t\t\t<div class='gallery-icon landscape'>\n\t\t\t\t<a href='http:\/\/www.torinodanzafestival.it\/wp-content\/uploads\/2021\/06\/10_Cie111_aSH_AurelienBory_photo\u00a9AglaeBory_7428-2.jpg'><img loading=\"lazy\" decoding=\"async\" width=\"150\" height=\"150\" src=\"http:\/\/www.torinodanzafestival.it\/wp-content\/uploads\/2021\/06\/10_Cie111_aSH_AurelienBory_photo\u00a9AglaeBory_7428-2-150x150.jpg\" class=\"attachment-thumbnail size-thumbnail\" alt=\"\" aria-describedby=\"gallery-3-10309\" srcset=\"http:\/\/www.torinodanzafestival.it\/wp-content\/uploads\/2021\/06\/10_Cie111_aSH_AurelienBory_photo\u00a9AglaeBory_7428-2-150x150.jpg 150w, http:\/\/www.torinodanzafestival.it\/wp-content\/uploads\/2021\/06\/10_Cie111_aSH_AurelienBory_photo\u00a9AglaeBory_7428-2-468x468.jpg 468w\" sizes=\"auto, (max-width: 150px) 100vw, 150px\" \/><\/a>\n\t\t\t<\/div>\n\t\t\t\t<figcaption class='wp-caption-text gallery-caption' id='gallery-3-10309'>\n\t\t\t\tCie111_aSH<br>_AurelienBory_photo<br>\u00a9AglaeBory\n\t\t\t\t<\/figcaption><\/figure><figure class='gallery-item'>\n\t\t\t<div class='gallery-icon portrait'>\n\t\t\t\t<a href='http:\/\/www.torinodanzafestival.it\/wp-content\/uploads\/2021\/06\/11_ChottoXenos3-Kennedy\u00a9JeanLouisFernandez052.jpg'><img loading=\"lazy\" decoding=\"async\" width=\"150\" height=\"150\" src=\"http:\/\/www.torinodanzafestival.it\/wp-content\/uploads\/2021\/06\/11_ChottoXenos3-Kennedy\u00a9JeanLouisFernandez052-150x150.jpg\" class=\"attachment-thumbnail size-thumbnail\" alt=\"\" aria-describedby=\"gallery-3-10310\" srcset=\"http:\/\/www.torinodanzafestival.it\/wp-content\/uploads\/2021\/06\/11_ChottoXenos3-Kennedy\u00a9JeanLouisFernandez052-150x150.jpg 150w, http:\/\/www.torinodanzafestival.it\/wp-content\/uploads\/2021\/06\/11_ChottoXenos3-Kennedy\u00a9JeanLouisFernandez052-468x468.jpg 468w\" sizes=\"auto, (max-width: 150px) 100vw, 150px\" \/><\/a>\n\t\t\t<\/div>\n\t\t\t\t<figcaption class='wp-caption-text gallery-caption' id='gallery-3-10310'>\n\t\t\t\tChottoXenos &#8211; Kennedy<br>\u00a9JeanLouisFernandez\n\t\t\t\t<\/figcaption><\/figure><figure class='gallery-item'>\n\t\t\t<div class='gallery-icon landscape'>\n\t\t\t\t<a href='http:\/\/www.torinodanzafestival.it\/wp-content\/uploads\/2021\/06\/12_SAGA-Alice-Brazzit-19.jpg'><img loading=\"lazy\" decoding=\"async\" width=\"150\" height=\"150\" src=\"http:\/\/www.torinodanzafestival.it\/wp-content\/uploads\/2021\/06\/12_SAGA-Alice-Brazzit-19-150x150.jpg\" class=\"attachment-thumbnail size-thumbnail\" alt=\"\" aria-describedby=\"gallery-3-10311\" srcset=\"http:\/\/www.torinodanzafestival.it\/wp-content\/uploads\/2021\/06\/12_SAGA-Alice-Brazzit-19-150x150.jpg 150w, http:\/\/www.torinodanzafestival.it\/wp-content\/uploads\/2021\/06\/12_SAGA-Alice-Brazzit-19-560x560.jpg 560w, http:\/\/www.torinodanzafestival.it\/wp-content\/uploads\/2021\/06\/12_SAGA-Alice-Brazzit-19-468x468.jpg 468w, http:\/\/www.torinodanzafestival.it\/wp-content\/uploads\/2021\/06\/12_SAGA-Alice-Brazzit-19-266x266.jpg 266w, http:\/\/www.torinodanzafestival.it\/wp-content\/uploads\/2021\/06\/12_SAGA-Alice-Brazzit-19-220x220.jpg 220w\" sizes=\"auto, (max-width: 150px) 100vw, 150px\" \/><\/a>\n\t\t\t<\/div>\n\t\t\t\t<figcaption class='wp-caption-text gallery-caption' id='gallery-3-10311'>\n\t\t\t\tSAGA<br>Alice Brazzit-19\n\t\t\t\t<\/figcaption><\/figure><figure class='gallery-item'>\n\t\t\t<div class='gallery-icon portrait'>\n\t\t\t\t<a href='http:\/\/www.torinodanzafestival.it\/wp-content\/uploads\/2021\/06\/13_Michele-Di-Stefano_ph-Francesca-Verga.jpg'><img loading=\"lazy\" decoding=\"async\" width=\"150\" height=\"150\" src=\"http:\/\/www.torinodanzafestival.it\/wp-content\/uploads\/2021\/06\/13_Michele-Di-Stefano_ph-Francesca-Verga-150x150.jpg\" class=\"attachment-thumbnail size-thumbnail\" alt=\"\" aria-describedby=\"gallery-3-10312\" srcset=\"http:\/\/www.torinodanzafestival.it\/wp-content\/uploads\/2021\/06\/13_Michele-Di-Stefano_ph-Francesca-Verga-150x150.jpg 150w, http:\/\/www.torinodanzafestival.it\/wp-content\/uploads\/2021\/06\/13_Michele-Di-Stefano_ph-Francesca-Verga-468x468.jpg 468w\" sizes=\"auto, (max-width: 150px) 100vw, 150px\" \/><\/a>\n\t\t\t<\/div>\n\t\t\t\t<figcaption class='wp-caption-text gallery-caption' id='gallery-3-10312'>\n\t\t\t\tMichele Di Stefano_ph Francesca Verga\n\t\t\t\t<\/figcaption><\/figure><figure class='gallery-item'>\n\t\t\t<div class='gallery-icon landscape'>\n\t\t\t\t<a href='http:\/\/www.torinodanzafestival.it\/wp-content\/uploads\/2021\/06\/14_The-Goldberg-Variations\u00ae-Anne-Van-Aerschot12.jpg'><img loading=\"lazy\" decoding=\"async\" width=\"150\" height=\"150\" src=\"http:\/\/www.torinodanzafestival.it\/wp-content\/uploads\/2021\/06\/14_The-Goldberg-Variations\u00ae-Anne-Van-Aerschot12-150x150.jpg\" class=\"attachment-thumbnail size-thumbnail\" alt=\"\" aria-describedby=\"gallery-3-10313\" srcset=\"http:\/\/www.torinodanzafestival.it\/wp-content\/uploads\/2021\/06\/14_The-Goldberg-Variations\u00ae-Anne-Van-Aerschot12-150x150.jpg 150w, http:\/\/www.torinodanzafestival.it\/wp-content\/uploads\/2021\/06\/14_The-Goldberg-Variations\u00ae-Anne-Van-Aerschot12-468x468.jpg 468w\" sizes=\"auto, (max-width: 150px) 100vw, 150px\" \/><\/a>\n\t\t\t<\/div>\n\t\t\t\t<figcaption class='wp-caption-text gallery-caption' id='gallery-3-10313'>\n\t\t\t\tThe Goldberg Variations<br>\u00ae Anne Van Aerschot12\n\t\t\t\t<\/figcaption><\/figure>\n\t\t<\/div>\n\n","protected":false},"excerpt":{"rendered":"<p>Torinodanza festival 2021, diretto da Anna Cremonini e realizzato dal Teatro Stabile di Torino &#8211; Teatro Nazionale, conferma la sua vocazione internazionale con artisti provenienti&hellip;<\/p>\n","protected":false},"author":2,"featured_media":10207,"comment_status":"closed","ping_status":"open","sticky":false,"template":"","format":"standard","meta":{"_acf_changed":false,"footnotes":""},"categories":[100],"tags":[],"class_list":["post-10285","post","type-post","status-publish","format-standard","has-post-thumbnail","hentry","category-press_21"],"acf":[],"_links":{"self":[{"href":"http:\/\/www.torinodanzafestival.it\/index.php?rest_route=\/wp\/v2\/posts\/10285","targetHints":{"allow":["GET"]}}],"collection":[{"href":"http:\/\/www.torinodanzafestival.it\/index.php?rest_route=\/wp\/v2\/posts"}],"about":[{"href":"http:\/\/www.torinodanzafestival.it\/index.php?rest_route=\/wp\/v2\/types\/post"}],"author":[{"embeddable":true,"href":"http:\/\/www.torinodanzafestival.it\/index.php?rest_route=\/wp\/v2\/users\/2"}],"replies":[{"embeddable":true,"href":"http:\/\/www.torinodanzafestival.it\/index.php?rest_route=%2Fwp%2Fv2%2Fcomments&post=10285"}],"version-history":[{"count":10,"href":"http:\/\/www.torinodanzafestival.it\/index.php?rest_route=\/wp\/v2\/posts\/10285\/revisions"}],"predecessor-version":[{"id":10328,"href":"http:\/\/www.torinodanzafestival.it\/index.php?rest_route=\/wp\/v2\/posts\/10285\/revisions\/10328"}],"wp:featuredmedia":[{"embeddable":true,"href":"http:\/\/www.torinodanzafestival.it\/index.php?rest_route=\/wp\/v2\/media\/10207"}],"wp:attachment":[{"href":"http:\/\/www.torinodanzafestival.it\/index.php?rest_route=%2Fwp%2Fv2%2Fmedia&parent=10285"}],"wp:term":[{"taxonomy":"category","embeddable":true,"href":"http:\/\/www.torinodanzafestival.it\/index.php?rest_route=%2Fwp%2Fv2%2Fcategories&post=10285"},{"taxonomy":"post_tag","embeddable":true,"href":"http:\/\/www.torinodanzafestival.it\/index.php?rest_route=%2Fwp%2Fv2%2Ftags&post=10285"}],"curies":[{"name":"wp","href":"https:\/\/api.w.org\/{rel}","templated":true}]}}