{"id":10553,"date":"2021-09-02T07:32:49","date_gmt":"2021-09-02T07:32:49","guid":{"rendered":"http:\/\/10.0.1.180\/?p=10553"},"modified":"2021-09-02T10:39:04","modified_gmt":"2021-09-02T10:39:04","slug":"a-torinodanza-letoile-alessandra-ferri-celebra-40-anni-di-carriera-con-lheure-exquise-di-maurice-bejart-al-suo-fianco-carsten-jung-teatro-carignano-13","status":"publish","type":"post","link":"http:\/\/www.torinodanzafestival.it\/?p=10553","title":{"rendered":"A TORINODANZA L\u2019\u00c9TOILE ALESSANDRA FERRI CELEBRA  40 ANNI DI CARRIERA CON \u201cL\u2019HEURE EXQUISE\u201d DI MAURICE B\u00c9JART,  AL SUO FIANCO CARSTEN JUNG. Teatro Carignano \u2013 13 e 14 settembre 2021"},"content":{"rendered":"<p>Un gioiello coreografico novecentesco per celebrare 40 anni di carriera coreutica e onorare la storia del <strong>Torinodanza Festival<\/strong>. A 23 anni esatti dall\u2019edizione firmata dal grande coreografo <strong>Maurice B\u00e9jart<\/strong> per la rassegna torinese, l\u2019\u00e9toile internazionale <strong>Alessandra Ferri<\/strong> riporta in scena accanto al danzatore <strong>Carsten Jung<\/strong>, gi\u00e0 Principal nell\u2019Hamburg Ballet John Neumeier, <strong><em>L\u2019HEURE EXQUISE<\/em><\/strong><strong><em>. <\/em><\/strong><strong><em>Variazioni su un tema di Samuel Beckett \u201cOh, les beaux jours\u201d<\/em><\/strong>. Lo spettacolo, che Torinodanza presenta <strong>luned\u00ec 13<\/strong> e <strong>marted\u00ec 14 settembre<\/strong>, alle 20.45, al Teatro Carignano, ricostruisce lo straordinario capolavoro che il 13 settembre 1998 B\u00e9jart concep\u00ec sul medesimo palco per Carla Fracci e Micha van Hoecke. Con <em>L\u2019Heure Exquise, <\/em>proposto per la prima volta al Ravenna Festival lo scorso giugno nell\u2019allestimento rimontato da <strong>Maina Gielgud<\/strong> su gentile concessione della <strong>Fondation Maurice B\u00e9jart<\/strong>, Alessandra Ferri festeggia il 40esimo anniversario da quando entr\u00f2 al Royal Ballet di Londra, avvio di una straordinaria carriera che nel 1985 la port\u00f2 anche all\u2019American Ballet Theatre di New York, voluta da Michail Bary\u0161nikov. Un\u2019occasione unica per aggiungere un altro personaggio \u2013 questa volta in sintonia con la sua piena maturit\u00e0 artistica \u2013 alla galleria di ritratti femminili da lei interpretati, dopo Virginia Woolf (<em>Woolf Works<\/em>), Eleonora Duse (<em>Duse<\/em>) e L\u00e9a (<em>Ch\u00e9ri<\/em>).<\/p>\n<p>L\u2019HEURE EXQUISE \u00e8 prodotto da AF DANCE in coproduzione con Ravenna Festival e The Royal Ballet, con il contributo del Ministero della Cultura, \u201cProgetti Speciali\u201d. Il progetto \u00e8 sostenuto da Intesa Sanpaolo.<\/p>\n<p><em>\u00abNel 2021 sono 40 anni da quando sono entrata al Royal Ballet a Londra iniziando cos\u00ec il mio viaggio artistico <\/em>\u2013 racconta Alessandra Ferri \u2013<em>. Per festeggiare con il pubblico questo traguardo, cercavo un ruolo significativo, mai interpretato, giusto ed emozionante per l\u2019artista che sono ora. Riordinando il mio archivio, ho trovato una pagina che parlava di un lavoro di Maurice B\u00e9jart basato su uno straordinario testo di Samuel Beckett:\u00a0<\/em>Giorni felici<em>. Un caso? Mi piace pensare piuttosto a un \u201csegno\u201d, una concatenazione di date, anniversari, emozioni: ho scoperto che nel 2021 saranno 60 anni da quando Beckett scrisse quel famoso testo teatrale\u2026 Dopo il debutto a Torino, il balletto \u00e8 stato rappresentato raramente, proprio perch\u00e9 ha bisogno di due interpreti che sappiano essere, come erano Carla e Micha, ballerini\/attori con un lungo vissuto artistico. Non ho avuto dubbi, ho sentito che era quello il ruolo che cercavo.\u00bb<\/em><\/p>\n<p>Ispirandosi a\u00a0<em>Giorni felici<\/em>, titolo cult di Samuel Beckett, B\u00e9jart prese a prestito l\u2019\u00abora squisita\u00bb, cui accenna il noto duetto finale da\u00a0<em>La vedova allegra<\/em>\u00a0di Franz Leh\u00e1r, e ne fece una variazione-omaggio alla carriera di Carla Fracci, trasformando lo sconsolato inno alla vita della protagonista beckettiana in un viaggio nella memoria artistica dell\u2019indimenticata \u00e9toile. Qui la Winnie della pi\u00e8ce diventa Lei, una ballerina <em>ag\u00e9e <\/em>sepolta in una montagna di vecchie scarpette da punta, che centellina parole e frammenti di ricordi al vento, condividendo il suo eterno presente con un Willie\/Lui, distratto compagno di solitudine. Dopo Carla Fracci e Micha van Hoecke, tocc\u00f2 a Maina Gielgud, affiancata da Martyn Fleming, riprendere il balletto b\u00e9jartiano nel 2003. Rivisto oggi con due interpreti ideali come Alessandra Ferri e Carsten Jung, gi\u00e0 insieme nel 2016 con <em>Duse<\/em>, si avvale delle scene di <strong>Roger Bernard<\/strong>, delle luci di <strong>Maina Gielgud<\/strong> e <strong>Marcello Marchi<\/strong>, dei costumi di <strong>Luisa Spinatelli<\/strong> e di un montaggio musicale su temi di <strong>Anton Webern<\/strong>, <strong>Gustav Mahler<\/strong>, <strong>Wolfgang Amadeus Mozart<\/strong> e <strong>Franz Leh\u00e1r<\/strong>. Presenti anche alcuni momenti recitativi, pronunciati da Alessandra Ferri nel momento della danza o del riposo. \u00abIl silenzio \u2013 sottolineava B\u00e9jart \u2013 \u00e8 l\u2019elemento principe di questa liturgia\u00bb.<\/p>\n<p><strong>\u00a0<\/strong><\/p>\n<p><strong>TORINODANZA | I PARTNER<\/strong><\/p>\n<p>Torinodanza 2021 \u00e8 un progetto realizzato da Torinodanza Festival\/Teatro Stabile di Torino \u2013 Teatro Nazionale, maggior sostenitore Fondazione Compagnia di San Paolo, con il sostegno di Ministero della Cultura, Regione Piemonte, Citt\u00e0 di Torino, Citta di Moncalieri, Fondazione per la Cultura Torino; partner Intesa Sanpaolo.<\/p>\n<p>Rai Cultura, Rai5 e Radio 3 si confermano anche quest\u2019anno Media Partner di Torinodanza.<\/p>\n<p>Il festival Torinodanza, nato nel 1987, \u00e8 organizzato dal 2009 dal Teatro Stabile di Torino \u2013 Teatro Nazionale.<\/p>\n<p><a href=\"http:\/\/www.torinodanzafestival.it\/wp-content\/uploads\/2021\/09\/01-CS-LHeure-Exquise-B\u00e9jart-Ferri-Jung-1.pdf\" target=\"_blank\" rel=\"noopener\">01_CS L&#8217;Heure Exquise B\u00e9jart Ferri Jung<\/a><\/p>\n<p><a href=\"http:\/\/www.torinodanzafestival.it\/wp-content\/uploads\/2021\/09\/02-cs-ALESSANDRA-FERRI-LHeure-Exquise-2ok.pdf\" target=\"_blank\" rel=\"noopener\">02_Comunicato a cura della Compagnia<\/a><\/p>\n<p><a href=\"https:\/\/www.youtube.com\/watch?v=XPgUhV8gff8\" target=\"_blank\" rel=\"noopener\">03_trailer<\/a><\/p>\n<div id='gallery-1' class='gallery galleryid-10553 gallery-columns-5 gallery-size-thumbnail'><figure class='gallery-item'>\n\t\t\t<div class='gallery-icon landscape'>\n\t\t\t\t<a href='http:\/\/www.torinodanzafestival.it\/wp-content\/uploads\/2021\/09\/Alessandra-Ferri-HiRes-\u00a9ASH.jpg'><img loading=\"lazy\" decoding=\"async\" width=\"150\" height=\"150\" src=\"http:\/\/www.torinodanzafestival.it\/wp-content\/uploads\/2021\/09\/Alessandra-Ferri-HiRes-\u00a9ASH-150x150.jpg\" class=\"attachment-thumbnail size-thumbnail\" alt=\"\" aria-describedby=\"gallery-1-10556\" srcset=\"http:\/\/www.torinodanzafestival.it\/wp-content\/uploads\/2021\/09\/Alessandra-Ferri-HiRes-\u00a9ASH-150x150.jpg 150w, http:\/\/www.torinodanzafestival.it\/wp-content\/uploads\/2021\/09\/Alessandra-Ferri-HiRes-\u00a9ASH-468x468.jpg 468w, http:\/\/www.torinodanzafestival.it\/wp-content\/uploads\/2021\/09\/Alessandra-Ferri-HiRes-\u00a9ASH-560x560.jpg 560w\" sizes=\"auto, (max-width: 150px) 100vw, 150px\" \/><\/a>\n\t\t\t<\/div>\n\t\t\t\t<figcaption class='wp-caption-text gallery-caption' id='gallery-1-10556'>\n\t\t\t\tAlessandra Ferri at Excelsior Studios, London on February 07 2021. Photo: Amber Hunt\n\t\t\t\t<\/figcaption><\/figure><figure class='gallery-item'>\n\t\t\t<div class='gallery-icon portrait'>\n\t\t\t\t<a href='http:\/\/www.torinodanzafestival.it\/wp-content\/uploads\/2021\/09\/Alessandra-Ferri-HiRes_\u00a9ASH_070221_0132.jpg'><img loading=\"lazy\" decoding=\"async\" width=\"150\" height=\"150\" src=\"http:\/\/www.torinodanzafestival.it\/wp-content\/uploads\/2021\/09\/Alessandra-Ferri-HiRes_\u00a9ASH_070221_0132-150x150.jpg\" class=\"attachment-thumbnail size-thumbnail\" alt=\"\" aria-describedby=\"gallery-1-10557\" srcset=\"http:\/\/www.torinodanzafestival.it\/wp-content\/uploads\/2021\/09\/Alessandra-Ferri-HiRes_\u00a9ASH_070221_0132-150x150.jpg 150w, http:\/\/www.torinodanzafestival.it\/wp-content\/uploads\/2021\/09\/Alessandra-Ferri-HiRes_\u00a9ASH_070221_0132-468x468.jpg 468w, http:\/\/www.torinodanzafestival.it\/wp-content\/uploads\/2021\/09\/Alessandra-Ferri-HiRes_\u00a9ASH_070221_0132-560x560.jpg 560w\" sizes=\"auto, (max-width: 150px) 100vw, 150px\" \/><\/a>\n\t\t\t<\/div>\n\t\t\t\t<figcaption class='wp-caption-text gallery-caption' id='gallery-1-10557'>\n\t\t\t\tAlessandra Ferri at Excelsior Studios, London on February 07 2021. Photo: Amber Hunt\n\t\t\t\t<\/figcaption><\/figure><figure class='gallery-item'>\n\t\t\t<div class='gallery-icon landscape'>\n\t\t\t\t<a href='http:\/\/www.torinodanzafestival.it\/wp-content\/uploads\/2021\/09\/Alessandra-Ferri-HiRes_\u00a9ASH_070221_0441.jpg'><img loading=\"lazy\" decoding=\"async\" width=\"150\" height=\"150\" src=\"http:\/\/www.torinodanzafestival.it\/wp-content\/uploads\/2021\/09\/Alessandra-Ferri-HiRes_\u00a9ASH_070221_0441-150x150.jpg\" class=\"attachment-thumbnail size-thumbnail\" alt=\"\" aria-describedby=\"gallery-1-10558\" srcset=\"http:\/\/www.torinodanzafestival.it\/wp-content\/uploads\/2021\/09\/Alessandra-Ferri-HiRes_\u00a9ASH_070221_0441-150x150.jpg 150w, http:\/\/www.torinodanzafestival.it\/wp-content\/uploads\/2021\/09\/Alessandra-Ferri-HiRes_\u00a9ASH_070221_0441-468x468.jpg 468w, http:\/\/www.torinodanzafestival.it\/wp-content\/uploads\/2021\/09\/Alessandra-Ferri-HiRes_\u00a9ASH_070221_0441-560x560.jpg 560w\" sizes=\"auto, (max-width: 150px) 100vw, 150px\" \/><\/a>\n\t\t\t<\/div>\n\t\t\t\t<figcaption class='wp-caption-text gallery-caption' id='gallery-1-10558'>\n\t\t\t\tAlessandra Ferri at Excelsior Studios, London on February 07 2021. Photo: Amber Hunt\n\t\t\t\t<\/figcaption><\/figure><figure class='gallery-item'>\n\t\t\t<div class='gallery-icon portrait'>\n\t\t\t\t<a href='http:\/\/www.torinodanzafestival.it\/wp-content\/uploads\/2021\/09\/Alessandra-Ferri-HiRes_\u00a9ASH_070221_1712.jpg'><img loading=\"lazy\" decoding=\"async\" width=\"150\" height=\"150\" src=\"http:\/\/www.torinodanzafestival.it\/wp-content\/uploads\/2021\/09\/Alessandra-Ferri-HiRes_\u00a9ASH_070221_1712-150x150.jpg\" class=\"attachment-thumbnail size-thumbnail\" alt=\"\" aria-describedby=\"gallery-1-10559\" srcset=\"http:\/\/www.torinodanzafestival.it\/wp-content\/uploads\/2021\/09\/Alessandra-Ferri-HiRes_\u00a9ASH_070221_1712-150x150.jpg 150w, http:\/\/www.torinodanzafestival.it\/wp-content\/uploads\/2021\/09\/Alessandra-Ferri-HiRes_\u00a9ASH_070221_1712-468x468.jpg 468w, http:\/\/www.torinodanzafestival.it\/wp-content\/uploads\/2021\/09\/Alessandra-Ferri-HiRes_\u00a9ASH_070221_1712-560x560.jpg 560w\" sizes=\"auto, (max-width: 150px) 100vw, 150px\" \/><\/a>\n\t\t\t<\/div>\n\t\t\t\t<figcaption class='wp-caption-text gallery-caption' id='gallery-1-10559'>\n\t\t\t\tAlessandra Ferri at Studio 17 at Excelsior, London on February 07 2021. Photo: Amber Hunt\n\t\t\t\t<\/figcaption><\/figure>\n\t\t<\/div>\n\n<div id='gallery-2' class='gallery galleryid-10553 gallery-columns-5 gallery-size-thumbnail'><figure class='gallery-item'>\n\t\t\t<div class='gallery-icon landscape'>\n\t\t\t\t<a href='http:\/\/www.torinodanzafestival.it\/wp-content\/uploads\/2021\/09\/L_Heure_Exquise-\u00a9-Silvia-Lelli_03giu2021_3774.jpg'><img loading=\"lazy\" decoding=\"async\" width=\"150\" height=\"150\" src=\"http:\/\/www.torinodanzafestival.it\/wp-content\/uploads\/2021\/09\/L_Heure_Exquise-\u00a9-Silvia-Lelli_03giu2021_3774-150x150.jpg\" class=\"attachment-thumbnail size-thumbnail\" alt=\"\" aria-describedby=\"gallery-2-10560\" srcset=\"http:\/\/www.torinodanzafestival.it\/wp-content\/uploads\/2021\/09\/L_Heure_Exquise-\u00a9-Silvia-Lelli_03giu2021_3774-150x150.jpg 150w, http:\/\/www.torinodanzafestival.it\/wp-content\/uploads\/2021\/09\/L_Heure_Exquise-\u00a9-Silvia-Lelli_03giu2021_3774-468x468.jpg 468w, http:\/\/www.torinodanzafestival.it\/wp-content\/uploads\/2021\/09\/L_Heure_Exquise-\u00a9-Silvia-Lelli_03giu2021_3774-560x560.jpg 560w\" sizes=\"auto, (max-width: 150px) 100vw, 150px\" \/><\/a>\n\t\t\t<\/div>\n\t\t\t\t<figcaption class='wp-caption-text gallery-caption' id='gallery-2-10560'>\n\t\t\t\tL_Heure_Exquise <br>\u00a9 Silvia Lelli\n\t\t\t\t<\/figcaption><\/figure><figure class='gallery-item'>\n\t\t\t<div class='gallery-icon landscape'>\n\t\t\t\t<a href='http:\/\/www.torinodanzafestival.it\/wp-content\/uploads\/2021\/09\/L_Heure_Exquise\u00a9-Silvia-Lelli_03giu2021_3601.jpg'><img loading=\"lazy\" decoding=\"async\" width=\"150\" height=\"150\" src=\"http:\/\/www.torinodanzafestival.it\/wp-content\/uploads\/2021\/09\/L_Heure_Exquise\u00a9-Silvia-Lelli_03giu2021_3601-150x150.jpg\" class=\"attachment-thumbnail size-thumbnail\" alt=\"\" aria-describedby=\"gallery-2-10561\" srcset=\"http:\/\/www.torinodanzafestival.it\/wp-content\/uploads\/2021\/09\/L_Heure_Exquise\u00a9-Silvia-Lelli_03giu2021_3601-150x150.jpg 150w, http:\/\/www.torinodanzafestival.it\/wp-content\/uploads\/2021\/09\/L_Heure_Exquise\u00a9-Silvia-Lelli_03giu2021_3601-468x468.jpg 468w, http:\/\/www.torinodanzafestival.it\/wp-content\/uploads\/2021\/09\/L_Heure_Exquise\u00a9-Silvia-Lelli_03giu2021_3601-560x560.jpg 560w, http:\/\/www.torinodanzafestival.it\/wp-content\/uploads\/2021\/09\/L_Heure_Exquise\u00a9-Silvia-Lelli_03giu2021_3601-266x266.jpg 266w, http:\/\/www.torinodanzafestival.it\/wp-content\/uploads\/2021\/09\/L_Heure_Exquise\u00a9-Silvia-Lelli_03giu2021_3601-220x220.jpg 220w\" sizes=\"auto, (max-width: 150px) 100vw, 150px\" \/><\/a>\n\t\t\t<\/div>\n\t\t\t\t<figcaption class='wp-caption-text gallery-caption' id='gallery-2-10561'>\n\t\t\t\tL_Heure_Exquise <br>\u00a9 Silvia Lelli\n\t\t\t\t<\/figcaption><\/figure><figure class='gallery-item'>\n\t\t\t<div class='gallery-icon portrait'>\n\t\t\t\t<a href='http:\/\/www.torinodanzafestival.it\/wp-content\/uploads\/2021\/09\/L_Heure_Exquise\u00a9-Silvia-Lelli_03giu2021_3665.jpg'><img loading=\"lazy\" decoding=\"async\" width=\"150\" height=\"150\" src=\"http:\/\/www.torinodanzafestival.it\/wp-content\/uploads\/2021\/09\/L_Heure_Exquise\u00a9-Silvia-Lelli_03giu2021_3665-150x150.jpg\" class=\"attachment-thumbnail size-thumbnail\" alt=\"\" aria-describedby=\"gallery-2-10562\" srcset=\"http:\/\/www.torinodanzafestival.it\/wp-content\/uploads\/2021\/09\/L_Heure_Exquise\u00a9-Silvia-Lelli_03giu2021_3665-150x150.jpg 150w, http:\/\/www.torinodanzafestival.it\/wp-content\/uploads\/2021\/09\/L_Heure_Exquise\u00a9-Silvia-Lelli_03giu2021_3665-468x468.jpg 468w, http:\/\/www.torinodanzafestival.it\/wp-content\/uploads\/2021\/09\/L_Heure_Exquise\u00a9-Silvia-Lelli_03giu2021_3665-560x560.jpg 560w\" sizes=\"auto, (max-width: 150px) 100vw, 150px\" \/><\/a>\n\t\t\t<\/div>\n\t\t\t\t<figcaption class='wp-caption-text gallery-caption' id='gallery-2-10562'>\n\t\t\t\tL_Heure_Exquise <br>\u00a9 Silvia Lelli\n\t\t\t\t<\/figcaption><\/figure><figure class='gallery-item'>\n\t\t\t<div class='gallery-icon landscape'>\n\t\t\t\t<a href='http:\/\/www.torinodanzafestival.it\/wp-content\/uploads\/2021\/09\/L_Heure_Exquise\u00a9-Silvia-Lelli_03giu2021_3732.jpg'><img loading=\"lazy\" decoding=\"async\" width=\"150\" height=\"150\" src=\"http:\/\/www.torinodanzafestival.it\/wp-content\/uploads\/2021\/09\/L_Heure_Exquise\u00a9-Silvia-Lelli_03giu2021_3732-150x150.jpg\" class=\"attachment-thumbnail size-thumbnail\" alt=\"\" aria-describedby=\"gallery-2-10563\" srcset=\"http:\/\/www.torinodanzafestival.it\/wp-content\/uploads\/2021\/09\/L_Heure_Exquise\u00a9-Silvia-Lelli_03giu2021_3732-150x150.jpg 150w, http:\/\/www.torinodanzafestival.it\/wp-content\/uploads\/2021\/09\/L_Heure_Exquise\u00a9-Silvia-Lelli_03giu2021_3732-468x468.jpg 468w, http:\/\/www.torinodanzafestival.it\/wp-content\/uploads\/2021\/09\/L_Heure_Exquise\u00a9-Silvia-Lelli_03giu2021_3732-560x560.jpg 560w, http:\/\/www.torinodanzafestival.it\/wp-content\/uploads\/2021\/09\/L_Heure_Exquise\u00a9-Silvia-Lelli_03giu2021_3732-266x266.jpg 266w\" sizes=\"auto, (max-width: 150px) 100vw, 150px\" \/><\/a>\n\t\t\t<\/div>\n\t\t\t\t<figcaption class='wp-caption-text gallery-caption' id='gallery-2-10563'>\n\t\t\t\tL_Heure_Exquise <br>\u00a9 Silvia Lelli\n\t\t\t\t<\/figcaption><\/figure><figure class='gallery-item'>\n\t\t\t<div class='gallery-icon portrait'>\n\t\t\t\t<a href='http:\/\/www.torinodanzafestival.it\/wp-content\/uploads\/2021\/09\/L_Heure_Exquise\u00a9-Silvia-Lelli_03giu2021_3814.jpg'><img loading=\"lazy\" decoding=\"async\" width=\"150\" height=\"150\" src=\"http:\/\/www.torinodanzafestival.it\/wp-content\/uploads\/2021\/09\/L_Heure_Exquise\u00a9-Silvia-Lelli_03giu2021_3814-150x150.jpg\" class=\"attachment-thumbnail size-thumbnail\" alt=\"\" aria-describedby=\"gallery-2-10564\" srcset=\"http:\/\/www.torinodanzafestival.it\/wp-content\/uploads\/2021\/09\/L_Heure_Exquise\u00a9-Silvia-Lelli_03giu2021_3814-150x150.jpg 150w, http:\/\/www.torinodanzafestival.it\/wp-content\/uploads\/2021\/09\/L_Heure_Exquise\u00a9-Silvia-Lelli_03giu2021_3814-468x468.jpg 468w, http:\/\/www.torinodanzafestival.it\/wp-content\/uploads\/2021\/09\/L_Heure_Exquise\u00a9-Silvia-Lelli_03giu2021_3814-560x560.jpg 560w\" sizes=\"auto, (max-width: 150px) 100vw, 150px\" \/><\/a>\n\t\t\t<\/div>\n\t\t\t\t<figcaption class='wp-caption-text gallery-caption' id='gallery-2-10564'>\n\t\t\t\tL_Heure_Exquise <br>\u00a9 Silvia Lelli\n\t\t\t\t<\/figcaption><\/figure><figure class='gallery-item'>\n\t\t\t<div class='gallery-icon landscape'>\n\t\t\t\t<a href='http:\/\/www.torinodanzafestival.it\/wp-content\/uploads\/2021\/09\/L_Heure_Exquise\u00a9-Silvia-Lelli_03giu2021_3859.jpg'><img loading=\"lazy\" decoding=\"async\" width=\"150\" height=\"150\" src=\"http:\/\/www.torinodanzafestival.it\/wp-content\/uploads\/2021\/09\/L_Heure_Exquise\u00a9-Silvia-Lelli_03giu2021_3859-150x150.jpg\" class=\"attachment-thumbnail size-thumbnail\" alt=\"\" aria-describedby=\"gallery-2-10565\" srcset=\"http:\/\/www.torinodanzafestival.it\/wp-content\/uploads\/2021\/09\/L_Heure_Exquise\u00a9-Silvia-Lelli_03giu2021_3859-150x150.jpg 150w, http:\/\/www.torinodanzafestival.it\/wp-content\/uploads\/2021\/09\/L_Heure_Exquise\u00a9-Silvia-Lelli_03giu2021_3859-468x468.jpg 468w, http:\/\/www.torinodanzafestival.it\/wp-content\/uploads\/2021\/09\/L_Heure_Exquise\u00a9-Silvia-Lelli_03giu2021_3859-560x560.jpg 560w\" sizes=\"auto, (max-width: 150px) 100vw, 150px\" \/><\/a>\n\t\t\t<\/div>\n\t\t\t\t<figcaption class='wp-caption-text gallery-caption' id='gallery-2-10565'>\n\t\t\t\tL_Heure_Exquise <br>\u00a9 Silvia Lelli\n\t\t\t\t<\/figcaption><\/figure>\n\t\t<\/div>\n\n<p>&nbsp;<\/p>\n","protected":false},"excerpt":{"rendered":"<p>Un gioiello coreografico novecentesco per celebrare 40 anni di carriera coreutica e onorare la storia del Torinodanza Festival. A 23 anni esatti dall\u2019edizione firmata dal&hellip;<\/p>\n","protected":false},"author":2,"featured_media":10561,"comment_status":"closed","ping_status":"open","sticky":false,"template":"","format":"standard","meta":{"_acf_changed":false,"footnotes":""},"categories":[100],"tags":[],"class_list":["post-10553","post","type-post","status-publish","format-standard","has-post-thumbnail","hentry","category-press_21"],"acf":[],"_links":{"self":[{"href":"http:\/\/www.torinodanzafestival.it\/index.php?rest_route=\/wp\/v2\/posts\/10553","targetHints":{"allow":["GET"]}}],"collection":[{"href":"http:\/\/www.torinodanzafestival.it\/index.php?rest_route=\/wp\/v2\/posts"}],"about":[{"href":"http:\/\/www.torinodanzafestival.it\/index.php?rest_route=\/wp\/v2\/types\/post"}],"author":[{"embeddable":true,"href":"http:\/\/www.torinodanzafestival.it\/index.php?rest_route=\/wp\/v2\/users\/2"}],"replies":[{"embeddable":true,"href":"http:\/\/www.torinodanzafestival.it\/index.php?rest_route=%2Fwp%2Fv2%2Fcomments&post=10553"}],"version-history":[{"count":5,"href":"http:\/\/www.torinodanzafestival.it\/index.php?rest_route=\/wp\/v2\/posts\/10553\/revisions"}],"predecessor-version":[{"id":10574,"href":"http:\/\/www.torinodanzafestival.it\/index.php?rest_route=\/wp\/v2\/posts\/10553\/revisions\/10574"}],"wp:featuredmedia":[{"embeddable":true,"href":"http:\/\/www.torinodanzafestival.it\/index.php?rest_route=\/wp\/v2\/media\/10561"}],"wp:attachment":[{"href":"http:\/\/www.torinodanzafestival.it\/index.php?rest_route=%2Fwp%2Fv2%2Fmedia&parent=10553"}],"wp:term":[{"taxonomy":"category","embeddable":true,"href":"http:\/\/www.torinodanzafestival.it\/index.php?rest_route=%2Fwp%2Fv2%2Fcategories&post=10553"},{"taxonomy":"post_tag","embeddable":true,"href":"http:\/\/www.torinodanzafestival.it\/index.php?rest_route=%2Fwp%2Fv2%2Ftags&post=10553"}],"curies":[{"name":"wp","href":"https:\/\/api.w.org\/{rel}","templated":true}]}}