{"id":10732,"date":"2021-10-05T09:10:26","date_gmt":"2021-10-05T09:10:26","guid":{"rendered":"http:\/\/10.0.1.180\/?p=10732"},"modified":"2021-11-12T10:44:55","modified_gmt":"2021-11-12T10:44:55","slug":"a-torinodanza-festival-lironia-e-la-leggerezza-di-silvia-gribaudi-con-monjour-in-prima-nazionalefonderie-limone-8-e-9-ottobre-2021","status":"publish","type":"post","link":"http:\/\/www.torinodanzafestival.it\/?p=10732","title":{"rendered":"A TORINODANZA FESTIVAL L\u2019IRONIA E LA LEGGEREZZA DI SILVIA GRIBAUDI CON \u201cMONJOUR\u201d IN PRIMA NAZIONALE<br>Fonderie Limone \u2013 8 e 9 ottobre 2021"},"content":{"rendered":"<p>Un cartoon contemporaneo fatto di corpi in carne ed ossa guidati\u00a0dall\u2019ironia e dalla leggerezza di una delle artiste di punta della nuova danza italiana. Dopo aver aperto l\u2019edizione 2020 con l\u2019evento inaugurale <em>Festa!<\/em>, la pluripremiata coreografa e performer <strong>Silvia Gribaudi<\/strong> torna al <strong>Torinodanza Festival<\/strong> con la <strong>prima nazionale<\/strong> di <strong>MONJOUR<\/strong>, in programma <strong>venerd\u00ec 8 <\/strong>e<strong> sabato 9 ottobre<\/strong>, alle 20.45, alle Fonderie Limone di Moncalieri. Artista apprezzata grazie al successo di lavori quali <em>R. OSA<\/em> e <em>Graces<\/em>, Gribaudi \u00e8 interprete di un\u2019originale danza umoristica \u00abche colpisce per guizzo creativo, capacit\u00e0 di scrittura e messa in gioco del rapporto interpersonale con gli spettatori\u00bb (ilmanifesto.it). Con <em>Monjour<\/em>, <strong>prodotto da Torinodanza<\/strong> insieme a Teatro Stabile del Veneto e Les Halles de Schaerbeek, conclude un percorso biennale condotto fra le valli di montagna e la citt\u00e0 nell\u2019ambito del progetto europeo Alcotra <strong>Corpo Links Cluster<\/strong>. Originariamente ispirato agli aneddoti e immaginari raccolti nel 2019 durante la prima residenza a Prali, in val Germanasca, il concept della nuova creazione indaga il rapporto tra corpo e comicit\u00e0, tra disegno ed estetica, che si attiva nel reciproco scambio tra spettatore e artista. Realizzato con la consulenza drammaturgica di <strong>Matteo Maffesanti<\/strong>, le illustrazioni pop di <strong>Francesca Ghermandi<\/strong>, le luci di <strong>Leonardo Benetollo<\/strong> e le musiche di <strong>Nicola Ratti<\/strong> abbinate a quelle di <strong>Gioachino Rossini<\/strong>, lo spettacolo vede protagonisti accanto a <strong>Silvia Gribaudi<\/strong> cinque funambolici performer: <strong>Salvatore Cappello<\/strong>, <strong>Nicola Simone Cisternino<\/strong>, <strong>Riccardo Guratti<\/strong>, <strong>Fabio Magnani<\/strong> e <strong>Timothe\u0301e-Ai\u0308na Meiffren<\/strong>.<\/p>\n<p><em>\u00ab<\/em>Monjour <em>\u00e8 una lente di ingrandimento sull\u2019interdipendenza <\/em><em>tra pubblico e performer<\/em> \u2013 racconta Silvia Gribaudi \u2013. <em>Nello spettacolo si replica una costante dedica: \u201cIt is for you!\u201d, \u00e8 per te ogni azione, ogni celebrazione, anche quando c\u2019\u00e8 silenzio o il ritmo della relazione subisce distanze forzate. Nel silenzio fanno eco queste parole che contengono alcuni dei molti interrogativi che hanno mosso la ricerca artistica: quale verit\u00e0 \u00e8 contenuta nel donarsi dei performer davanti al pubblico? Quanto \u00e8 reciproca l\u2019azione e quali sono le disparit\u00e0 di potere in campo? Quale necessit\u00e0 lega spettatori e performer e, su un livello ancor pi\u00f9 generale, quale responsabilit\u00e0 ci prendiamo tutti per continuare ad esistere insieme<\/em><em>?\u00bb.<\/em><\/p>\n<p>Sul palco un attore\/clown, due acrobati circensi e due danzatori dialogano con la coreografa in platea, destrutturando e ricostruendo con abile virtuosismo le immagini che il pubblico vede durante la performance. Scompaginando l\u2019ordine e i ruoli di artisti e regista, questa interdipendenza diventa un urlo che mette al centro la fragilit\u00e0 umana come punto di forza, la fallibilit\u00e0 come potere rivoluzionario. Si compie cos\u00ec un rito collettivo fatto di partecipazione, momenti di condivisione e gesti offerti dentro e fuori la scena che celebra il senso stesso del teatro: la necessit\u00e0 di esistere attraverso l\u2019insopprimibile relazione con l\u2019altro.<\/p>\n<p><strong>Silvia Gribaudi<\/strong> \u00e8 una coreografa attiva nelle arti performative. Dal 2004 focalizza la propria ricerca artistica sull\u2019impatto sociale del corpo, mettendo al centro del suo linguaggio la comicit\u00e0 e la relazione tra spettatore e performer. Insignita del Premio Hystrio \u2013 Corpo a Corpo 2021, si \u00e8 fatta conoscere con lavori come <em>A corpo libero<\/em> (Premio Giovane Danza d\u2019Autore, 2009), <em> OSA_10 esercizi per nuovi virtuosismi <\/em>(finalista Premio UBU come Miglior spettacolo di danza e finalista Premio Rete Critica, 2017) e <em>Graces<\/em> (Premio Danza&amp;Danza come Miglior produzione italiana, 2019). Ha partecipato a numerosi progetti artistici di ricerca quali \u201cChoreoroam\u201d (2011), \u201cTriptych\u201d (2013) e \u201cAct your age\u201d (2014), progetto europeo sull\u2019invecchiamento attivo attraverso l\u2019arte della danza, da cui sono nati la performance <em>What age are you acting?<\/em> e il progetto territoriale \u201cOver 60\u201d. E ancora \u201cPerforming Gender\u201d (2015) e \u201cCorpo Links Cluster\u201d (2019-2020), in cui la relazione tra danza, montagna e comunit\u00e0 montana ha dato vita al percorso site specific <em>Trekking<\/em> <em>coreografico<\/em> e allo spettacolo <em>Monjour<\/em>. Nel 2021 \u00e8 coreografa ospite per \u201cDanser Encore, 30 solos pour 30 danseurs\u201d all\u2019Op\u00e9ra National de Lyon e viene selezionata dal network internazionale Big Pulse Dance Alliance.<\/p>\n<p>&nbsp;<\/p>\n<p><strong>TORINODANZA | I PARTNER<\/strong><\/p>\n<p>Torinodanza 2021 \u00e8 un progetto realizzato da Torinodanza Festival\/Teatro Stabile di Torino \u2013 Teatro Nazionale, maggior sostenitore Fondazione Compagnia di San Paolo, con il sostegno di Ministero della Cultura, Regione Piemonte, Citt\u00e0 di Torino, Citta di Moncalieri, Fondazione per la Cultura Torino; partner Intesa Sanpaolo.<\/p>\n<p>Rai Cultura, Rai5 e Radio 3 si confermano anche quest\u2019anno Media Partner di Torinodanza.<\/p>\n<p>Il festival Torinodanza, nato nel 1987, \u00e8 organizzato dal 2009 dal Teatro Stabile di Torino \u2013 Teatro Nazionale.<\/p>\n<p>&nbsp;<\/p>\n<p><a href=\"http:\/\/www.torinodanzafestival.it\/wp-content\/uploads\/2021\/10\/01_CS-Monjour_Silvia-Gribaudi.pdf\" target=\"_blank\" rel=\"noopener\">01_CS Monjour_Silvia Gribaudi<\/a><\/p>\n<p><a href=\"http:\/\/www.torinodanzafestival.it\/wp-content\/uploads\/2021\/10\/02_Dossier_MONJOUR_Silvia-Gribaudi.pdf\" target=\"_blank\" rel=\"noopener\">02_Dossier_MONJOUR_Silvia Gribaudi<\/a><\/p>\n<p>&nbsp;<\/p>\n<p>&nbsp;<\/p>\n<div id='gallery-1' class='gallery galleryid-10732 gallery-columns-5 gallery-size-thumbnail'><figure class='gallery-item'>\n\t\t\t<div class='gallery-icon landscape'>\n\t\t\t\t<a href='http:\/\/www.torinodanzafestival.it\/wp-content\/uploads\/2021\/10\/MONJOR-@Antonio-Ficai4.jpg'><img loading=\"lazy\" decoding=\"async\" width=\"150\" height=\"150\" src=\"http:\/\/www.torinodanzafestival.it\/wp-content\/uploads\/2021\/10\/MONJOR-@Antonio-Ficai4-150x150.jpg\" class=\"attachment-thumbnail size-thumbnail\" alt=\"\" srcset=\"http:\/\/www.torinodanzafestival.it\/wp-content\/uploads\/2021\/10\/MONJOR-@Antonio-Ficai4-150x150.jpg 150w, http:\/\/www.torinodanzafestival.it\/wp-content\/uploads\/2021\/10\/MONJOR-@Antonio-Ficai4-468x468.jpg 468w, http:\/\/www.torinodanzafestival.it\/wp-content\/uploads\/2021\/10\/MONJOR-@Antonio-Ficai4-560x560.jpg 560w\" sizes=\"auto, (max-width: 150px) 100vw, 150px\" \/><\/a>\n\t\t\t<\/div><\/figure><figure class='gallery-item'>\n\t\t\t<div class='gallery-icon landscape'>\n\t\t\t\t<a href='http:\/\/www.torinodanzafestival.it\/wp-content\/uploads\/2021\/10\/MONJOUR-principale-@Antonio-Ficai.jpg'><img loading=\"lazy\" decoding=\"async\" width=\"150\" height=\"150\" src=\"http:\/\/www.torinodanzafestival.it\/wp-content\/uploads\/2021\/10\/MONJOUR-principale-@Antonio-Ficai-150x150.jpg\" class=\"attachment-thumbnail size-thumbnail\" alt=\"\" srcset=\"http:\/\/www.torinodanzafestival.it\/wp-content\/uploads\/2021\/10\/MONJOUR-principale-@Antonio-Ficai-150x150.jpg 150w, http:\/\/www.torinodanzafestival.it\/wp-content\/uploads\/2021\/10\/MONJOUR-principale-@Antonio-Ficai-468x468.jpg 468w, http:\/\/www.torinodanzafestival.it\/wp-content\/uploads\/2021\/10\/MONJOUR-principale-@Antonio-Ficai-560x560.jpg 560w\" sizes=\"auto, (max-width: 150px) 100vw, 150px\" \/><\/a>\n\t\t\t<\/div><\/figure><figure class='gallery-item'>\n\t\t\t<div class='gallery-icon landscape'>\n\t\t\t\t<a href='http:\/\/www.torinodanzafestival.it\/wp-content\/uploads\/2021\/10\/MONJOUR-@Antonio-Ficai.jpg'><img loading=\"lazy\" decoding=\"async\" width=\"150\" height=\"150\" src=\"http:\/\/www.torinodanzafestival.it\/wp-content\/uploads\/2021\/10\/MONJOUR-@Antonio-Ficai-150x150.jpg\" class=\"attachment-thumbnail size-thumbnail\" alt=\"\" srcset=\"http:\/\/www.torinodanzafestival.it\/wp-content\/uploads\/2021\/10\/MONJOUR-@Antonio-Ficai-150x150.jpg 150w, http:\/\/www.torinodanzafestival.it\/wp-content\/uploads\/2021\/10\/MONJOUR-@Antonio-Ficai-468x468.jpg 468w, http:\/\/www.torinodanzafestival.it\/wp-content\/uploads\/2021\/10\/MONJOUR-@Antonio-Ficai-560x560.jpg 560w\" sizes=\"auto, (max-width: 150px) 100vw, 150px\" \/><\/a>\n\t\t\t<\/div><\/figure><figure class='gallery-item'>\n\t\t\t<div class='gallery-icon landscape'>\n\t\t\t\t<a href='http:\/\/www.torinodanzafestival.it\/wp-content\/uploads\/2021\/10\/MONJOUR-@Antonio-Ficai2.jpg'><img loading=\"lazy\" decoding=\"async\" width=\"150\" height=\"150\" src=\"http:\/\/www.torinodanzafestival.it\/wp-content\/uploads\/2021\/10\/MONJOUR-@Antonio-Ficai2-150x150.jpg\" class=\"attachment-thumbnail size-thumbnail\" alt=\"\" srcset=\"http:\/\/www.torinodanzafestival.it\/wp-content\/uploads\/2021\/10\/MONJOUR-@Antonio-Ficai2-150x150.jpg 150w, http:\/\/www.torinodanzafestival.it\/wp-content\/uploads\/2021\/10\/MONJOUR-@Antonio-Ficai2-468x468.jpg 468w, http:\/\/www.torinodanzafestival.it\/wp-content\/uploads\/2021\/10\/MONJOUR-@Antonio-Ficai2-560x560.jpg 560w, http:\/\/www.torinodanzafestival.it\/wp-content\/uploads\/2021\/10\/MONJOUR-@Antonio-Ficai2-266x266.jpg 266w, http:\/\/www.torinodanzafestival.it\/wp-content\/uploads\/2021\/10\/MONJOUR-@Antonio-Ficai2-220x220.jpg 220w\" sizes=\"auto, (max-width: 150px) 100vw, 150px\" \/><\/a>\n\t\t\t<\/div><\/figure><figure class='gallery-item'>\n\t\t\t<div class='gallery-icon landscape'>\n\t\t\t\t<a href='http:\/\/www.torinodanzafestival.it\/wp-content\/uploads\/2021\/10\/MONJOUR-@Antonio-Ficai3.jpg'><img loading=\"lazy\" decoding=\"async\" width=\"150\" height=\"150\" src=\"http:\/\/www.torinodanzafestival.it\/wp-content\/uploads\/2021\/10\/MONJOUR-@Antonio-Ficai3-150x150.jpg\" class=\"attachment-thumbnail size-thumbnail\" alt=\"\" srcset=\"http:\/\/www.torinodanzafestival.it\/wp-content\/uploads\/2021\/10\/MONJOUR-@Antonio-Ficai3-150x150.jpg 150w, http:\/\/www.torinodanzafestival.it\/wp-content\/uploads\/2021\/10\/MONJOUR-@Antonio-Ficai3-468x468.jpg 468w, http:\/\/www.torinodanzafestival.it\/wp-content\/uploads\/2021\/10\/MONJOUR-@Antonio-Ficai3-560x560.jpg 560w\" sizes=\"auto, (max-width: 150px) 100vw, 150px\" \/><\/a>\n\t\t\t<\/div><\/figure>\n\t\t<\/div>\n\n","protected":false},"excerpt":{"rendered":"<p>Un cartoon contemporaneo fatto di corpi in carne ed ossa guidati\u00a0dall\u2019ironia e dalla leggerezza di una delle artiste di punta della nuova danza italiana. Dopo&hellip;<\/p>\n","protected":false},"author":2,"featured_media":10738,"comment_status":"closed","ping_status":"open","sticky":false,"template":"","format":"standard","meta":{"_acf_changed":false,"footnotes":""},"categories":[100],"tags":[],"class_list":["post-10732","post","type-post","status-publish","format-standard","has-post-thumbnail","hentry","category-press_21"],"acf":[],"_links":{"self":[{"href":"http:\/\/www.torinodanzafestival.it\/index.php?rest_route=\/wp\/v2\/posts\/10732","targetHints":{"allow":["GET"]}}],"collection":[{"href":"http:\/\/www.torinodanzafestival.it\/index.php?rest_route=\/wp\/v2\/posts"}],"about":[{"href":"http:\/\/www.torinodanzafestival.it\/index.php?rest_route=\/wp\/v2\/types\/post"}],"author":[{"embeddable":true,"href":"http:\/\/www.torinodanzafestival.it\/index.php?rest_route=\/wp\/v2\/users\/2"}],"replies":[{"embeddable":true,"href":"http:\/\/www.torinodanzafestival.it\/index.php?rest_route=%2Fwp%2Fv2%2Fcomments&post=10732"}],"version-history":[{"count":2,"href":"http:\/\/www.torinodanzafestival.it\/index.php?rest_route=\/wp\/v2\/posts\/10732\/revisions"}],"predecessor-version":[{"id":10848,"href":"http:\/\/www.torinodanzafestival.it\/index.php?rest_route=\/wp\/v2\/posts\/10732\/revisions\/10848"}],"wp:featuredmedia":[{"embeddable":true,"href":"http:\/\/www.torinodanzafestival.it\/index.php?rest_route=\/wp\/v2\/media\/10738"}],"wp:attachment":[{"href":"http:\/\/www.torinodanzafestival.it\/index.php?rest_route=%2Fwp%2Fv2%2Fmedia&parent=10732"}],"wp:term":[{"taxonomy":"category","embeddable":true,"href":"http:\/\/www.torinodanzafestival.it\/index.php?rest_route=%2Fwp%2Fv2%2Fcategories&post=10732"},{"taxonomy":"post_tag","embeddable":true,"href":"http:\/\/www.torinodanzafestival.it\/index.php?rest_route=%2Fwp%2Fv2%2Ftags&post=10732"}],"curies":[{"name":"wp","href":"https:\/\/api.w.org\/{rel}","templated":true}]}}