{"id":10873,"date":"2022-01-21T09:50:09","date_gmt":"2022-01-21T09:50:09","guid":{"rendered":"http:\/\/10.0.1.180\/?p=10873"},"modified":"2022-01-21T13:22:54","modified_gmt":"2022-01-21T13:22:54","slug":"neighbours-una-coproduzione-di-torinodanza-festival-con-sadlers-wells-in-residenza-alla-lavanderia-a-vapore","status":"publish","type":"post","link":"http:\/\/www.torinodanzafestival.it\/?p=10873","title":{"rendered":"Neighbours, una produzione Sadler\u2019s Wells  in coproduzione con Torinodanza Festival, in residenza alla Lavanderia a Vapore"},"content":{"rendered":"<h3><strong>Neighbours<\/strong><br \/>\n<span style=\"color: #333333;\">Brigel Gjoka, Rauf \u201cRubberLegz\u201d Yasit &amp; Ru\u015fan Filiztek<\/span><br \/>\n<span style=\"color: #333333;\">creato in collaborazione con William Forsythe<\/span><\/h3>\n<p>Brigel Gjoka &amp; Rauf \u00a0\u201cRubberlegz\u201d Yasit sono interpreti e autori, in collaborazione con William Forsythe, dello spettacolo <i>Neighbours,<\/i> una coproduzione di Torinodanza Festival, che verr\u00e0 presentato in prima nazionale nella prossima edizione. Due artisti particolari nella loro unicit\u00e0 fisica e di stile, tanto da aver colpito l\u2019interesse del grande coreografo americano. Questa creazione si presenta come fortemente sperimentale, radicale, e mira a realizzare un nuovo linguaggio coreografico, prendendo come punto di partenza diverse tecniche di danza unitamente ai patrimoni culturali dei due artisti. Lo spettacolo prover\u00e0 in residenza alla <a href=\"https:\/\/www.lavanderiaavapore.eu\/\" target=\"_blank\" rel=\"noopener\">Lavanderia a Vapore\/ Centro di residenza per la danza<\/a> dal 24 al 29 gennaio 2022. <i>Neighbours <\/i>\u00e8 prodotto da Sadler\u2019s Wells con il sostegno di Dance Reflections by Van Cleef &amp; Arpels.<\/p>\n<p><span style=\"color: #808080;\">Coprodotto con PACT Zollverein Essen, P\u00f4le europ\u00e9en de cr\u00e9ation &#8211; Minist\u00e8re de la Culture\/Maison de la Danse Lyon, Biennale de la danse de Lyon 2021, Cndc Angers, TAP \u2013 Th\u00e9\u00e2tre Auditorium de Poitiers, Sydney Festival, Festival d\u2019Automne \u00e0 Paris; Chaillot \u2013 Th\u00e9\u00e2tre National de la danse, La Filature, Sc\u00e8ne nationale de Mulhouse, Julidans Amsterdam, Th\u00e9\u00e2tre de Li\u00e8ge, MC2: Maison de la Culture de Grenoble, Teatro municipal do Porto, KDF \/ Kalamata Dance Festival, Torinodanza Festival \/ Teatro Stabile di Torino &#8211; Teatro Nazionale e Centre Chor\u00e9graphique National de Caen en Normandie.<\/span><b> <\/b><\/p>\n","protected":false},"excerpt":{"rendered":"<p>Lo spettacolo prover\u00e0 in residenza alla Lavanderia a Vapore\/ Centro di residenza per la danza dal 24 al 29 gennaio 2022. Neighbours \u00e8 prodotto da Sadler\u2019s Wells con il sostegno di Dance Reflections by Van Cleef &#038; Arpels.<\/p>\n","protected":false},"author":1,"featured_media":10874,"comment_status":"closed","ping_status":"open","sticky":false,"template":"","format":"standard","meta":{"_acf_changed":false,"footnotes":""},"categories":[1],"tags":[],"class_list":["post-10873","post","type-post","status-publish","format-standard","has-post-thumbnail","hentry","category-news"],"acf":[],"_links":{"self":[{"href":"http:\/\/www.torinodanzafestival.it\/index.php?rest_route=\/wp\/v2\/posts\/10873","targetHints":{"allow":["GET"]}}],"collection":[{"href":"http:\/\/www.torinodanzafestival.it\/index.php?rest_route=\/wp\/v2\/posts"}],"about":[{"href":"http:\/\/www.torinodanzafestival.it\/index.php?rest_route=\/wp\/v2\/types\/post"}],"author":[{"embeddable":true,"href":"http:\/\/www.torinodanzafestival.it\/index.php?rest_route=\/wp\/v2\/users\/1"}],"replies":[{"embeddable":true,"href":"http:\/\/www.torinodanzafestival.it\/index.php?rest_route=%2Fwp%2Fv2%2Fcomments&post=10873"}],"version-history":[{"count":8,"href":"http:\/\/www.torinodanzafestival.it\/index.php?rest_route=\/wp\/v2\/posts\/10873\/revisions"}],"predecessor-version":[{"id":10897,"href":"http:\/\/www.torinodanzafestival.it\/index.php?rest_route=\/wp\/v2\/posts\/10873\/revisions\/10897"}],"wp:featuredmedia":[{"embeddable":true,"href":"http:\/\/www.torinodanzafestival.it\/index.php?rest_route=\/wp\/v2\/media\/10874"}],"wp:attachment":[{"href":"http:\/\/www.torinodanzafestival.it\/index.php?rest_route=%2Fwp%2Fv2%2Fmedia&parent=10873"}],"wp:term":[{"taxonomy":"category","embeddable":true,"href":"http:\/\/www.torinodanzafestival.it\/index.php?rest_route=%2Fwp%2Fv2%2Fcategories&post=10873"},{"taxonomy":"post_tag","embeddable":true,"href":"http:\/\/www.torinodanzafestival.it\/index.php?rest_route=%2Fwp%2Fv2%2Ftags&post=10873"}],"curies":[{"name":"wp","href":"https:\/\/api.w.org\/{rel}","templated":true}]}}