{"id":11115,"date":"2022-05-26T13:51:51","date_gmt":"2022-05-26T13:51:51","guid":{"rendered":"http:\/\/10.0.1.180\/?p=11115"},"modified":"2022-07-26T10:27:38","modified_gmt":"2022-07-26T10:27:38","slug":"torinodanza-festival-2022","status":"publish","type":"post","link":"http:\/\/www.torinodanzafestival.it\/?p=11115","title":{"rendered":"TORINODANZA FESTIVAL 2022"},"content":{"rendered":"<p><strong>32 rappresentazioni, 13 prime nazionali, <\/strong><strong>5 coproduzioni, 14 compagnie con artisti provenienti da 16 Paesi<\/strong>: Albania, Belgio, Burkina Faso, Corea, Francia, Giappone, Israele, Italia, Mali, Norvegia, Polonia, Regno Unito, Senegal, Stati Uniti, Sudafrica, Turchia. Questi i numeri dell\u2019edizione 2022 di <strong>Torinodanza Festival<\/strong> \u2013 rassegna diretta da <strong>Anna Cremonini<\/strong> e realizzata dal <strong>Teatro Stabile di Torino &#8211; Teatro Nazionale<\/strong> \u2013 che, restando fedele alla sua vocazione internazionale, <strong>dal 9 settembre al 26 ottobre<\/strong> <strong>2022 <\/strong>porter\u00e0 a Torino i maggiori coreografi contemporanei.<\/p>\n<p>\u00abAmpliare i confini \u2013 dichiara <strong>Anna Cremonini<\/strong>, Direttrice artistica di Torinodanza Festival \u2013, dare spazio alla creativit\u00e0 emergente, mantenere la vocazione internazionale, favorire i ritorni dei maestri della scena, sostenere la produzione italiana: sono queste le strade lungo cui ci avventuriamo per affrontare la programmazione di quest\u2019anno. Si tratta di percorsi intrecciati che hanno come denominatore comune l\u2019attenzione a forme, temi, ricerca, affinch\u00e9 il Festival mantenga la complessit\u00e0 di pensiero che contribuisce ad elevare lo spirito e formare le coscienze. Quest\u2019anno Torinodanza allarga la geografia della proposta di spettacoli, presentando alcuni artisti ancora inediti per la nostra manifestazione, compiendo un viaggio attraverso la complessit\u00e0 della produzione artistica contemporanea, per creare un corto circuito tra emozioni, linguaggi e pensieri che concorrono a dare un\u2019interpretazione condivisa del nostro presente\u00bb.<\/p>\n<p>Damien Jalet, Hofesh Shechter, Emanuel Gat, Alan Lucien \u00d8yen, Salia Sanou, Gregory Maqoma, Amala Dianor, Brigel Gjoka e Rauf \u201cRubberLegz\u201d Yasit con William Forsythe, Eun-Me Ahn, Christian Rizzo saranno i protagonisti internazionali della rassegna che insieme ad Ambra Senatore, Cristina Kristal Rizzo e ai talenti italiani emergenti Adriano Bolognino, Damiano Ottavio Bigi e Alessandra Paoletti comporranno il programma di Torinodanza 2022.<\/p>\n<p><strong>\u00a0<\/strong><strong>L\u2019inaugurazione dell\u2019edizione 2022<\/strong>, in programma il <strong>9 settembre<\/strong> alle ore 20.45, alle Fonderie Limone di Moncalieri, sar\u00e0 affidata a <strong>Damien Jalet<\/strong>, artista franco-belga (gi\u00e0 autore delle coreografie dell\u2019ultimo show di Madonna e del film <em>Suspiria<\/em> di Luca Guadagnino), che presenta in prima nazionale <strong><em>Vessel<\/em><\/strong>, una produzione realizzata con un cast giapponese e in collaborazione con l\u2019artista visivo, sempre giapponese, <strong>Kohei<\/strong> <strong>Nawa<\/strong>. Uno spettacolo rigoroso e plastico che vuole figurare una possibile fusione con la natura. Partendo da visioni arcaiche che evocano le sculture antiche prive di teste e arti, i corpi perduti dentro un\u2019arca che ricorda un\u2019imbarcazione o un\u2019isola compiono una metamorfosi silenziosa come materia plasmata tra lo stato solido e liquido. Replica il 10 settembre.<\/p>\n<p>Attraverso il lavoro di tre artisti il Festival inizier\u00e0 ad esplorare l\u2019Africa: <strong>Salia Sanou<\/strong> originario del Burkina Faso, il sudafricano <strong>Gregory Maqoma<\/strong> e il senegalese <strong>Amala Dianor<\/strong>. Salia Sanou, artista impegnato e militante nella difesa dei diritti civili delle minoranze, porta in scena <strong><em>D\u2019un r\u00eave<\/em><\/strong><em>,<\/em> uno spettacolo in forma di musical, un racconto epico della storia del corpo nero che, grazie all\u2019intreccio tra danza, canto e musica, diventa una storia di riscatto attraverso la cultura pop africana (Fonderie Limone Moncalieri, 13 \u2013 14 settembre, ore 20.45, prima nazionale). Danzatore e coreografo di lunga e articolata esperienza, <strong>Gregory Maqoma<\/strong> presenta <strong><em>Broken Chord<\/em><\/strong><em>,<\/em> uno spettacolo che lo impegna in un duello musicale eseguito live dal coro <strong>Torino Vocalensemble<\/strong>, per citare la storia stessa del Sudafrica e delle sue tradizioni musicali, riflettendo sulle urgenti questioni globali di confini, migrazioni e identit\u00e0 (Fonderie Limone Moncalieri, 27 \u2013 28 settembre, ore 20.45, prima nazionale).<\/p>\n<p><strong>Amala Dianor<\/strong> porta invece in scena la nuova generazione di artisti africani trasmigrati in Europa. Residente in Francia, titolare di una propria compagnia, artista associato alla Maison de la Danse de Lyon, interpreta le contaminazioni tra stili e modalit\u00e0 produttive occidentali con le tradizioni e le contraddizioni del Sud del mondo. Emblematico esempio di questa sua ricerca \u00e8 lo spettacolo <strong><em>Siguifin<\/em><\/strong> che verr\u00e0 presentato in prima nazionale: una creazione collettiva con i giovani coreografi Alioune Diagne, Naomi Fall, Jain Souleymane Kon\u00e9 e nove danzatori provenienti da Burkina Faso, Mali e Senegal (Fonderie Limone \u2013 Sala Grande, 13 \u2013 14 ottobre, ore 20.45, prima nazionale). A questo affresco di gruppo, che raccoglie le migliori energie del panorama giovanile dell\u2019Africa occidentale, si affiancheranno il solo <strong><em>Man Rec<\/em><\/strong>, una creazione, interpretata dallo stesso Amala Dianor, che propone un dialogo tra le sue molteplici origini: la danza urbana, la danza contemporanea e la danza africana (Fonderie Limone \u2013 Sala Piccola, 13 \u2013 14 ottobre, ore 22.15, prima nazionale). Questo assolo \u00e8 stato poi trasmesso ad una danzatrice che lo ha tradotto al femminile in maniera libera e fluida, con la pi\u00f9 pura intelligenza cinetica: cos\u00ec \u00e8 nato <strong><em>Wo-Man<\/em><\/strong> che verr\u00e0 presentato insieme a <strong><em>Point Z\u00e9ro<\/em><\/strong>, un trio che vedr\u00e0 in scena lo stesso coreografo (Fonderie Limone \u2013 Sala Grande, 15 ottobre, ore 20.45, prima nazionale). Amala Dianor \u00e8 un artista selezionato da <strong>Big Pulse Dance Alliance (BPDA)<\/strong> \u2013 network di 12 istituzioni di danza e festival europei di cui Torinodanza \u00e8 l\u2019unico partner italiano, e sar\u00e0 protagonista a Torino di un evento <em>local<\/em> <em>pulse<\/em> che coinvolger\u00e0 un gruppo nutrito di artisti del territorio.<\/p>\n<p>Oltre al gi\u00e0 citato artista senegalese Amala Dianor, che appartiene alla nuova generazione di africani cresciuti in Francia, citiamo con particolare piacere il duo composto da <strong>Brigel Gjoka<\/strong> e <strong>Rauf \u201cRubberLegz\u201d<\/strong> <strong>Yasit<\/strong>, due danzatori\/coreografi che con la collaborazione di <strong>William Forsythe<\/strong>, accompagnati dal musicista turco <strong>Ru\u015fan Filiztek<\/strong> realizzano <strong><em>Neighbours<\/em><\/strong>, uno spettacolo di gusto minimalista e di forte portata sperimentale. Unendo le loro diverse esperienze e specificit\u00e0, Gjoka e Yasit indagano il punto in cui il s\u00e9 si dissolve ed emerge l&#8217;esperienza condivisa: due corpi in movimento diventano uno e una nuova forma emerge tra tecnica classica e urbana (Fonderie Limone Moncalieri, 16 \u2013 17 settembre, ore 20.45, prima nazionale).<\/p>\n<p>Dalla Corea arriva invece, per la prima volta a Torino, la coreografa <strong>Eun-Me Ahn<\/strong> con lo spettacolo <strong><em>Dragons<\/em><\/strong>, cio\u00e8 \u201cil drago\u201d, quella creatura mitica le cui forme e significati hanno fluttuato nel tempo, seguendo i capricci e le svolte generazionali della civilt\u00e0 umana. Il mito arcaico del drago viene esplorato insieme a sette giovanissimi danzatori nati nell\u2019anno 2000, la cosiddetta Generazione Z. (Fonderie Limone Moncalieri, 7 \u2013 8 ottobre, ore 20.45, prima nazionale).<\/p>\n<p>Oltre alle digressioni transcontinentali, anche quest\u2019anno Torinodanza presenta uno spaccato intenso della coreografia europea. Di <strong>Alan Lucien \u00d8yen<\/strong>, artista norvegese, noto soprattutto per la creazione nel 2018 di uno spettacolo per Tanztheater Wuppertal Pina Bausch, andr\u00e0 in scena <strong><em>Story, Story, Die<\/em><\/strong> un affresco generazionale incarnato dai sette danzatori in scena. Cosmopolita per vocazione, Alan Lucien \u00d8yen alterna le forme di danza e teatro senza soluzioni di stile. Una fusione semantica che segna anche lo spettacolo che sar\u00e0 presentato al Festival (Fonderie Limone Moncalieri, 25 \u2013 26 ottobre, ore 20.45, prima nazionale).<\/p>\n<p><strong>Emanuel Gat<\/strong>, coreografo israeliano installato da anni in Francia, sar\u00e0 a Torino con <strong><em>LoveTrain2020<\/em><\/strong>: un musical contemporaneo sulle note del gruppo britannico Tears for Fears, un&#8217;ode coreografica al suono e alle vibrazioni degli anni \u201980 (Fonderie Limone Moncalieri, 23 \u2013 24 settembre, ore 20.45).<\/p>\n<p>Per la prima volta al Festival sar\u00e0 anche <strong>Christian Rizzo<\/strong>, artista francese con una forte identit\u00e0 visiva che propone <strong><em>En son lieu<\/em><\/strong>, un assolo molto particolare in cui il danzatore breakdancer Nicolas Fayol ricerca un dialogo con la Natura (Teatro Astra, 5 \u2013 6 ottobre, ore 20.45, prima nazionale).<\/p>\n<p>Il Festival 2022 segna anche il ritorno di <strong>Hofesh Shechter<\/strong> con lo spettacolo <strong><em>Contemporary Dance 2.0<\/em><\/strong>, realizzato con la sua compagine giovanile, in cui esprime tutta l\u2019energia e la potenza che caratterizza la sua storia coreografica (Fonderie Limone Moncalieri, 21 \u2013 22 ottobre, ore 20.45).<\/p>\n<p>Anche quest\u2019anno il Festival sostiene significativamente la produzione italiana, ritenendo doveroso e necessario che anche gli artisti italiani abbiano un posto di rilievo all\u2019interno di una programmazione internazionale, per dare loro prestigio, opportunit\u00e0 di crescita artistica e ampliamento del mercato. Il Festival proporr\u00e0 il nuovo spettacolo di <strong>Damiano Ottavio Bigi<\/strong>, gi\u00e0 danzatore con Pina Bausch e performer con Dimitris Papaioannou, che si cimenta in una coreografia di cui \u00e8 anche interprete insieme a <strong>\u0141ukasz Przytarski<\/strong> (anch\u2019egli tra i protagonisti di <em>Transverse Orientation<\/em>) dal titolo <strong><em>Un discreto protagonista <\/em><\/strong>(Fonderie Limone Moncalieri \u2013 Sala Piccola, 16 settembre, ore 22.15 e 17 settembre, ore 19.30 e ore 22.15, prima nazionale). Il giovanissimo artista <strong>Adriano Bolognino<\/strong>, ventisettenne campano, porter\u00e0 in scena in prima italiana al Teatro Carignano, il 20 settembre, ore 20.45, lo spettacolo <strong><em>Rua da Saudade<\/em><\/strong>, in cui dirige quattro coloratissime interpreti. La produzione \u00e8 sostenuta da Torinodanza insieme a Orsolina28 di Moncalvo (che gi\u00e0 aveva supportato una prima residenza creativa) e al Festival Aperto di Reggio Emilia. Completano la programmazione italiana <strong>Ambra Senatore<\/strong> con il suo <strong><em>Fuori campo<\/em><\/strong>, una passeggiata performativa liberamente ispirata alla storia e alle storie delle Fonderie Limone di Moncalieri (Spazio esterno, 9 settembre, ore 19 e ore 22.15 e 10 settembre, ore 19.30 e ore 22.15) e il solo <strong><em>Monumentum \u2013 the second sleep<\/em><\/strong> della coreografa <strong>Cristina Kristal Rizzo<\/strong> interpretato dalla danzatrice giapponese Megumi Eda (Fonderie Limone Moncalieri, 1 ottobre, ore 20.45, prima nazionale).<\/p>\n<p>\u00abCome sempre \u2013 prosegue Anna Cremonini \u2013 questo viaggio \u00e8 accompagnato dai partner che sostengono il Festival con fedelt\u00e0 e fiducia e grazie alla guida sapiente ed esperta del Teatro Stabile di Torino. Ringrazio la Fondazione Compagnia di San Paolo che continua a credere in Torinodanza come un luogo in cui si confrontano i temi necessari della modernit\u00e0; la Regione Piemonte e la Citt\u00e0 di Torino che con la Citt\u00e0 di Moncalieri rendono possibile la nostra manifestazione insieme a Intesa Sanpaolo e al Ministero della Cultura.<\/p>\n<p>Torinodanza si arricchisce sempre di collaborazioni che rendono unico e prezioso il nostro percorso: la Fondazione per la Cultura Torino, MITO SettembreMusica, la Fondazione Piemonte dal Vivo con il Centro di residenza per la danza della Lavanderia a Vapore di Collegno, l\u2019Associazione Mosaico Danza e il Festival Interplay, la Fondazione Piemonte Europa, il Museo Nazionale del Cinema\u00bb.<\/p>\n<p>&nbsp;<\/p>\n<p><strong>IN NAVETTA ALLE FONDERIE LIMONE<\/strong><\/p>\n<p>Per gli spettacoli in programma alle Fonderie Limone di Moncalieri sar\u00e0 predisposta una navetta per il pubblico, che partir\u00e0 45 minuti prima di ogni spettacolo dalla fermata Bengasi della metropolitana e far\u00e0 una corsa dopo lo spettacolo, sempre destinata alla fermata Bengasi. Per usufruire del servizio \u00e8 obbligatorio prenotarsi perch\u00e9 il numero di posti \u00e8 limitato. I volontari dell&#8217;Associazione Primo Nebiolo forniranno assistenza ai viaggiatori. Per informazioni e prenotazioni: <a href=\"http:\/\/www.torinodanzafestival.it\/\">www.torinodanzafestival.it<\/a><\/p>\n<p>&nbsp;<\/p>\n<p><strong>INFO BIGLIETTERIA<\/strong><\/p>\n<p>I biglietti e gli abbonamenti per gli spettacoli di Torinodanza sono in vendita sia in biglietteria sia online a partire dal 26 maggio 2022. Biglietteria: Teatro Carignano, piazza Carignano, 6 \u2013 Torino Tel. 011 5169555 \u2013 Numero Verde 800 235 333 \u2013 email biglietteria@teatrostabiletorino.it. Orario da marted\u00ec a sabato, dalle ore 13 alle 19, domenica dalle ore 14 alle 19. Online <a href=\"http:\/\/www.torinodanzafestival.it\/\">www.torinodanzafestival.it<\/a> | <a href=\"http:\/\/www.teatrostabiletorino.i\/\">www.teatrostabiletorino.i<\/a>t<\/p>\n<p><strong>\u00a0<\/strong><\/p>\n<p><strong>TORINODANZA | I PARTNER<\/strong><\/p>\n<p>Torinodanza 2022 \u00e8 un progetto realizzato da Torinodanza Festival\/Teatro Stabile di Torino \u2013 Teatro Nazionale, maggior sostenitore Fondazione Compagnia di San Paolo, con il sostegno di Ministero della Cultura, Regione Piemonte, Citt\u00e0 di Torino, Citt\u00e0 di Moncalieri, Fondazione per la Cultura Torino; partner Intesa Sanpaolo. Rai Cultura, Rai5 e Rai Radio3 si confermano anche quest\u2019anno Media Partner di Torinodanza.<\/p>\n<p>Il Festival Torinodanza, nato nel 1987, \u00e8 organizzato dal 2009 dal Teatro Stabile di Torino \u2013 Teatro Nazionale.<\/p>\n<p>&nbsp;<\/p>\n<p><a href=\"http:\/\/www.torinodanzafestival.it\/wp-content\/uploads\/2022\/05\/01_Immagine-guida-Torinodanza-2022.pdf\" target=\"_blank\" rel=\"noopener\">01_Immagine guida Torinodanza Festival 2022<\/a><\/p>\n<p><a href=\"http:\/\/www.torinodanzafestival.it\/wp-content\/uploads\/2022\/05\/02_Comunicato-stampa-Torinodanza-2022.pdf\" target=\"_blank\" rel=\"noopener\">02_Comunicato stampa &#8211; Torinodanza Festival 2022<\/a><\/p>\n<p><a href=\"http:\/\/www.torinodanzafestival.it\/wp-content\/uploads\/2022\/05\/03_Scheda-Direttore-Festival-Torinodanza.pdf\" target=\"_blank\" rel=\"noopener\">03_Scheda Direttrice Torinodanza Festival<\/a><\/p>\n<p><a href=\"http:\/\/www.torinodanzafestival.it\/wp-content\/uploads\/2022\/05\/04_Scheda-Presidente_Direttore_TST.pdf\" target=\"_blank\" rel=\"noopener\">04_Scheda Presidente e Direttore TST<\/a><\/p>\n<p><a href=\"http:\/\/www.torinodanzafestival.it\/wp-content\/uploads\/2022\/05\/TD_2022.pdf\" target=\"_blank\" rel=\"noopener\">05_Programma Torinodanza Festival<\/a><\/p>\n<p><a href=\"http:\/\/www.torinodanzafestival.it\/wp-content\/uploads\/2022\/05\/06_Regione-Piemonte.pdf\" target=\"_blank\" rel=\"noopener\">06_Scheda_Regione Piemonte<\/a><\/p>\n<p><a href=\"http:\/\/www.torinodanzafestival.it\/wp-content\/uploads\/2022\/05\/07_Citt\u00e0-di-Torino.pdf\" target=\"_blank\" rel=\"noopener\">07_Scheda_Citt\u00e0 di Torino<\/a><\/p>\n<p><a href=\"http:\/\/www.torinodanzafestival.it\/wp-content\/uploads\/2022\/05\/08_FCSP_scheda-TorinoDanza.pdf\" target=\"_blank\" rel=\"noopener\">08_Scheda_Fondazione Compagnia di San Paolo<\/a><\/p>\n<p><a href=\"http:\/\/www.torinodanzafestival.it\/wp-content\/uploads\/2022\/05\/09_Intesa-Sanpaolo-per-Torinodanza-Festival-2022.pdf\" target=\"_blank\" rel=\"noopener\">09_Scheda_Intesa Sanpaolo<\/a><\/p>\n<p><a href=\"http:\/\/www.torinodanzafestival.it\/wp-content\/uploads\/2022\/05\/10_Citt\u00e0-di-Moncalieri.pdf\" target=\"_blank\" rel=\"noopener\">10_Scheda_Citt\u00e0 di Moncalieri<\/a><\/p>\n<p><a href=\"http:\/\/www.torinodanzafestival.it\/wp-content\/uploads\/2022\/05\/11_MiTo.pdf\" target=\"_blank\" rel=\"noopener\">11_Scheda_MiTo<\/a><\/p>\n<p><a href=\"http:\/\/www.torinodanzafestival.it\/wp-content\/uploads\/2022\/05\/12_Fondazione-Piemonte-dal-Vivo.pdf\" target=\"_blank\" rel=\"noopener\">12_Scheda_Fondazione Piemonte dal Vivo<\/a><\/p>\n<p><a href=\"http:\/\/www.torinodanzafestival.it\/wp-content\/uploads\/2022\/05\/13_Interplay.pdf\" target=\"_blank\" rel=\"noopener\">13_Scheda_Interplay<\/a><\/p>\n<p><a href=\"http:\/\/www.torinodanzafestival.it\/wp-content\/uploads\/2022\/05\/14_Scheda-TPE-Torinodanza-Festival.pdf\" target=\"_blank\" rel=\"noopener\">14_Scheda_TPE<\/a><\/p>\n<p><a href=\"http:\/\/www.torinodanzafestival.it\/wp-content\/uploads\/2022\/05\/15_CUS_JTWIA_Associazione_Nebiolo_2022.pdf\" target=\"_blank\" rel=\"noopener\">15_Scheda_CUS<\/a><\/p>\n<p><a href=\"https:\/\/www.dropbox.com\/sh\/vojv7pqygkb8g4o\/AACTy469rV7OZgcbkc2a83Nma?dl=0\" target=\"_blank\" rel=\"noopener\">Link per scaricare le fotografie degli spettacoli<\/a><\/p>\n<p>&nbsp;<\/p>\n<p>&nbsp;<\/p>\n<div id='gallery-1' class='gallery galleryid-11115 gallery-columns-5 gallery-size-thumbnail'><figure class='gallery-item'>\n\t\t\t<div class='gallery-icon landscape'>\n\t\t\t\t<a href='http:\/\/www.torinodanzafestival.it\/wp-content\/uploads\/2022\/05\/01_Vessel_\u00a9Yoshikazu-Inique.jpg'><img loading=\"lazy\" decoding=\"async\" width=\"150\" height=\"150\" src=\"http:\/\/www.torinodanzafestival.it\/wp-content\/uploads\/2022\/05\/01_Vessel_\u00a9Yoshikazu-Inique-150x150.jpg\" class=\"attachment-thumbnail size-thumbnail\" alt=\"\" aria-describedby=\"gallery-1-11145\" srcset=\"http:\/\/www.torinodanzafestival.it\/wp-content\/uploads\/2022\/05\/01_Vessel_\u00a9Yoshikazu-Inique-150x150.jpg 150w, http:\/\/www.torinodanzafestival.it\/wp-content\/uploads\/2022\/05\/01_Vessel_\u00a9Yoshikazu-Inique-468x468.jpg 468w, http:\/\/www.torinodanzafestival.it\/wp-content\/uploads\/2022\/05\/01_Vessel_\u00a9Yoshikazu-Inique-560x560.jpg 560w, http:\/\/www.torinodanzafestival.it\/wp-content\/uploads\/2022\/05\/01_Vessel_\u00a9Yoshikazu-Inique-266x266.jpg 266w\" sizes=\"auto, (max-width: 150px) 100vw, 150px\" \/><\/a>\n\t\t\t<\/div>\n\t\t\t\t<figcaption class='wp-caption-text gallery-caption' id='gallery-1-11145'>\n\t\t\t\t01_Vessel_\u00a9Yoshikazu Inique\n\t\t\t\t<\/figcaption><\/figure><figure class='gallery-item'>\n\t\t\t<div class='gallery-icon landscape'>\n\t\t\t\t<a href='http:\/\/www.torinodanzafestival.it\/wp-content\/uploads\/2022\/05\/02_Fuori-campo_\u00a9LaurentPhilippe.jpg'><img loading=\"lazy\" decoding=\"async\" width=\"150\" height=\"150\" src=\"http:\/\/www.torinodanzafestival.it\/wp-content\/uploads\/2022\/05\/02_Fuori-campo_\u00a9LaurentPhilippe-150x150.jpg\" class=\"attachment-thumbnail size-thumbnail\" alt=\"\" aria-describedby=\"gallery-1-11146\" srcset=\"http:\/\/www.torinodanzafestival.it\/wp-content\/uploads\/2022\/05\/02_Fuori-campo_\u00a9LaurentPhilippe-150x150.jpg 150w, http:\/\/www.torinodanzafestival.it\/wp-content\/uploads\/2022\/05\/02_Fuori-campo_\u00a9LaurentPhilippe-468x468.jpg 468w, http:\/\/www.torinodanzafestival.it\/wp-content\/uploads\/2022\/05\/02_Fuori-campo_\u00a9LaurentPhilippe-560x560.jpg 560w\" sizes=\"auto, (max-width: 150px) 100vw, 150px\" \/><\/a>\n\t\t\t<\/div>\n\t\t\t\t<figcaption class='wp-caption-text gallery-caption' id='gallery-1-11146'>\n\t\t\t\t02_Fuori campo_\u00a9LaurentPhilippe\n\t\t\t\t<\/figcaption><\/figure><figure class='gallery-item'>\n\t\t\t<div class='gallery-icon landscape'>\n\t\t\t\t<a href='http:\/\/www.torinodanzafestival.it\/wp-content\/uploads\/2022\/05\/03_Dun-r\u00eave_\u00a9Laurent-Philippe.jpg'><img loading=\"lazy\" decoding=\"async\" width=\"150\" height=\"150\" src=\"http:\/\/www.torinodanzafestival.it\/wp-content\/uploads\/2022\/05\/03_Dun-r\u00eave_\u00a9Laurent-Philippe-150x150.jpg\" class=\"attachment-thumbnail size-thumbnail\" alt=\"\" aria-describedby=\"gallery-1-11148\" srcset=\"http:\/\/www.torinodanzafestival.it\/wp-content\/uploads\/2022\/05\/03_Dun-r\u00eave_\u00a9Laurent-Philippe-150x150.jpg 150w, http:\/\/www.torinodanzafestival.it\/wp-content\/uploads\/2022\/05\/03_Dun-r\u00eave_\u00a9Laurent-Philippe-468x468.jpg 468w, http:\/\/www.torinodanzafestival.it\/wp-content\/uploads\/2022\/05\/03_Dun-r\u00eave_\u00a9Laurent-Philippe-560x560.jpg 560w\" sizes=\"auto, (max-width: 150px) 100vw, 150px\" \/><\/a>\n\t\t\t<\/div>\n\t\t\t\t<figcaption class='wp-caption-text gallery-caption' id='gallery-1-11148'>\n\t\t\t\t03_D&#8217;un r\u00eave_\u00a9Laurent Philippe\n\t\t\t\t<\/figcaption><\/figure><figure class='gallery-item'>\n\t\t\t<div class='gallery-icon portrait'>\n\t\t\t\t<a href='http:\/\/www.torinodanzafestival.it\/wp-content\/uploads\/2022\/05\/04_Neighbours_\u00a9Julien-Benhamou.jpg'><img loading=\"lazy\" decoding=\"async\" width=\"150\" height=\"150\" src=\"http:\/\/www.torinodanzafestival.it\/wp-content\/uploads\/2022\/05\/04_Neighbours_\u00a9Julien-Benhamou-150x150.jpg\" class=\"attachment-thumbnail size-thumbnail\" alt=\"\" aria-describedby=\"gallery-1-11149\" srcset=\"http:\/\/www.torinodanzafestival.it\/wp-content\/uploads\/2022\/05\/04_Neighbours_\u00a9Julien-Benhamou-150x150.jpg 150w, http:\/\/www.torinodanzafestival.it\/wp-content\/uploads\/2022\/05\/04_Neighbours_\u00a9Julien-Benhamou-468x468.jpg 468w, http:\/\/www.torinodanzafestival.it\/wp-content\/uploads\/2022\/05\/04_Neighbours_\u00a9Julien-Benhamou-560x560.jpg 560w\" sizes=\"auto, (max-width: 150px) 100vw, 150px\" \/><\/a>\n\t\t\t<\/div>\n\t\t\t\t<figcaption class='wp-caption-text gallery-caption' id='gallery-1-11149'>\n\t\t\t\t04_Neighbours_\u00a9Julien Benhamou\n\t\t\t\t<\/figcaption><\/figure><figure class='gallery-item'>\n\t\t\t<div class='gallery-icon landscape'>\n\t\t\t\t<a href='http:\/\/www.torinodanzafestival.it\/wp-content\/uploads\/2022\/05\/4.jpg'><img loading=\"lazy\" decoding=\"async\" width=\"150\" height=\"150\" src=\"http:\/\/www.torinodanzafestival.it\/wp-content\/uploads\/2022\/05\/4-150x150.jpg\" class=\"attachment-thumbnail size-thumbnail\" alt=\"\" aria-describedby=\"gallery-1-11188\" srcset=\"http:\/\/www.torinodanzafestival.it\/wp-content\/uploads\/2022\/05\/4-150x150.jpg 150w, http:\/\/www.torinodanzafestival.it\/wp-content\/uploads\/2022\/05\/4-468x468.jpg 468w, http:\/\/www.torinodanzafestival.it\/wp-content\/uploads\/2022\/05\/4-560x560.jpg 560w\" sizes=\"auto, (max-width: 150px) 100vw, 150px\" \/><\/a>\n\t\t\t<\/div>\n\t\t\t\t<figcaption class='wp-caption-text gallery-caption' id='gallery-1-11188'>\n\t\t\t\t05_Un discreto protagonista_\u00a9@velislavvelislav\n\t\t\t\t<\/figcaption><\/figure><figure class='gallery-item'>\n\t\t\t<div class='gallery-icon portrait'>\n\t\t\t\t<a href='http:\/\/www.torinodanzafestival.it\/wp-content\/uploads\/2022\/05\/06_Rua-da-saudade_\u00a9Andrea-Macchia.jpg'><img loading=\"lazy\" decoding=\"async\" width=\"150\" height=\"150\" src=\"http:\/\/www.torinodanzafestival.it\/wp-content\/uploads\/2022\/05\/06_Rua-da-saudade_\u00a9Andrea-Macchia-150x150.jpg\" class=\"attachment-thumbnail size-thumbnail\" alt=\"\" aria-describedby=\"gallery-1-11151\" srcset=\"http:\/\/www.torinodanzafestival.it\/wp-content\/uploads\/2022\/05\/06_Rua-da-saudade_\u00a9Andrea-Macchia-150x150.jpg 150w, http:\/\/www.torinodanzafestival.it\/wp-content\/uploads\/2022\/05\/06_Rua-da-saudade_\u00a9Andrea-Macchia-468x468.jpg 468w, http:\/\/www.torinodanzafestival.it\/wp-content\/uploads\/2022\/05\/06_Rua-da-saudade_\u00a9Andrea-Macchia-560x560.jpg 560w\" sizes=\"auto, (max-width: 150px) 100vw, 150px\" \/><\/a>\n\t\t\t<\/div>\n\t\t\t\t<figcaption class='wp-caption-text gallery-caption' id='gallery-1-11151'>\n\t\t\t\t06_Rua da saudade_\u00a9Andrea Macchia\n\t\t\t\t<\/figcaption><\/figure><figure class='gallery-item'>\n\t\t\t<div class='gallery-icon landscape'>\n\t\t\t\t<a href='http:\/\/www.torinodanzafestival.it\/wp-content\/uploads\/2022\/05\/07_Lovetrain2020_\u00a9Julia-Gat.jpg'><img loading=\"lazy\" decoding=\"async\" width=\"150\" height=\"150\" src=\"http:\/\/www.torinodanzafestival.it\/wp-content\/uploads\/2022\/05\/07_Lovetrain2020_\u00a9Julia-Gat-150x150.jpg\" class=\"attachment-thumbnail size-thumbnail\" alt=\"\" aria-describedby=\"gallery-1-11152\" srcset=\"http:\/\/www.torinodanzafestival.it\/wp-content\/uploads\/2022\/05\/07_Lovetrain2020_\u00a9Julia-Gat-150x150.jpg 150w, http:\/\/www.torinodanzafestival.it\/wp-content\/uploads\/2022\/05\/07_Lovetrain2020_\u00a9Julia-Gat-468x468.jpg 468w, http:\/\/www.torinodanzafestival.it\/wp-content\/uploads\/2022\/05\/07_Lovetrain2020_\u00a9Julia-Gat-560x560.jpg 560w\" sizes=\"auto, (max-width: 150px) 100vw, 150px\" \/><\/a>\n\t\t\t<\/div>\n\t\t\t\t<figcaption class='wp-caption-text gallery-caption' id='gallery-1-11152'>\n\t\t\t\t07_Lovetrain2020_\u00a9Julia Gat\n\t\t\t\t<\/figcaption><\/figure><figure class='gallery-item'>\n\t\t\t<div class='gallery-icon portrait'>\n\t\t\t\t<a href='http:\/\/www.torinodanzafestival.it\/wp-content\/uploads\/2022\/05\/08_Broken-Chord_\u00a9Moeletsi-Mabe.jpg'><img loading=\"lazy\" decoding=\"async\" width=\"150\" height=\"150\" src=\"http:\/\/www.torinodanzafestival.it\/wp-content\/uploads\/2022\/05\/08_Broken-Chord_\u00a9Moeletsi-Mabe-150x150.jpg\" class=\"attachment-thumbnail size-thumbnail\" alt=\"\" aria-describedby=\"gallery-1-11153\" srcset=\"http:\/\/www.torinodanzafestival.it\/wp-content\/uploads\/2022\/05\/08_Broken-Chord_\u00a9Moeletsi-Mabe-150x150.jpg 150w, http:\/\/www.torinodanzafestival.it\/wp-content\/uploads\/2022\/05\/08_Broken-Chord_\u00a9Moeletsi-Mabe-468x468.jpg 468w, http:\/\/www.torinodanzafestival.it\/wp-content\/uploads\/2022\/05\/08_Broken-Chord_\u00a9Moeletsi-Mabe-560x560.jpg 560w\" sizes=\"auto, (max-width: 150px) 100vw, 150px\" \/><\/a>\n\t\t\t<\/div>\n\t\t\t\t<figcaption class='wp-caption-text gallery-caption' id='gallery-1-11153'>\n\t\t\t\t08_Broken Chord_\u00a9Moeletsi Mabe\n\t\t\t\t<\/figcaption><\/figure><figure class='gallery-item'>\n\t\t\t<div class='gallery-icon landscape'>\n\t\t\t\t<a href='http:\/\/www.torinodanzafestival.it\/wp-content\/uploads\/2022\/05\/09_Momentum_\u00a9Riccardo-Tinelli.jpg'><img loading=\"lazy\" decoding=\"async\" width=\"150\" height=\"150\" src=\"http:\/\/www.torinodanzafestival.it\/wp-content\/uploads\/2022\/05\/09_Momentum_\u00a9Riccardo-Tinelli-150x150.jpg\" class=\"attachment-thumbnail size-thumbnail\" alt=\"\" aria-describedby=\"gallery-1-11154\" srcset=\"http:\/\/www.torinodanzafestival.it\/wp-content\/uploads\/2022\/05\/09_Momentum_\u00a9Riccardo-Tinelli-150x150.jpg 150w, http:\/\/www.torinodanzafestival.it\/wp-content\/uploads\/2022\/05\/09_Momentum_\u00a9Riccardo-Tinelli-468x468.jpg 468w, http:\/\/www.torinodanzafestival.it\/wp-content\/uploads\/2022\/05\/09_Momentum_\u00a9Riccardo-Tinelli-560x560.jpg 560w\" sizes=\"auto, (max-width: 150px) 100vw, 150px\" \/><\/a>\n\t\t\t<\/div>\n\t\t\t\t<figcaption class='wp-caption-text gallery-caption' id='gallery-1-11154'>\n\t\t\t\t09_Momentum_\u00a9Riccardo Tinelli\n\t\t\t\t<\/figcaption><\/figure><figure class='gallery-item'>\n\t\t\t<div class='gallery-icon portrait'>\n\t\t\t\t<a href='http:\/\/www.torinodanzafestival.it\/wp-content\/uploads\/2022\/05\/10_En-son-lieu_\u00a9Marc-Domage.jpg'><img loading=\"lazy\" decoding=\"async\" width=\"150\" height=\"150\" src=\"http:\/\/www.torinodanzafestival.it\/wp-content\/uploads\/2022\/05\/10_En-son-lieu_\u00a9Marc-Domage-150x150.jpg\" class=\"attachment-thumbnail size-thumbnail\" alt=\"\" aria-describedby=\"gallery-1-11155\" srcset=\"http:\/\/www.torinodanzafestival.it\/wp-content\/uploads\/2022\/05\/10_En-son-lieu_\u00a9Marc-Domage-150x150.jpg 150w, http:\/\/www.torinodanzafestival.it\/wp-content\/uploads\/2022\/05\/10_En-son-lieu_\u00a9Marc-Domage-468x468.jpg 468w, http:\/\/www.torinodanzafestival.it\/wp-content\/uploads\/2022\/05\/10_En-son-lieu_\u00a9Marc-Domage-560x560.jpg 560w\" sizes=\"auto, (max-width: 150px) 100vw, 150px\" \/><\/a>\n\t\t\t<\/div>\n\t\t\t\t<figcaption class='wp-caption-text gallery-caption' id='gallery-1-11155'>\n\t\t\t\t10_En son lieu_\u00a9Marc Domage\n\t\t\t\t<\/figcaption><\/figure><figure class='gallery-item'>\n\t\t\t<div class='gallery-icon landscape'>\n\t\t\t\t<a href='http:\/\/www.torinodanzafestival.it\/wp-content\/uploads\/2022\/05\/11_Dragons_\u00a9Sukmu-Yun.jpg'><img loading=\"lazy\" decoding=\"async\" width=\"150\" height=\"150\" src=\"http:\/\/www.torinodanzafestival.it\/wp-content\/uploads\/2022\/05\/11_Dragons_\u00a9Sukmu-Yun-150x150.jpg\" class=\"attachment-thumbnail size-thumbnail\" alt=\"\" aria-describedby=\"gallery-1-11156\" srcset=\"http:\/\/www.torinodanzafestival.it\/wp-content\/uploads\/2022\/05\/11_Dragons_\u00a9Sukmu-Yun-150x150.jpg 150w, http:\/\/www.torinodanzafestival.it\/wp-content\/uploads\/2022\/05\/11_Dragons_\u00a9Sukmu-Yun-468x468.jpg 468w, http:\/\/www.torinodanzafestival.it\/wp-content\/uploads\/2022\/05\/11_Dragons_\u00a9Sukmu-Yun-560x560.jpg 560w\" sizes=\"auto, (max-width: 150px) 100vw, 150px\" \/><\/a>\n\t\t\t<\/div>\n\t\t\t\t<figcaption class='wp-caption-text gallery-caption' id='gallery-1-11156'>\n\t\t\t\t11_Dragons_\u00a9Sukmu Yun\n\t\t\t\t<\/figcaption><\/figure><figure class='gallery-item'>\n\t\t\t<div class='gallery-icon landscape'>\n\t\t\t\t<a href='http:\/\/www.torinodanzafestival.it\/wp-content\/uploads\/2022\/05\/12_Siguifin_\u00a9Laurent-Philippe.jpg'><img loading=\"lazy\" decoding=\"async\" width=\"150\" height=\"150\" src=\"http:\/\/www.torinodanzafestival.it\/wp-content\/uploads\/2022\/05\/12_Siguifin_\u00a9Laurent-Philippe-150x150.jpg\" class=\"attachment-thumbnail size-thumbnail\" alt=\"\" aria-describedby=\"gallery-1-11157\" srcset=\"http:\/\/www.torinodanzafestival.it\/wp-content\/uploads\/2022\/05\/12_Siguifin_\u00a9Laurent-Philippe-150x150.jpg 150w, http:\/\/www.torinodanzafestival.it\/wp-content\/uploads\/2022\/05\/12_Siguifin_\u00a9Laurent-Philippe-468x468.jpg 468w, http:\/\/www.torinodanzafestival.it\/wp-content\/uploads\/2022\/05\/12_Siguifin_\u00a9Laurent-Philippe-560x560.jpg 560w\" sizes=\"auto, (max-width: 150px) 100vw, 150px\" \/><\/a>\n\t\t\t<\/div>\n\t\t\t\t<figcaption class='wp-caption-text gallery-caption' id='gallery-1-11157'>\n\t\t\t\t12_Siguifin_\u00a9Laurent Philippe\n\t\t\t\t<\/figcaption><\/figure><figure class='gallery-item'>\n\t\t\t<div class='gallery-icon portrait'>\n\t\t\t\t<a href='http:\/\/www.torinodanzafestival.it\/wp-content\/uploads\/2022\/05\/13_Man-Rec_\u00a9Jef-Rabillon.jpg'><img loading=\"lazy\" decoding=\"async\" width=\"150\" height=\"150\" src=\"http:\/\/www.torinodanzafestival.it\/wp-content\/uploads\/2022\/05\/13_Man-Rec_\u00a9Jef-Rabillon-150x150.jpg\" class=\"attachment-thumbnail size-thumbnail\" alt=\"\" aria-describedby=\"gallery-1-11158\" srcset=\"http:\/\/www.torinodanzafestival.it\/wp-content\/uploads\/2022\/05\/13_Man-Rec_\u00a9Jef-Rabillon-150x150.jpg 150w, http:\/\/www.torinodanzafestival.it\/wp-content\/uploads\/2022\/05\/13_Man-Rec_\u00a9Jef-Rabillon-468x468.jpg 468w, http:\/\/www.torinodanzafestival.it\/wp-content\/uploads\/2022\/05\/13_Man-Rec_\u00a9Jef-Rabillon-560x560.jpg 560w\" sizes=\"auto, (max-width: 150px) 100vw, 150px\" \/><\/a>\n\t\t\t<\/div>\n\t\t\t\t<figcaption class='wp-caption-text gallery-caption' id='gallery-1-11158'>\n\t\t\t\t13_Man Rec_\u00a9Jef Rabillon\n\t\t\t\t<\/figcaption><\/figure><figure class='gallery-item'>\n\t\t\t<div class='gallery-icon portrait'>\n\t\t\t\t<a href='http:\/\/www.torinodanzafestival.it\/wp-content\/uploads\/2022\/05\/14_Wo-man_\u00a9Romain-Tissot.jpg'><img loading=\"lazy\" decoding=\"async\" width=\"150\" height=\"150\" src=\"http:\/\/www.torinodanzafestival.it\/wp-content\/uploads\/2022\/05\/14_Wo-man_\u00a9Romain-Tissot-150x150.jpg\" class=\"attachment-thumbnail size-thumbnail\" alt=\"\" aria-describedby=\"gallery-1-11159\" srcset=\"http:\/\/www.torinodanzafestival.it\/wp-content\/uploads\/2022\/05\/14_Wo-man_\u00a9Romain-Tissot-150x150.jpg 150w, http:\/\/www.torinodanzafestival.it\/wp-content\/uploads\/2022\/05\/14_Wo-man_\u00a9Romain-Tissot-468x468.jpg 468w, http:\/\/www.torinodanzafestival.it\/wp-content\/uploads\/2022\/05\/14_Wo-man_\u00a9Romain-Tissot-560x560.jpg 560w\" sizes=\"auto, (max-width: 150px) 100vw, 150px\" \/><\/a>\n\t\t\t<\/div>\n\t\t\t\t<figcaption class='wp-caption-text gallery-caption' id='gallery-1-11159'>\n\t\t\t\t14_Wo-man_\u00a9Romain Tissot\n\t\t\t\t<\/figcaption><\/figure><figure class='gallery-item'>\n\t\t\t<div class='gallery-icon landscape'>\n\t\t\t\t<a href='http:\/\/www.torinodanzafestival.it\/wp-content\/uploads\/2022\/05\/15_Point-zero_\u00a9Romain-Tissot.jpg'><img loading=\"lazy\" decoding=\"async\" width=\"150\" height=\"150\" src=\"http:\/\/www.torinodanzafestival.it\/wp-content\/uploads\/2022\/05\/15_Point-zero_\u00a9Romain-Tissot-150x150.jpg\" class=\"attachment-thumbnail size-thumbnail\" alt=\"\" aria-describedby=\"gallery-1-11160\" srcset=\"http:\/\/www.torinodanzafestival.it\/wp-content\/uploads\/2022\/05\/15_Point-zero_\u00a9Romain-Tissot-150x150.jpg 150w, http:\/\/www.torinodanzafestival.it\/wp-content\/uploads\/2022\/05\/15_Point-zero_\u00a9Romain-Tissot-468x468.jpg 468w, http:\/\/www.torinodanzafestival.it\/wp-content\/uploads\/2022\/05\/15_Point-zero_\u00a9Romain-Tissot-560x560.jpg 560w\" sizes=\"auto, (max-width: 150px) 100vw, 150px\" \/><\/a>\n\t\t\t<\/div>\n\t\t\t\t<figcaption class='wp-caption-text gallery-caption' id='gallery-1-11160'>\n\t\t\t\t15_Point z\u00e9ro_\u00a9Romain Tissot\n\t\t\t\t<\/figcaption><\/figure><figure class='gallery-item'>\n\t\t\t<div class='gallery-icon landscape'>\n\t\t\t\t<a href='http:\/\/www.torinodanzafestival.it\/wp-content\/uploads\/2022\/05\/16_Contemporary-Dance-2.0_\u00a9Tom-Visser.jpg'><img loading=\"lazy\" decoding=\"async\" width=\"150\" height=\"150\" src=\"http:\/\/www.torinodanzafestival.it\/wp-content\/uploads\/2022\/05\/16_Contemporary-Dance-2.0_\u00a9Tom-Visser-150x150.jpg\" class=\"attachment-thumbnail size-thumbnail\" alt=\"\" aria-describedby=\"gallery-1-11161\" srcset=\"http:\/\/www.torinodanzafestival.it\/wp-content\/uploads\/2022\/05\/16_Contemporary-Dance-2.0_\u00a9Tom-Visser-150x150.jpg 150w, http:\/\/www.torinodanzafestival.it\/wp-content\/uploads\/2022\/05\/16_Contemporary-Dance-2.0_\u00a9Tom-Visser-468x468.jpg 468w, http:\/\/www.torinodanzafestival.it\/wp-content\/uploads\/2022\/05\/16_Contemporary-Dance-2.0_\u00a9Tom-Visser-560x560.jpg 560w\" sizes=\"auto, (max-width: 150px) 100vw, 150px\" \/><\/a>\n\t\t\t<\/div>\n\t\t\t\t<figcaption class='wp-caption-text gallery-caption' id='gallery-1-11161'>\n\t\t\t\t16_Contemporary Dance 2.0_\u00a9Tom Visser\n\t\t\t\t<\/figcaption><\/figure><figure class='gallery-item'>\n\t\t\t<div class='gallery-icon landscape'>\n\t\t\t\t<a href='http:\/\/www.torinodanzafestival.it\/wp-content\/uploads\/2022\/05\/17_Story-Story-Die_\u00a9Mats-Backer.jpg'><img loading=\"lazy\" decoding=\"async\" width=\"150\" height=\"150\" src=\"http:\/\/www.torinodanzafestival.it\/wp-content\/uploads\/2022\/05\/17_Story-Story-Die_\u00a9Mats-Backer-150x150.jpg\" class=\"attachment-thumbnail size-thumbnail\" alt=\"\" aria-describedby=\"gallery-1-11162\" srcset=\"http:\/\/www.torinodanzafestival.it\/wp-content\/uploads\/2022\/05\/17_Story-Story-Die_\u00a9Mats-Backer-150x150.jpg 150w, http:\/\/www.torinodanzafestival.it\/wp-content\/uploads\/2022\/05\/17_Story-Story-Die_\u00a9Mats-Backer-468x468.jpg 468w, http:\/\/www.torinodanzafestival.it\/wp-content\/uploads\/2022\/05\/17_Story-Story-Die_\u00a9Mats-Backer-560x560.jpg 560w\" sizes=\"auto, (max-width: 150px) 100vw, 150px\" \/><\/a>\n\t\t\t<\/div>\n\t\t\t\t<figcaption class='wp-caption-text gallery-caption' id='gallery-1-11162'>\n\t\t\t\t17_Story Story Die_\u00a9Mats Backer\n\t\t\t\t<\/figcaption><\/figure>\n\t\t<\/div>\n\n<p>&nbsp;<\/p>\n<p>&nbsp;<\/p>\n<p>&nbsp;<\/p>\n<p>&nbsp;<\/p>\n<p>&nbsp;<\/p>\n","protected":false},"excerpt":{"rendered":"<p>32 rappresentazioni, 13 prime nazionali, 5 coproduzioni, 14 compagnie con artisti provenienti da 16 Paesi: Albania, Belgio, Burkina Faso, Corea, Francia, Giappone, Israele, Italia, Mali,&hellip;<\/p>\n","protected":false},"author":2,"featured_media":10984,"comment_status":"closed","ping_status":"open","sticky":false,"template":"","format":"standard","meta":{"_acf_changed":false,"footnotes":""},"categories":[102],"tags":[],"class_list":["post-11115","post","type-post","status-publish","format-standard","has-post-thumbnail","hentry","category-press_22"],"acf":[],"_links":{"self":[{"href":"http:\/\/www.torinodanzafestival.it\/index.php?rest_route=\/wp\/v2\/posts\/11115","targetHints":{"allow":["GET"]}}],"collection":[{"href":"http:\/\/www.torinodanzafestival.it\/index.php?rest_route=\/wp\/v2\/posts"}],"about":[{"href":"http:\/\/www.torinodanzafestival.it\/index.php?rest_route=\/wp\/v2\/types\/post"}],"author":[{"embeddable":true,"href":"http:\/\/www.torinodanzafestival.it\/index.php?rest_route=\/wp\/v2\/users\/2"}],"replies":[{"embeddable":true,"href":"http:\/\/www.torinodanzafestival.it\/index.php?rest_route=%2Fwp%2Fv2%2Fcomments&post=11115"}],"version-history":[{"count":8,"href":"http:\/\/www.torinodanzafestival.it\/index.php?rest_route=\/wp\/v2\/posts\/11115\/revisions"}],"predecessor-version":[{"id":11198,"href":"http:\/\/www.torinodanzafestival.it\/index.php?rest_route=\/wp\/v2\/posts\/11115\/revisions\/11198"}],"wp:featuredmedia":[{"embeddable":true,"href":"http:\/\/www.torinodanzafestival.it\/index.php?rest_route=\/wp\/v2\/media\/10984"}],"wp:attachment":[{"href":"http:\/\/www.torinodanzafestival.it\/index.php?rest_route=%2Fwp%2Fv2%2Fmedia&parent=11115"}],"wp:term":[{"taxonomy":"category","embeddable":true,"href":"http:\/\/www.torinodanzafestival.it\/index.php?rest_route=%2Fwp%2Fv2%2Fcategories&post=11115"},{"taxonomy":"post_tag","embeddable":true,"href":"http:\/\/www.torinodanzafestival.it\/index.php?rest_route=%2Fwp%2Fv2%2Ftags&post=11115"}],"curies":[{"name":"wp","href":"https:\/\/api.w.org\/{rel}","templated":true}]}}