{"id":1773,"date":"2013-04-03T09:04:38","date_gmt":"2013-04-03T09:04:38","guid":{"rendered":"http:\/\/10.0.1.180\/?p=1773"},"modified":"2014-07-09T13:43:49","modified_gmt":"2014-07-09T13:43:49","slug":"cerbiatti-del-nostro-futuro","status":"publish","type":"post","link":"http:\/\/www.torinodanzafestival.it\/?p=1773","title":{"rendered":"CERBIATTI DEL NOSTRO FUTURO"},"content":{"rendered":"<p><a href=\"http:\/\/www.torinodanzafestival.it\/wp-content\/uploads\/2012\/05\/FUGA.jpg\"><img loading=\"lazy\" decoding=\"async\" class=\"alignnone size-full wp-image-1439\" title=\"FUGA\" alt=\"\" src=\"http:\/\/www.torinodanzafestival.it\/wp-content\/uploads\/2012\/05\/FUGA.jpg\" width=\"580\" height=\"434\" srcset=\"http:\/\/www.torinodanzafestival.it\/wp-content\/uploads\/2012\/05\/FUGA.jpg 800w, http:\/\/www.torinodanzafestival.it\/wp-content\/uploads\/2012\/05\/FUGA-768x574.jpg 768w, http:\/\/www.torinodanzafestival.it\/wp-content\/uploads\/2012\/05\/FUGA-600x449.jpg 600w, http:\/\/www.torinodanzafestival.it\/wp-content\/uploads\/2012\/05\/FUGA-558x417.jpg 558w, http:\/\/www.torinodanzafestival.it\/wp-content\/uploads\/2012\/05\/FUGA-655x490.jpg 655w, http:\/\/www.torinodanzafestival.it\/wp-content\/uploads\/2012\/05\/FUGA-300x224.jpg 300w\" sizes=\"auto, (max-width: 580px) 100vw, 580px\" \/><\/a><\/p>\n<p style=\"text-align: justify;\">\u00abIl gesto non ha solo valore simbolico, ma determina anche la costruzione di un senso\u00bb. La danza di Virgilio Sieni, il nostro maggiore coreografo oggi, \u00e8 questa: un\u2019esplorazione di corpi reali in vari progetti internazionali sul gesto, sul futuro della danza e sulla memoria del corpo.<\/p>\n<blockquote>\n<p style=\"text-align: justify;\">Virgilio Sieni trasforma movimenti quotidiani grazie a musiche, a piccole attenzioni, a spazi reinventati fino a restituirli a una profonda suggestione ed \u00e8 anche uno degli artisti che meglio incarna la capacit\u00e0 coreografica italiana di rivolgersi al pubblico con danzatori di et\u00e0 diverse, portatori di un discorso poetico che si sviluppa di creazione in creazione. Il progetto Cerbiatti del nostro futuro che verr\u00e0 presentato a Torino trae origine dal progetto di Virgilio Sieni del 2011 per la creazione e lo sviluppo di un repertorio di danza contemporanea destinato e interpretato da giovanissimi danzatori.<\/p>\n<\/blockquote>\n<p style=\"text-align: justify;\">La stessa coreografia \u00e8 successivamente trasmessa e insegnata ad altri interpreti. Il progetto realizzato a Torino sar\u00e0 costituito da quattro spettacoli: Silenzio e Volo sono frutto dei percorsi intrapresi con allieve delle scuole dirette da Loredana Furno e Susanna Egri; In ascolto e Fuga sono state create per il trio di danzatrici livornesi, nucleo che ha rappresentato l\u2019origine di tutto il progetto.<br \/>\nSilenzio. Il silenzio annuncia un delicato pronunciarsi dei movimenti traendo dall\u2019ascolto la natura degli incontri che danno luogo al trio. Il silenzio richiamato dall\u2019ascolto reciproco delle interpreti former\u00e0 in ogni istante l\u2019origine di giochi dinamici che le danzatrici si scambieranno.<br \/>\nVolo. Una variazione al progetto nell\u2019interpretazione di bambine di appena 9 anni, scelta scaturita dal piacere di costruire una coreografia dove l\u2019intuito e l\u2019energia, unitamente alla giocosit\u00e0 e alla potenza infantile, tracciano il tenue dislocarsi dei movimenti in continui tentativi di volo.<br \/>\nIn ascolto. Essere all&#8217;ascolto, cogliere, tendere l&#8217;orecchio, implica intensificazioni. Guidate dal proprio respiro le danzatrici si metteranno alla ricerca di un&#8217;altra voce, quella del corpo, un altro suono. Essere all&#8217;ascolto significa sempre essere sul bordo e consister\u00e0 in un essere-teso-verso, oppure in un accesso a s\u00e9 con il respiro, il cuore e persino la caverna risonante.<br \/>\nFuga. Prima coreografia del progetto Cerbiatti del nostro futuro, si ispira al senso della fuga, al cammino che viene intrapreso verso una nuova terra. Nel viaggio coreografico e fisico le bambine si sostengono e si aiutano dando vita ad un continuo di elementi tattili, pittorici e fotografici che hanno guidato Virgilio Sieni nella creazione come le pitture che ritraggono l\u2019episodio della Fuga in Egitto. La coreografia guarda alla costruzione come gioco e materia costellata da un dizionario di figure ricercate. Nella dolcezza e nella forza vitale delle giovanissime danzatrici si intuisce l\u2019urgenza della danza come momento fondante di un tragitto.<\/p>\n<p><strong>Teatro Gobetti<\/strong><br \/>\n<strong> 8 &#8211; 9 novembre 2012 ? ore 20,00 (* per bambini)<\/strong><br \/>\n<strong>programma costituito da quattro coreografie<\/strong><br \/>\n<strong> di Virgilio Sieni<\/strong><\/p>\n<p><strong>Silenzio ? prima italiana [durata 10\u2019]<\/strong><br \/>\n<strong><em>progetto Cerbiatti_Torino, <\/em><br \/>\ninterpretato da tre giovani danzatrici di 13 anni<\/strong><br \/>\ncoreografia <strong>Virgilio Sieni<\/strong><br \/>\nassistente alla coreografia <strong>Chelo Zoppi<\/strong><br \/>\nassistente al percorso <strong>Elena Rolla<\/strong><br \/>\ncon <strong>Cecilia Cisella, Alessandra Giacobbe, Elena Scaglia<\/strong><br \/>\n<em>in collaborazione con Scuola danza Loredana Furno e Scuola di danza \u201cSusanna Egri\u201d<\/em><\/p>\n<p><strong>Volo ? prima italiana [durata 10\u2019]<\/strong><br \/>\n<em><strong>progetto Cerbiatti_Torino<\/strong><\/em><br \/>\n<strong>interpretato da cinque bambine di 9 anni<\/strong><br \/>\ncoreografia <strong>Virgilio Sieni<\/strong><br \/>\nassistente alla coreografia <strong>Chelo Zoppi<\/strong><br \/>\nassistente al percorso <strong>Tiziana Spada<\/strong><br \/>\ncon <strong>Flavia Capogreco, Ilaria Cardo, Cecilia Dellacasa, Rebecca Saitta, Ya Wang<\/strong><br \/>\n<em>in collaborazione con Scuola danza Loredana Furno e Scuola di danza \u201cSusanna Egri\u201d<\/em><\/p>\n<p><strong>In ascolto [durata 20\u2019]<\/strong><br \/>\n<em><strong>progetto Cerbiatti_Livorno<\/strong><\/em><br \/>\n<strong>interpretato da tre giovani danzatrici di 12\/13 anni<\/strong><br \/>\ncoreografia <strong>Virgilio Sieni<\/strong><br \/>\nassistente alla coreografia<strong> Chelo Zoppi<\/strong><br \/>\ncon <strong>Noemi Biancotti, Emma Pellegrini, Linda Pierucci<\/strong><br \/>\nin collaborazione con <strong>Armunia, Atelier delle Arti &#8211; Livorno<\/strong><br \/>\n<em>produzione Regione Toscana, Compagnia Virgilio Sieni, Accademia sull\u2019Arte del gesto<br \/>\ndebutto nel giugno 2012 al Festival Inequilibrio di Castiglioncello<\/em><\/p>\n<p><strong>Fuga [durata 20\u2019]<\/strong><br \/>\n<em><strong>progetto Cerbiatti_Livorno<\/strong><\/em><br \/>\n<strong> interpretato da tre giovani danzatrici di 12\/13 anni<\/strong><br \/>\ncoreografia <strong>Virgilio Sieni<\/strong><br \/>\nassistente alla coreografia <strong>Chelo Zoppi<\/strong><br \/>\ncon <strong>Noemi Biancotti, Emma Pellegrini, Linda Pierucci<\/strong><br \/>\n<em>in collaborazione con Armunia, Atelier delle Arti &#8211; Livorno<\/em><br \/>\n<em> produzione Regione Toscana, Compagnia Virgilio Sieni, Accademia sull\u2019Arte del gesto<\/em><br \/>\n<em>debutto nel luglio 2011 al Festival Inequilibrio di Castiglioncello<\/em><br \/>\n<em>spettacoli programmati in collaborazione con Fondazione Teatro Ragazzi e Giovani<\/em><\/p>\n","protected":false},"excerpt":{"rendered":"<p>\u00abIl gesto non ha solo valore simbolico, ma determina anche la costruzione di un senso\u00bb. La danza di Virgilio Sieni, il nostro maggiore coreografo oggi,&hellip;<\/p>\n","protected":false},"author":1,"featured_media":0,"comment_status":"closed","ping_status":"closed","sticky":false,"template":"","format":"standard","meta":{"_acf_changed":false,"footnotes":""},"categories":[26],"tags":[],"class_list":["post-1773","post","type-post","status-publish","format-standard","hentry","category-edizione-2012"],"acf":[],"_links":{"self":[{"href":"http:\/\/www.torinodanzafestival.it\/index.php?rest_route=\/wp\/v2\/posts\/1773","targetHints":{"allow":["GET"]}}],"collection":[{"href":"http:\/\/www.torinodanzafestival.it\/index.php?rest_route=\/wp\/v2\/posts"}],"about":[{"href":"http:\/\/www.torinodanzafestival.it\/index.php?rest_route=\/wp\/v2\/types\/post"}],"author":[{"embeddable":true,"href":"http:\/\/www.torinodanzafestival.it\/index.php?rest_route=\/wp\/v2\/users\/1"}],"replies":[{"embeddable":true,"href":"http:\/\/www.torinodanzafestival.it\/index.php?rest_route=%2Fwp%2Fv2%2Fcomments&post=1773"}],"version-history":[{"count":0,"href":"http:\/\/www.torinodanzafestival.it\/index.php?rest_route=\/wp\/v2\/posts\/1773\/revisions"}],"wp:attachment":[{"href":"http:\/\/www.torinodanzafestival.it\/index.php?rest_route=%2Fwp%2Fv2%2Fmedia&parent=1773"}],"wp:term":[{"taxonomy":"category","embeddable":true,"href":"http:\/\/www.torinodanzafestival.it\/index.php?rest_route=%2Fwp%2Fv2%2Fcategories&post=1773"},{"taxonomy":"post_tag","embeddable":true,"href":"http:\/\/www.torinodanzafestival.it\/index.php?rest_route=%2Fwp%2Fv2%2Ftags&post=1773"}],"curies":[{"name":"wp","href":"https:\/\/api.w.org\/{rel}","templated":true}]}}