{"id":1796,"date":"2013-04-03T13:18:28","date_gmt":"2013-04-03T13:18:28","guid":{"rendered":"http:\/\/10.0.1.180\/?p=1796"},"modified":"2013-04-03T13:21:36","modified_gmt":"2013-04-03T13:21:36","slug":"royaume-uni","status":"publish","type":"post","link":"http:\/\/www.torinodanzafestival.it\/?p=1796","title":{"rendered":"ROYAUME UNI"},"content":{"rendered":"<p style=\"text-align: justify;\"><a class=\"lightbox\" href=\"http:\/\/www.torinodanzafestival.it\/wp-content\/uploads\/2012\/05\/roya.jpg\"><img loading=\"lazy\" decoding=\"async\" class=\"alignnone size-full wp-image-1446\" title=\"roya\" src=\"http:\/\/www.torinodanzafestival.it\/wp-content\/uploads\/2012\/05\/roya.jpg\" alt=\"\" width=\"580\" height=\"385\" srcset=\"http:\/\/www.torinodanzafestival.it\/wp-content\/uploads\/2012\/05\/roya.jpg 800w, http:\/\/www.torinodanzafestival.it\/wp-content\/uploads\/2012\/05\/roya-300x199.jpg 300w, http:\/\/www.torinodanzafestival.it\/wp-content\/uploads\/2012\/05\/roya-768x511.jpg 768w, http:\/\/www.torinodanzafestival.it\/wp-content\/uploads\/2012\/05\/roya-600x399.jpg 600w, http:\/\/www.torinodanzafestival.it\/wp-content\/uploads\/2012\/05\/roya-558x371.jpg 558w, http:\/\/www.torinodanzafestival.it\/wp-content\/uploads\/2012\/05\/roya-655x436.jpg 655w\" sizes=\"auto, (max-width: 580px) 100vw, 580px\" \/><\/a><\/p>\n<p style=\"text-align: justify;\">\u00abAbbiamo passato troppo tempo a separare corpo e anima. Parliamo spesso del corpo come di una busta. Ma, come Spinoza spiega molto bene, il corpo \u00e8 una finestra per l\u2019anima. Una delle missioni della danza \u00e8 quella di restituire l\u2019anima al corpo. Per dare al corpo un\u2019anima\u00bb. Ballerino e coreografo francese di origine albanese, Angelin Preljocaj \u00e8 il pi\u00f9 significativo esponente della nouvelle danse francese.<\/p>\n<blockquote>\n<p style=\"text-align: justify;\">Portavoce della coreografia sperimentale contemporanea, si \u00e8 imposto per l\u2019impegno su temi forti, trattati con un linguaggio gestuale scarno ma poderoso, dinamico e di grande fisicit\u00e0. Nominato Cavaliere della Legion d&#8217;Onore nel 1998, \u00e8 fondatore della Compagnie Preljocaj (1984), divenuta nel 1996 Ballet Preljocaj &#8211; Centre chor\u00e9graphique National d\u2019Aix-en Provence.<\/p>\n<\/blockquote>\n<p style=\"text-align: justify;\">Royaume Uni, spettacolo che Torinodanza Festival 2012 presenter\u00e0 in prima italiana, \u00e8 un appuntamento a lungo rimandato, il primo approccio di Preljocaj con un genere di danza che \u00e8 anche movimento culturale. Su invito del Festival Suresnes cit\u00e9s danse, Preljocaj ha creato un nuovo pezzo che \u00e8 principalmente la storia di un incontro tra un artista di eccezionale talento e un unico mondo, con quattro danzatrici hip-hop.<\/p>\n<p style=\"text-align: justify;\">\n<p>Teatro Carignano<br \/>\n23 &#8211; 24 ottobre 2012 &#8211; ore 20.30 &#8211; prima italiana<br \/>\nCoreografia <b>Angelin Preljocaj<\/b><br \/>\ncon <b>Carole Dauvillier, Jann Gallois, C\u00e9line Lef\u00e8vre, Emilie Sudre<\/b><br \/>\nmusiche originali <b>79D<\/b><br \/>\ncostumi <b>Nadine Lartigau<\/b><br \/>\nluci <b>C\u00e9cile Giovansili<\/b><br \/>\nassistente alla coreografia <b>Claudia De Smet<\/b><br \/>\ncoreologia <b>Dany Lev\u00eaque<\/b><br \/>\n<i>Th\u00e9\u00e2tre de Suresnes Jean Vilar<\/i><br \/>\nin coproduzione con Les Th\u00e9\u00e2tres de la Ville de Luxembourg<\/p>\n","protected":false},"excerpt":{"rendered":"<p>\u00abAbbiamo passato troppo tempo a separare corpo e anima. Parliamo spesso del corpo come di una busta. Ma, come Spinoza spiega molto bene, il corpo&hellip;<\/p>\n","protected":false},"author":1,"featured_media":0,"comment_status":"open","ping_status":"open","sticky":false,"template":"","format":"standard","meta":{"_acf_changed":false,"footnotes":""},"categories":[26],"tags":[],"class_list":["post-1796","post","type-post","status-publish","format-standard","hentry","category-edizione-2012"],"acf":[],"_links":{"self":[{"href":"http:\/\/www.torinodanzafestival.it\/index.php?rest_route=\/wp\/v2\/posts\/1796","targetHints":{"allow":["GET"]}}],"collection":[{"href":"http:\/\/www.torinodanzafestival.it\/index.php?rest_route=\/wp\/v2\/posts"}],"about":[{"href":"http:\/\/www.torinodanzafestival.it\/index.php?rest_route=\/wp\/v2\/types\/post"}],"author":[{"embeddable":true,"href":"http:\/\/www.torinodanzafestival.it\/index.php?rest_route=\/wp\/v2\/users\/1"}],"replies":[{"embeddable":true,"href":"http:\/\/www.torinodanzafestival.it\/index.php?rest_route=%2Fwp%2Fv2%2Fcomments&post=1796"}],"version-history":[{"count":0,"href":"http:\/\/www.torinodanzafestival.it\/index.php?rest_route=\/wp\/v2\/posts\/1796\/revisions"}],"wp:attachment":[{"href":"http:\/\/www.torinodanzafestival.it\/index.php?rest_route=%2Fwp%2Fv2%2Fmedia&parent=1796"}],"wp:term":[{"taxonomy":"category","embeddable":true,"href":"http:\/\/www.torinodanzafestival.it\/index.php?rest_route=%2Fwp%2Fv2%2Fcategories&post=1796"},{"taxonomy":"post_tag","embeddable":true,"href":"http:\/\/www.torinodanzafestival.it\/index.php?rest_route=%2Fwp%2Fv2%2Ftags&post=1796"}],"curies":[{"name":"wp","href":"https:\/\/api.w.org\/{rel}","templated":true}]}}