{"id":1798,"date":"2013-04-03T13:19:32","date_gmt":"2013-04-03T13:19:32","guid":{"rendered":"http:\/\/10.0.1.180\/?p=1798"},"modified":"2013-04-03T13:21:17","modified_gmt":"2013-04-03T13:21:17","slug":"the-old-king","status":"publish","type":"post","link":"http:\/\/www.torinodanzafestival.it\/?p=1798","title":{"rendered":"THE OLD KING"},"content":{"rendered":"<p style=\"text-align: justify;\"><a class=\"lightbox\" href=\"http:\/\/www.torinodanzafestival.it\/wp-content\/uploads\/2012\/05\/old_king.jpg\"><img loading=\"lazy\" decoding=\"async\" class=\"alignnone size-full wp-image-1459\" title=\"old_king\" src=\"http:\/\/www.torinodanzafestival.it\/wp-content\/uploads\/2012\/05\/old_king.jpg\" alt=\"\" width=\"580\" height=\"414\" srcset=\"http:\/\/www.torinodanzafestival.it\/wp-content\/uploads\/2012\/05\/old_king.jpg 800w, http:\/\/www.torinodanzafestival.it\/wp-content\/uploads\/2012\/05\/old_king-300x214.jpg 300w, http:\/\/www.torinodanzafestival.it\/wp-content\/uploads\/2012\/05\/old_king-768x549.jpg 768w, http:\/\/www.torinodanzafestival.it\/wp-content\/uploads\/2012\/05\/old_king-600x429.jpg 600w, http:\/\/www.torinodanzafestival.it\/wp-content\/uploads\/2012\/05\/old_king-558x399.jpg 558w, http:\/\/www.torinodanzafestival.it\/wp-content\/uploads\/2012\/05\/old_king-655x468.jpg 655w\" sizes=\"auto, (max-width: 580px) 100vw, 580px\" \/><\/a><\/p>\n<p style=\"text-align: justify;\">\u00abIn ogni singola persona riconosco un pensiero chiaro e profondo su se stessi, sul proprio linguaggio, sulla propria espressione. Uniamoci. In questi tempi moderni abbiamo bisogno pi\u00f9 che mai di confrontarci con i pensieri personali e collettivi\u00bb. Questo lavoro, espressione dell\u2019anima europea pi\u00f9 a Occidente nell\u2019affollata ed esuberante piattaforma coreutica de les ballets C de la B, riflette diverse fonti di ispirazione: una fotografia di Daniel Blaufuks, che ritrae un uomo malinconico che fuma, un volume sulle ginocchia; il libro della geografa Ana Francisca de Azevedo The Idea of Landscape, ma anche Sexual Personae di Camille Paglia. Ma alla base del processo creativo c\u2019\u00e8 essenzialmente il corpo di Romeu Runa.<\/p>\n<blockquote>\n<p style=\"text-align: justify;\">The Old King \u00e8 un uomo abbandonato da Dio e dagli uomini. Siede in solitudine su un palcoscenico nel tentativo di riflettere su di s\u00e9 e su ci\u00f2 che lo circonda. Nonostante il tormento interiore, costruisce una piattaforma, dalla quale potr\u00e0 affrontare la folla che incalza\u2026<\/p>\n<\/blockquote>\n<p style=\"text-align: justify;\">Miguel Moreira esprime con forza la spinta al cambiamento, per entrare in una nuova fase, per affrontare l\u2019ignoto. Una vitalit\u00e0 di stampo futurista che incastona follia e libert\u00e0, che si contrappone al progresso moderno inteso come sterile braccio di ferro continuo tra uomo e vita, tra slancio al movimento e inazione. Il cammino dell\u2019uomo non ha senso, sembrano dire i movimenti del danzatore, a meno che non si ceda ai sentimenti di irrequietezza, al corroborante balzo verso l&#8217;ignoto.<br \/>\nMiguel Moreira \u00e8 nato in Mozambico ma si \u00e8 formato in Portogallo, dove giovanissimo ha diretto collettivi di danza e creato coreografie per ensemble portoghesi. Nel 1994 prende parte a Skite, dove lavora con Carla Andermatt e Alain Platel: \u00e8 il primo approccio al metodo di lavoro de les ballets C de la B, con cui inizia a collaborare.<br \/>\nRomeu Runa si \u00e8 formato al Conservatorio Nazionale di Lisbona, esordendo nel Ballet Gulbenkian. La sua collaborazione con Miguel Moreira ha inizio con l\u2019Associa\u00e7\u00e3o Cultural Utero, creata nel 1999 e per la quale il coreografo ha realizzato numerose creazioni.<\/p>\n<p><strong>Cavallerizza Reale &#8211; Maneggio<br \/>\n13 &#8211; 14 ottobre 2012 ? prima italiana<br \/>\nore 20,30 [durata 65\u2019]<\/strong><\/p>\n<p>Creato da <strong>Miguel Moreira, Romeu Runa<\/strong><br \/>\ninterpretato da <strong>Romeu Runa<\/strong><br \/>\nmusica <strong>Pedro Carneiro<\/strong><br \/>\ncostumi <strong>Dino Alves<\/strong><br \/>\ndisegno luci <strong>Jo\u00e3o Garcia Miguel<\/strong><br \/>\nassistenza direzione <strong>Catarina Felix<\/strong><br \/>\ncoaching <strong>Alain Platel<\/strong><br \/>\ntecnica <strong>Carlo Bourguignon<\/strong><br \/>\nin collaborazione con Sandra Rosado, Jorge Rosado<br \/>\n<em>les ballets C de la B<br \/>\nin coproduzione con Torinodanza, CNB\/Teatro Cam\u00f5es (Lisbona), Teatro Cine em Torres Vedras, Centro Cultural Munic\u00edpio do Cartaxo, Centro Cultural Vila Flor (Guimar\u00e3es), Teatro Municipal de Faro e \u00datero Associa\u00e7\u00e3o Cultural, La rose des vents (Villeneuve d\u2019Ascq)<br \/>\ncon il supporto di Secretaria de Estado da Cultura\/DGArtes, C\u00e2mara Municipal de Almada, Espa\u00e7o do Tempo (Montemor-o-Novo)<br \/>\nresidenze artistiche a Uferstudios (Berlino), S3 les ballets C de la B (Ghent)<br \/>\nles ballets C de la B sono sostenuti da Citt\u00e0 di Ghent, Provincia delle Fiandre Orientali, Autorit\u00e0 fiamminghe<br \/>\n<\/em><\/p>\n","protected":false},"excerpt":{"rendered":"<p>\u00abIn ogni singola persona riconosco un pensiero chiaro e profondo su se stessi, sul proprio linguaggio, sulla propria espressione. Uniamoci. In questi tempi moderni abbiamo&hellip;<\/p>\n","protected":false},"author":1,"featured_media":0,"comment_status":"open","ping_status":"open","sticky":false,"template":"","format":"standard","meta":{"_acf_changed":false,"footnotes":""},"categories":[26],"tags":[],"class_list":["post-1798","post","type-post","status-publish","format-standard","hentry","category-edizione-2012"],"acf":[],"_links":{"self":[{"href":"http:\/\/www.torinodanzafestival.it\/index.php?rest_route=\/wp\/v2\/posts\/1798","targetHints":{"allow":["GET"]}}],"collection":[{"href":"http:\/\/www.torinodanzafestival.it\/index.php?rest_route=\/wp\/v2\/posts"}],"about":[{"href":"http:\/\/www.torinodanzafestival.it\/index.php?rest_route=\/wp\/v2\/types\/post"}],"author":[{"embeddable":true,"href":"http:\/\/www.torinodanzafestival.it\/index.php?rest_route=\/wp\/v2\/users\/1"}],"replies":[{"embeddable":true,"href":"http:\/\/www.torinodanzafestival.it\/index.php?rest_route=%2Fwp%2Fv2%2Fcomments&post=1798"}],"version-history":[{"count":0,"href":"http:\/\/www.torinodanzafestival.it\/index.php?rest_route=\/wp\/v2\/posts\/1798\/revisions"}],"wp:attachment":[{"href":"http:\/\/www.torinodanzafestival.it\/index.php?rest_route=%2Fwp%2Fv2%2Fmedia&parent=1798"}],"wp:term":[{"taxonomy":"category","embeddable":true,"href":"http:\/\/www.torinodanzafestival.it\/index.php?rest_route=%2Fwp%2Fv2%2Fcategories&post=1798"},{"taxonomy":"post_tag","embeddable":true,"href":"http:\/\/www.torinodanzafestival.it\/index.php?rest_route=%2Fwp%2Fv2%2Ftags&post=1798"}],"curies":[{"name":"wp","href":"https:\/\/api.w.org\/{rel}","templated":true}]}}