{"id":2717,"date":"2014-04-14T13:50:52","date_gmt":"2014-04-14T13:50:52","guid":{"rendered":"http:\/\/10.0.1.180\/?p=2717"},"modified":"2014-05-30T12:57:29","modified_gmt":"2014-05-30T12:57:29","slug":"torinodanza-festival-2014","status":"publish","type":"post","link":"http:\/\/www.torinodanzafestival.it\/?p=2717","title":{"rendered":"TORINODANZA FESTIVAL 2014"},"content":{"rendered":"<p style=\"text-align: justify;\">La nuova edizione del <b>Festival Torinodanza <\/b>&#8211; diretto da Gigi Cristoforetti e realizzato dalla Fondazione del Teatro Stabile di Torino &#8211; proporr\u00e0 a Torino, dal <b>9 settembre<\/b> al<b> 12 ottobre 2014<\/b>,<b> <\/b>i grandi maestri, amati e riconosciuti, della danza contemporanea internazionale e, dal<b> 20 novembre 2014 al 22 gennaio 2015<\/b>, alcuni significativi interpreti del panorama italiano; e quest\u2019anno, per la prima volta, in collaborazione con la Biennale de la Danse de Lyon programmer\u00e0 nel mese di <b>luglio <\/b>un\u2019anteprima straordinaria del <b>D\u00e9fil\u00e9<\/b>, una grande parata danzata che sfocer\u00e0 nella manifestazione che ogni due anni inaugura la rassegna francese. Un\u2019edizione che amplifica e sviluppa il progetto del Festival, grazie anche al particolare sostegno offerto da Compagnia di San Paolo, e alla partnership di Banca Intesa San Paolo e SNCF, con il sostegno di Ministero dei Beni e delle Attivit\u00e0 Culturali e del Turismo, Regione Piemonte, Citt\u00e0 di Torino. Torinodanza 2014 viene presentato all\u2019Ambasciata di Francia in Italia grazie all\u2019Institut fran\u00e7ais Italia\/Ambasciata di Francia in Italia proprio per sottolineare l\u2019importanza della cooperazione franco-italiana in questo progetto.<br \/>\nIl Festival si pone l\u2019obiettivo di sviluppare in modo parallelo l\u2019internazionalizzazione di Torinodanza, ospitando &#8211; come nelle passate edizioni &#8211; spettacoli di interesse artistico a livello mondiale, e attivando una nuova e strategica collaborazione con la Biennale de la Danse de Lyon che ha portato ad immaginare un festival pi\u00f9 concentrato nella durata, per essere in parallelo con la manifestazione lionese e che vedr\u00e0 al centro di questa sinergia proprio il D\u00e9fil\u00e9. Dall\u2019altro di consolidare il legame con il territorio sia attraverso il sostegno sempre pi\u00f9 concreto ed efficace alla danza nazionale e alle realt\u00e0 piemontesi, sia attraverso la collaborazione con le istituzioni e le associazioni piemontesi impegnate nella realizzazione del D\u00e9fil\u00e9.<br \/>\nAd una programmazione dall\u2019alto profilo qualitativo corrisponde una declinazione quantitativa del festival altrettanto significativa: 17 spettacoli, 25 rappresentazioni, 8 prime nazionali, 3 coproduzioni, 15 compagnie ospitate, provenienti da 7 diversi paesi (Australia, Belgio, Cina, Francia, Israele, Italia e Spagna). A questi dati numerici si aggiungono quelli del progetto D\u00e9fil\u00e9: 1.000 partecipanti (cinquecento \u201camateurs\u201d piemontesi pi\u00f9 cinquecento \u201camateurs\u201d lionesi), 21 associazioni e scuole di danza, ballo, spettacolo di strada, arti circensi e acrobatica coinvolte, provenienti da 9 diversi Comuni del Piemonte, 4 compagnie professioniste di teatro delle marionette piemontesi implicate nella costruzione di circa 300 marionette e altrettanti costumi. Una sfida complessa e innovativa.<\/p>\n<p style=\"text-align: justify;\"><b>TORINODANZA\/D\u00c9FIL\u00c9<\/b><\/p>\n<p style=\"text-align: justify;\">Il Festival Torinodanza, una delle realt\u00e0 pi\u00f9 rilevanti a livello europeo, riafferma il proprio ruolo non solo proponendo un programma curioso ed appassionante, aperto alla multidisciplinarit\u00e0 e ai diversi linguaggi, ma anche attuando l\u2019ampio progetto di collaborazione con la Biennale de la Danse de Lyon, che varca i confini della creazione artistica sul palcoscenico per presentare una performance condivisa, quella del D\u00e9fil\u00e9. Occasione che, per le sue caratteristiche popolari e sociali, integra lo scambio artistico con l\u2019attenzione per diversi ambiti sociali, e che afferma un modello di sviluppo di una manifestazione culturale come spazio di incontro sociale aperto a tutti. Un grande sforzo produttivo che vedr\u00e0 coinvolti circa 1.000 danzatori non professionisti di cui 500 francesi e 500 italiani di 21 associazioni piemontesi che danzeranno, con marionette manipolate dagli interpreti stessi, le varie discipline (dal tango al contemporaneo); quattro compagnie specializzate che hanno coordinato altre decine di volontari, alcuni scelti nell\u2019area della disabilit\u00e0, oltre che gli studenti dell\u2019Accademia Albertina di Belle Arti e del MAAF MarionettArt Accademia della Figura di Pinerolo per la costruzione di questi straordinari \u201coggetti\u201d danzanti.<br \/>\nLa formazione, iniziata nel dicembre 2013, \u00e8 guidata da uno staff costituito dal coreografo lionese Denis Plassard e dalla sua assistente torinese Elena Rolla, mentre un\u2019artista di grande valore come Emilie Valantin \u00e8 stata incaricata di progettare le marionette utilizzate durante il D\u00e9fil\u00e9.<br \/>\nI primi appuntamenti del Festival 2014 saranno proprio quelli con le diverse tappe del D\u00e9fil\u00e9: un assaggio della manifestazione il 21 giugno a Pinerolo, un\u2019anteprima il 22 giugno a Fossano per poi approdare a Torino al <b>D\u00e9fil\u00e9 di Torinodanza del<\/b> <b>6 luglio 2014<\/b> che vedr\u00e0 sfilare circa 1.000 danzatori torinesi e lionesi. Il gruppo, formatosi per la sfilata di Torino, parteciper\u00e0 poi, il 14 settembre 2014, alla grande parata inaugurale della Biennale de la Danse de Lyon che vedr\u00e0 coinvolti complessivamente 6.000 danzatori non professionisti e una media di 250.000 spettatori. In omaggio a questa manifestazione il 21 settembre, al Teatro Carignano, verr\u00e0 proiettato in collaborazione con il Prix Italia lo Speciale di France 3 T\u00e9l\u00e9vision Rh\u00f4ne-Alpes<b> <\/b>dedicato al D\u00e9fil\u00e9 di Lyon.<br \/>\nProgetto condiviso e sostenuto dalla Compagnia di San Paolo, con il supporto della Citt\u00e0 di Torino e della Regione Piemonte, il D\u00e9fil\u00e9 si inserisce in una dinamica franco-italiana che conta sull\u2019appoggio dell\u2019Institut Fran\u00e7ais e della Fondazione Live Piemonte dal Vivo &#8211; Circuito Regionale dello Spettacolo.<br \/>\nL\u2019asse strategico Torino &#8211; Lione, che vede la Citt\u00e0 di Torino particolarmente impegnata, \u00e8 un punto di partenza che oltre agli aspetti artistici vede intrecciarsi interessi concreti, a livello istituzionale, economico e turistico, di due Citt\u00e0 e di due Regioni in un\u2019ottica di sviluppo delle politiche transfrontaliere ed europee. La collaborazione \u00e8 davvero inedita e investe aspetti organizzativi e prevede inoltre, grazie anche a SNCF, un vivace dialogo turistico e sociale tra le due citt\u00e0, che Torinodanza incanala in offerte precise a disposizione di cittadini e appassionati di danza anche grazie alla partecipazione di Turismo Torino. Una risonanza sociale che speriamo destinata a svilupparsi nel tempo.<\/p>\n<p style=\"text-align: justify;\">\u00a0<b>TORINODANZA\/IL FESTIVAL <\/b><\/p>\n<p style=\"text-align: justify;\">L\u2019inaugurazione di Torinodanza 2014 sar\u00e0 affidata ad uno degli ensemble pi\u00f9 moderni, innovativi e cosmopoliti della scena internazionale, <b>les ballets C de la B<\/b>, diretti da uno dei maestri pi\u00f9 amati della danza contemporanea, <b>Alain Platel<\/b>, partner del festival dal 2005, che proporranno, in prima italiana, il 9 settembre <i>tauberbach <\/i>alle Fonderie Limone di Moncalieri.<br \/>\nIl 13 settembre sar\u00e0 una serata esclusiva, dalle caratteristiche insolite quanto eccezionali: l\u2019incontro di due grandissime danzatrici, dal profilo artistico distante ma accomunate da talento e carisma. <b>Carolyn Carlson<\/b> si confronter\u00e0 con <b>Eva Yerbabuena<\/b> nello spettacolo <i>Incontri<\/i>, creato e rappresentato una sola volta a Parigi, e che giunge a Torino abbinato ad un <i>solo<\/i> di Eva Yerbabuena, dal titolo <i>Ay! <\/i>\u00a0(Teatro Carignano &#8211; prima italiana).<br \/>\nDopo l\u2019enorme successo de <i>Le centaure et l&#8217;animal<\/i> (visto a Torinodanza nel 2011), <b>Bartabas<\/b> accoglie ora <b>Andr\u00e9s Mar\u00edn<\/b>, talentuoso danzatore di flamenco, in uno spettacolo che suggella l\u2019incontro tra danza equestre e gesti di un\u2019altra arte secolare: <i>Golgota<\/i> che debutter\u00e0 in prima italiana alle Fonderie Limone Moncalieri,<b> <\/b>dal<b> <\/b>17 al 20 settembre. <i>Torinodanza 2014<\/i>, come gli scorsi anni, prosegue la sinergia con MITO SettembreMusica per questi spettacoli di apertura del Festival.<br \/>\nCon un capolavoro d\u2019invenzione e acrobaticit\u00e0 della compagnia australiana <b>Circa<\/b><i> <\/i>arriver\u00e0 a Torinodanza, il 22 e 23 settembre al Carignano, un nuovo appuntamento con il circo contemporaneo:<i> CIRCA<\/i> \u00e8 il titolo del loro \u201cbest of\u201d, un\u2019opera per sette interpreti tratta dai migliori spettacoli del repertorio della compagnia.<br \/>\nIl 27 e 28 settembre sar\u00e0 in scena al Teatro Carignano <i>Aide Memoire<\/i> della <b>Kibbutz Contemporary Dance Company<\/b>, uno spettacolo-memorandum ipnotico e potente che racconta l\u2019impatto della memoria dell\u2019Olocausto sulla nostra quotidianit\u00e0, un monito a ricordare gli orrori e gli errori del passato affinch\u00e9 non si ripetano. <i>Aide Memoire <\/i>\u00e8 programmato con il sostegno dell\u2019Ambasciata di Israele in Italia in collaborazione con Torino Spiritualit\u00e0. Dopo <i>May B <\/i>e <i>Salves<\/i>, <b>Maguy Marin<\/b>,<b> <\/b>una delle coreografe pi\u00f9 importanti del nostro tempo, presenta due nuovi spettacoli, in prima italiana: <i>Creazione 2014<\/i> (titolo da definire) il 30 settembre al Teatro Carignano e <i>Nocturnes<\/i>, lunga sequenza di piccoli sketch assai delicati e ironici, il 2 ottobre alle Fonderie Limone di Moncalieri.<br \/>\nIl 7 e l\u20198 ottobre, alle Fonderie Limone di Moncalieri, debutter\u00e0 in prima italiana <i>Plexus<\/i> che rappresenta l\u2019incontro di due artisti ben conosciuti al pubblico di Torinodanza: <b>Aur\u00e9lien Bory<\/b>, coreografo che ha presentato nel 2013 a Torino il suo <i>Plan B<\/i>, e <b>Kaori Ito<\/b>, una delle danzatrici simbolo di Alain Platel.<br \/>\n<i>Coup Fatal <\/i>\u00e8 l\u2019incredibile progetto de <b>les ballets C de la B<\/b> che chiude Torinodanza: un\u2019esperienza curiosa e originale, trasversale a tutti i linguaggi e a tutte le culture che vedr\u00e0 coinvolti il controtenore <b>Serge Kakudji<\/b>, una vera e propria orchestra, un altro artista congolese, <b>Freddy Tsimba<\/b>, sotto la direzione artistica di<b> Alain<\/b> <b>Platel<\/b> (10 \u2013 12 ottobre 2014, Fonderie Limone di Moncalieri, prima italiana).<br \/>\nTra la fine di Torinodanza e l\u2019inizio della nuova Stagione della Fondazione del Teatro Stabile di Torino in un progetto condiviso fra il Festival e lo Stabile torinese verr\u00e0 presentato alle Fonderie Limone di Moncalieri, il 17 e il 18 ottobre, <i>Rhinoceros in Love <\/i>un classico del teatro moderno cinese del giovane e affermato regista <b>Meng Jinghui<\/b>, risultato di una ricerca anche sul gesto e sul movimento.<\/p>\n<p style=\"text-align: justify;\"><b>TORINODANZA\/MADE.IT<\/b><\/p>\n<p style=\"text-align: justify;\">Dal 20 novembre 2014 al 22 gennaio 2015 Torinodanza proporr\u00e0 <b>Made.IT<\/b>, una sezione integrata a livello artistico, ma autonoma come calendario: ai coreografi e danzatori internazionali si affiancheranno gli interpreti italiani inseriti in un progetto dedicato all\u2019Italia ma anche al Piemonte, realizzato in partnership con la NID\/New Italian Dance Platform e con Interplay\/14. Ad aprire la rassegna saranno, alle Fonderie Limone di Moncalieri, il 20 novembre 2014 <b>Enzo Cosimi<\/b> con <i>Welcome to my world<\/i><b> <\/b>in abbinamento con lo spettacolo di <b>Andrea Gallo Rosso <\/b><i>I meet you\u2026 if you want. <\/i>Sempre alle Fonderie Limone, l\u201911 dicembre debutter\u00e0 <i>Creazione 2014<\/i> (titolo da definire) di <b>Ambra Senatore <\/b>abbinata a <b>Riccardo Buscarini<\/b> che presenter\u00e0 <i>Athletes<\/i>. Infine il 22 gennaio 2015, andranno in scena gli spettacoli di <b>Alessandro Sciarroni<\/b> <i>UNTITLED_I will be there when you die <\/i>e <i>L.A.N.D Where is my love<\/i> con la coreografia di <b>Daniele Ninarello<\/b> (Fonderie Limone Moncalieri).<br \/>\nNel cammino intrapreso da Torinodanza, la collaborazione con la Biennale di Lyon si estende ad un importante progetto europeo, l\u2019European Video Dance Heritage Project che, partendo da un sito sviluppato proprio dalla Biennale, www.numeridanse.it, pone il tema della disponibilit\u00e0 per il pubblico di un\u2019adeguata videoteca on-line di danza contemporanea, che preservi la memoria artistica in ambito coreografico.<\/p>\n<p style=\"text-align: justify;\">Torinodanza 2014 \u00e8 un progetto realizzato da Torinodanza Festival\/Fondazione del Teatro Stabile di Torino, con il particolare sostegno di Compagnia di San Paolo, con il sostegno di Ministero dei Beni e delle Attivit\u00e0 Culturali e del Turismo, Regione Piemonte, Citt\u00e0 di Torino, Fondazione per la Cultura Torino, Provincia di Torino, Fondazione Live Piemonte dal Vivo &#8211; Circuito Regionale dello Spettacolo, con il partenariato di Intesa Sanpaolo, di SNCF e in collaborazione con la Biennale de la Danse de Lyon; in collaborazione con Institut fran\u00e7ais Italia\/Ambasciata di Francia in Italia, Fondazione Nuovi Mecenati, fondazione franco-italiana per la creazione contemporanea, Ambasciata di Israele in Italia, Citt\u00e0 di Moncalieri, Teatro Regio Torino, MITO SettembreMusica, Interplay, Prix Italia, Torino Spiritualit\u00e0, il Circolo dei lettori, Sistema Teatro Torino e Provincia, NID &#8211; New Italian Dance Platform, Mirabilia International Circus &amp; Performing Arts Festival, Unione Musicale Onlus, Accademia Albertina di Belle Arti di Torino, MAAF MarionettArt Accademia della Figura.<\/p>\n<div id='gallery-1' class='gallery galleryid-2717 gallery-columns-9 gallery-size-thumbnail'><figure class='gallery-item'>\n\t\t\t<div class='gallery-icon portrait'>\n\t\t\t\t<a href='http:\/\/www.torinodanzafestival.it\/wp-content\/uploads\/2014\/04\/01_TORINODANZA_2014_Immagine_guida_\u00a9-Christopher-Peddecord-.jpg'><img loading=\"lazy\" decoding=\"async\" width=\"150\" height=\"150\" src=\"http:\/\/www.torinodanzafestival.it\/wp-content\/uploads\/2014\/04\/01_TORINODANZA_2014_Immagine_guida_\u00a9-Christopher-Peddecord--150x150.jpg\" class=\"attachment-thumbnail size-thumbnail\" alt=\"\" srcset=\"http:\/\/www.torinodanzafestival.it\/wp-content\/uploads\/2014\/04\/01_TORINODANZA_2014_Immagine_guida_\u00a9-Christopher-Peddecord--150x150.jpg 150w, http:\/\/www.torinodanzafestival.it\/wp-content\/uploads\/2014\/04\/01_TORINODANZA_2014_Immagine_guida_\u00a9-Christopher-Peddecord--560x560.jpg 560w, http:\/\/www.torinodanzafestival.it\/wp-content\/uploads\/2014\/04\/01_TORINODANZA_2014_Immagine_guida_\u00a9-Christopher-Peddecord--468x468.jpg 468w, http:\/\/www.torinodanzafestival.it\/wp-content\/uploads\/2014\/04\/01_TORINODANZA_2014_Immagine_guida_\u00a9-Christopher-Peddecord--100x100.jpg 100w, http:\/\/www.torinodanzafestival.it\/wp-content\/uploads\/2014\/04\/01_TORINODANZA_2014_Immagine_guida_\u00a9-Christopher-Peddecord--110x110.jpg 110w, http:\/\/www.torinodanzafestival.it\/wp-content\/uploads\/2014\/04\/01_TORINODANZA_2014_Immagine_guida_\u00a9-Christopher-Peddecord--220x220.jpg 220w\" sizes=\"auto, (max-width: 150px) 100vw, 150px\" \/><\/a>\n\t\t\t<\/div><\/figure><figure class='gallery-item'>\n\t\t\t<div class='gallery-icon portrait'>\n\t\t\t\t<a href='http:\/\/www.torinodanzafestival.it\/wp-content\/uploads\/2014\/04\/02_Tauberbach\u00a9Chris-Van-der-Burght.jpg'><img loading=\"lazy\" decoding=\"async\" width=\"150\" height=\"150\" src=\"http:\/\/www.torinodanzafestival.it\/wp-content\/uploads\/2014\/04\/02_Tauberbach\u00a9Chris-Van-der-Burght-150x150.jpg\" class=\"attachment-thumbnail size-thumbnail\" alt=\"\" srcset=\"http:\/\/www.torinodanzafestival.it\/wp-content\/uploads\/2014\/04\/02_Tauberbach\u00a9Chris-Van-der-Burght-150x150.jpg 150w, http:\/\/www.torinodanzafestival.it\/wp-content\/uploads\/2014\/04\/02_Tauberbach\u00a9Chris-Van-der-Burght-468x468.jpg 468w, http:\/\/www.torinodanzafestival.it\/wp-content\/uploads\/2014\/04\/02_Tauberbach\u00a9Chris-Van-der-Burght-100x100.jpg 100w, http:\/\/www.torinodanzafestival.it\/wp-content\/uploads\/2014\/04\/02_Tauberbach\u00a9Chris-Van-der-Burght-110x110.jpg 110w\" sizes=\"auto, (max-width: 150px) 100vw, 150px\" \/><\/a>\n\t\t\t<\/div><\/figure><figure class='gallery-item'>\n\t\t\t<div class='gallery-icon landscape'>\n\t\t\t\t<a href='http:\/\/www.torinodanzafestival.it\/wp-content\/uploads\/2014\/04\/03_Incontri@Th\u00e9\u00e2tre-National-de-Chaillot.jpg'><img loading=\"lazy\" decoding=\"async\" width=\"150\" height=\"150\" src=\"http:\/\/www.torinodanzafestival.it\/wp-content\/uploads\/2014\/04\/03_Incontri@Th\u00e9\u00e2tre-National-de-Chaillot-150x150.jpg\" class=\"attachment-thumbnail size-thumbnail\" alt=\"\" srcset=\"http:\/\/www.torinodanzafestival.it\/wp-content\/uploads\/2014\/04\/03_Incontri@Th\u00e9\u00e2tre-National-de-Chaillot-150x150.jpg 150w, http:\/\/www.torinodanzafestival.it\/wp-content\/uploads\/2014\/04\/03_Incontri@Th\u00e9\u00e2tre-National-de-Chaillot-468x468.jpg 468w, http:\/\/www.torinodanzafestival.it\/wp-content\/uploads\/2014\/04\/03_Incontri@Th\u00e9\u00e2tre-National-de-Chaillot-100x100.jpg 100w, http:\/\/www.torinodanzafestival.it\/wp-content\/uploads\/2014\/04\/03_Incontri@Th\u00e9\u00e2tre-National-de-Chaillot-110x110.jpg 110w\" sizes=\"auto, (max-width: 150px) 100vw, 150px\" \/><\/a>\n\t\t\t<\/div><\/figure><figure class='gallery-item'>\n\t\t\t<div class='gallery-icon landscape'>\n\t\t\t\t<a href='http:\/\/www.torinodanzafestival.it\/wp-content\/uploads\/2014\/04\/04_AY_Foto-archivio-Eva-Yerbabuena\u00a9David-P\u00e9rez.jpg'><img loading=\"lazy\" decoding=\"async\" width=\"150\" height=\"150\" src=\"http:\/\/www.torinodanzafestival.it\/wp-content\/uploads\/2014\/04\/04_AY_Foto-archivio-Eva-Yerbabuena\u00a9David-P\u00e9rez-150x150.jpg\" class=\"attachment-thumbnail size-thumbnail\" alt=\"\" srcset=\"http:\/\/www.torinodanzafestival.it\/wp-content\/uploads\/2014\/04\/04_AY_Foto-archivio-Eva-Yerbabuena\u00a9David-P\u00e9rez-150x150.jpg 150w, http:\/\/www.torinodanzafestival.it\/wp-content\/uploads\/2014\/04\/04_AY_Foto-archivio-Eva-Yerbabuena\u00a9David-P\u00e9rez-468x468.jpg 468w, http:\/\/www.torinodanzafestival.it\/wp-content\/uploads\/2014\/04\/04_AY_Foto-archivio-Eva-Yerbabuena\u00a9David-P\u00e9rez-100x100.jpg 100w, http:\/\/www.torinodanzafestival.it\/wp-content\/uploads\/2014\/04\/04_AY_Foto-archivio-Eva-Yerbabuena\u00a9David-P\u00e9rez-110x110.jpg 110w\" sizes=\"auto, (max-width: 150px) 100vw, 150px\" \/><\/a>\n\t\t\t<\/div><\/figure><figure class='gallery-item'>\n\t\t\t<div class='gallery-icon portrait'>\n\t\t\t\t<a href='http:\/\/www.torinodanzafestival.it\/wp-content\/uploads\/2014\/04\/05_Golgota\u00a9Nabil-Boutros.jpg'><img loading=\"lazy\" decoding=\"async\" width=\"150\" height=\"150\" src=\"http:\/\/www.torinodanzafestival.it\/wp-content\/uploads\/2014\/04\/05_Golgota\u00a9Nabil-Boutros-150x150.jpg\" class=\"attachment-thumbnail size-thumbnail\" alt=\"\" srcset=\"http:\/\/www.torinodanzafestival.it\/wp-content\/uploads\/2014\/04\/05_Golgota\u00a9Nabil-Boutros-150x150.jpg 150w, http:\/\/www.torinodanzafestival.it\/wp-content\/uploads\/2014\/04\/05_Golgota\u00a9Nabil-Boutros-468x468.jpg 468w, http:\/\/www.torinodanzafestival.it\/wp-content\/uploads\/2014\/04\/05_Golgota\u00a9Nabil-Boutros-100x100.jpg 100w, http:\/\/www.torinodanzafestival.it\/wp-content\/uploads\/2014\/04\/05_Golgota\u00a9Nabil-Boutros-110x110.jpg 110w\" sizes=\"auto, (max-width: 150px) 100vw, 150px\" \/><\/a>\n\t\t\t<\/div><\/figure><figure class='gallery-item'>\n\t\t\t<div class='gallery-icon portrait'>\n\t\t\t\t<a href='http:\/\/www.torinodanzafestival.it\/wp-content\/uploads\/2014\/04\/06_CIRCA\u00a9Justin-Nicholas.jpg'><img loading=\"lazy\" decoding=\"async\" width=\"150\" height=\"150\" src=\"http:\/\/www.torinodanzafestival.it\/wp-content\/uploads\/2014\/04\/06_CIRCA\u00a9Justin-Nicholas-150x150.jpg\" class=\"attachment-thumbnail size-thumbnail\" alt=\"\" srcset=\"http:\/\/www.torinodanzafestival.it\/wp-content\/uploads\/2014\/04\/06_CIRCA\u00a9Justin-Nicholas-150x150.jpg 150w, http:\/\/www.torinodanzafestival.it\/wp-content\/uploads\/2014\/04\/06_CIRCA\u00a9Justin-Nicholas-468x468.jpg 468w, http:\/\/www.torinodanzafestival.it\/wp-content\/uploads\/2014\/04\/06_CIRCA\u00a9Justin-Nicholas-100x100.jpg 100w, http:\/\/www.torinodanzafestival.it\/wp-content\/uploads\/2014\/04\/06_CIRCA\u00a9Justin-Nicholas-110x110.jpg 110w\" sizes=\"auto, (max-width: 150px) 100vw, 150px\" \/><\/a>\n\t\t\t<\/div><\/figure><figure class='gallery-item'>\n\t\t\t<div class='gallery-icon portrait'>\n\t\t\t\t<a href='http:\/\/www.torinodanzafestival.it\/wp-content\/uploads\/2014\/04\/07_Aide-Memoire\u00a9Uri-Nevo.jpg'><img loading=\"lazy\" decoding=\"async\" width=\"150\" height=\"150\" src=\"http:\/\/www.torinodanzafestival.it\/wp-content\/uploads\/2014\/04\/07_Aide-Memoire\u00a9Uri-Nevo-150x150.jpg\" class=\"attachment-thumbnail size-thumbnail\" alt=\"\" srcset=\"http:\/\/www.torinodanzafestival.it\/wp-content\/uploads\/2014\/04\/07_Aide-Memoire\u00a9Uri-Nevo-150x150.jpg 150w, http:\/\/www.torinodanzafestival.it\/wp-content\/uploads\/2014\/04\/07_Aide-Memoire\u00a9Uri-Nevo-468x468.jpg 468w, http:\/\/www.torinodanzafestival.it\/wp-content\/uploads\/2014\/04\/07_Aide-Memoire\u00a9Uri-Nevo-100x100.jpg 100w, http:\/\/www.torinodanzafestival.it\/wp-content\/uploads\/2014\/04\/07_Aide-Memoire\u00a9Uri-Nevo-110x110.jpg 110w\" sizes=\"auto, (max-width: 150px) 100vw, 150px\" \/><\/a>\n\t\t\t<\/div><\/figure><figure class='gallery-item'>\n\t\t\t<div class='gallery-icon landscape'>\n\t\t\t\t<a href='http:\/\/www.torinodanzafestival.it\/wp-content\/uploads\/2014\/04\/08_Turba-2007_Foto_Archivio_M_Marin_\u00a9Didier-Grappe.jpg'><img loading=\"lazy\" decoding=\"async\" width=\"150\" height=\"150\" src=\"http:\/\/www.torinodanzafestival.it\/wp-content\/uploads\/2014\/04\/08_Turba-2007_Foto_Archivio_M_Marin_\u00a9Didier-Grappe-150x150.jpg\" class=\"attachment-thumbnail size-thumbnail\" alt=\"\" srcset=\"http:\/\/www.torinodanzafestival.it\/wp-content\/uploads\/2014\/04\/08_Turba-2007_Foto_Archivio_M_Marin_\u00a9Didier-Grappe-150x150.jpg 150w, http:\/\/www.torinodanzafestival.it\/wp-content\/uploads\/2014\/04\/08_Turba-2007_Foto_Archivio_M_Marin_\u00a9Didier-Grappe-468x468.jpg 468w, http:\/\/www.torinodanzafestival.it\/wp-content\/uploads\/2014\/04\/08_Turba-2007_Foto_Archivio_M_Marin_\u00a9Didier-Grappe-100x100.jpg 100w, http:\/\/www.torinodanzafestival.it\/wp-content\/uploads\/2014\/04\/08_Turba-2007_Foto_Archivio_M_Marin_\u00a9Didier-Grappe-110x110.jpg 110w\" sizes=\"auto, (max-width: 150px) 100vw, 150px\" \/><\/a>\n\t\t\t<\/div><\/figure><figure class='gallery-item'>\n\t\t\t<div class='gallery-icon landscape'>\n\t\t\t\t<a href='http:\/\/www.torinodanzafestival.it\/wp-content\/uploads\/2014\/04\/10_Plexus@Mario-Del-Curto.jpg'><img loading=\"lazy\" decoding=\"async\" width=\"150\" height=\"150\" src=\"http:\/\/www.torinodanzafestival.it\/wp-content\/uploads\/2014\/04\/10_Plexus@Mario-Del-Curto-150x150.jpg\" class=\"attachment-thumbnail size-thumbnail\" alt=\"\" srcset=\"http:\/\/www.torinodanzafestival.it\/wp-content\/uploads\/2014\/04\/10_Plexus@Mario-Del-Curto-150x150.jpg 150w, http:\/\/www.torinodanzafestival.it\/wp-content\/uploads\/2014\/04\/10_Plexus@Mario-Del-Curto-468x468.jpg 468w, http:\/\/www.torinodanzafestival.it\/wp-content\/uploads\/2014\/04\/10_Plexus@Mario-Del-Curto-100x100.jpg 100w, http:\/\/www.torinodanzafestival.it\/wp-content\/uploads\/2014\/04\/10_Plexus@Mario-Del-Curto-110x110.jpg 110w\" sizes=\"auto, (max-width: 150px) 100vw, 150px\" \/><\/a>\n\t\t\t<\/div><\/figure><figure class='gallery-item'>\n\t\t\t<div class='gallery-icon landscape'>\n\t\t\t\t<a href='http:\/\/www.torinodanzafestival.it\/wp-content\/uploads\/2014\/04\/13_-Welcome-to-my-world\u00a9Stefano-Galanti.jpg'><img loading=\"lazy\" decoding=\"async\" width=\"150\" height=\"150\" src=\"http:\/\/www.torinodanzafestival.it\/wp-content\/uploads\/2014\/04\/13_-Welcome-to-my-world\u00a9Stefano-Galanti-150x150.jpg\" class=\"attachment-thumbnail size-thumbnail\" alt=\"\" srcset=\"http:\/\/www.torinodanzafestival.it\/wp-content\/uploads\/2014\/04\/13_-Welcome-to-my-world\u00a9Stefano-Galanti-150x150.jpg 150w, http:\/\/www.torinodanzafestival.it\/wp-content\/uploads\/2014\/04\/13_-Welcome-to-my-world\u00a9Stefano-Galanti-560x560.jpg 560w, http:\/\/www.torinodanzafestival.it\/wp-content\/uploads\/2014\/04\/13_-Welcome-to-my-world\u00a9Stefano-Galanti-468x468.jpg 468w, http:\/\/www.torinodanzafestival.it\/wp-content\/uploads\/2014\/04\/13_-Welcome-to-my-world\u00a9Stefano-Galanti-100x100.jpg 100w, http:\/\/www.torinodanzafestival.it\/wp-content\/uploads\/2014\/04\/13_-Welcome-to-my-world\u00a9Stefano-Galanti-110x110.jpg 110w, http:\/\/www.torinodanzafestival.it\/wp-content\/uploads\/2014\/04\/13_-Welcome-to-my-world\u00a9Stefano-Galanti-220x220.jpg 220w\" sizes=\"auto, (max-width: 150px) 100vw, 150px\" \/><\/a>\n\t\t\t<\/div><\/figure><figure class='gallery-item'>\n\t\t\t<div class='gallery-icon landscape'>\n\t\t\t\t<a href='http:\/\/www.torinodanzafestival.it\/wp-content\/uploads\/2014\/04\/11_Coup-fatal\u00a9Jan-Mergaert.jpg'><img loading=\"lazy\" decoding=\"async\" width=\"150\" height=\"150\" src=\"http:\/\/www.torinodanzafestival.it\/wp-content\/uploads\/2014\/04\/11_Coup-fatal\u00a9Jan-Mergaert-150x150.jpg\" class=\"attachment-thumbnail size-thumbnail\" alt=\"\" srcset=\"http:\/\/www.torinodanzafestival.it\/wp-content\/uploads\/2014\/04\/11_Coup-fatal\u00a9Jan-Mergaert-150x150.jpg 150w, http:\/\/www.torinodanzafestival.it\/wp-content\/uploads\/2014\/04\/11_Coup-fatal\u00a9Jan-Mergaert-468x468.jpg 468w, http:\/\/www.torinodanzafestival.it\/wp-content\/uploads\/2014\/04\/11_Coup-fatal\u00a9Jan-Mergaert-100x100.jpg 100w, http:\/\/www.torinodanzafestival.it\/wp-content\/uploads\/2014\/04\/11_Coup-fatal\u00a9Jan-Mergaert-110x110.jpg 110w\" sizes=\"auto, (max-width: 150px) 100vw, 150px\" \/><\/a>\n\t\t\t<\/div><\/figure><figure class='gallery-item'>\n\t\t\t<div class='gallery-icon landscape'>\n\t\t\t\t<a href='http:\/\/www.torinodanzafestival.it\/wp-content\/uploads\/2014\/04\/12_Rhinoceros_@Guoqi.jpg'><img loading=\"lazy\" decoding=\"async\" width=\"150\" height=\"150\" src=\"http:\/\/www.torinodanzafestival.it\/wp-content\/uploads\/2014\/04\/12_Rhinoceros_@Guoqi-150x150.jpg\" class=\"attachment-thumbnail size-thumbnail\" alt=\"\" srcset=\"http:\/\/www.torinodanzafestival.it\/wp-content\/uploads\/2014\/04\/12_Rhinoceros_@Guoqi-150x150.jpg 150w, http:\/\/www.torinodanzafestival.it\/wp-content\/uploads\/2014\/04\/12_Rhinoceros_@Guoqi-468x468.jpg 468w, http:\/\/www.torinodanzafestival.it\/wp-content\/uploads\/2014\/04\/12_Rhinoceros_@Guoqi-100x100.jpg 100w, http:\/\/www.torinodanzafestival.it\/wp-content\/uploads\/2014\/04\/12_Rhinoceros_@Guoqi-110x110.jpg 110w\" sizes=\"auto, (max-width: 150px) 100vw, 150px\" \/><\/a>\n\t\t\t<\/div><\/figure><figure class='gallery-item'>\n\t\t\t<div class='gallery-icon landscape'>\n\t\t\t\t<a href='http:\/\/www.torinodanzafestival.it\/wp-content\/uploads\/2014\/04\/14_Foto-Archivio-spettacolo-OCCHI_Archivio-Andrea-Gallo-Rosso\u00a9Angelo-Bellotti-Copia.jpg'><img loading=\"lazy\" decoding=\"async\" width=\"150\" height=\"150\" src=\"http:\/\/www.torinodanzafestival.it\/wp-content\/uploads\/2014\/04\/14_Foto-Archivio-spettacolo-OCCHI_Archivio-Andrea-Gallo-Rosso\u00a9Angelo-Bellotti-Copia-150x150.jpg\" class=\"attachment-thumbnail size-thumbnail\" alt=\"\" srcset=\"http:\/\/www.torinodanzafestival.it\/wp-content\/uploads\/2014\/04\/14_Foto-Archivio-spettacolo-OCCHI_Archivio-Andrea-Gallo-Rosso\u00a9Angelo-Bellotti-Copia-150x150.jpg 150w, http:\/\/www.torinodanzafestival.it\/wp-content\/uploads\/2014\/04\/14_Foto-Archivio-spettacolo-OCCHI_Archivio-Andrea-Gallo-Rosso\u00a9Angelo-Bellotti-Copia-468x468.jpg 468w, http:\/\/www.torinodanzafestival.it\/wp-content\/uploads\/2014\/04\/14_Foto-Archivio-spettacolo-OCCHI_Archivio-Andrea-Gallo-Rosso\u00a9Angelo-Bellotti-Copia-100x100.jpg 100w, http:\/\/www.torinodanzafestival.it\/wp-content\/uploads\/2014\/04\/14_Foto-Archivio-spettacolo-OCCHI_Archivio-Andrea-Gallo-Rosso\u00a9Angelo-Bellotti-Copia-110x110.jpg 110w\" sizes=\"auto, (max-width: 150px) 100vw, 150px\" \/><\/a>\n\t\t\t<\/div><\/figure><figure class='gallery-item'>\n\t\t\t<div class='gallery-icon landscape'>\n\t\t\t\t<a href='http:\/\/www.torinodanzafestival.it\/wp-content\/uploads\/2014\/04\/15_Foto-spettacolo_Non-so-fare-maglie_Archivio-Ambra-Senatore\u00a9Ilaria_Turba.jpg'><img loading=\"lazy\" decoding=\"async\" width=\"150\" height=\"150\" src=\"http:\/\/www.torinodanzafestival.it\/wp-content\/uploads\/2014\/04\/15_Foto-spettacolo_Non-so-fare-maglie_Archivio-Ambra-Senatore\u00a9Ilaria_Turba-150x150.jpg\" class=\"attachment-thumbnail size-thumbnail\" alt=\"\" srcset=\"http:\/\/www.torinodanzafestival.it\/wp-content\/uploads\/2014\/04\/15_Foto-spettacolo_Non-so-fare-maglie_Archivio-Ambra-Senatore\u00a9Ilaria_Turba-150x150.jpg 150w, http:\/\/www.torinodanzafestival.it\/wp-content\/uploads\/2014\/04\/15_Foto-spettacolo_Non-so-fare-maglie_Archivio-Ambra-Senatore\u00a9Ilaria_Turba-560x560.jpg 560w, http:\/\/www.torinodanzafestival.it\/wp-content\/uploads\/2014\/04\/15_Foto-spettacolo_Non-so-fare-maglie_Archivio-Ambra-Senatore\u00a9Ilaria_Turba-468x468.jpg 468w, http:\/\/www.torinodanzafestival.it\/wp-content\/uploads\/2014\/04\/15_Foto-spettacolo_Non-so-fare-maglie_Archivio-Ambra-Senatore\u00a9Ilaria_Turba-100x100.jpg 100w, http:\/\/www.torinodanzafestival.it\/wp-content\/uploads\/2014\/04\/15_Foto-spettacolo_Non-so-fare-maglie_Archivio-Ambra-Senatore\u00a9Ilaria_Turba-110x110.jpg 110w, http:\/\/www.torinodanzafestival.it\/wp-content\/uploads\/2014\/04\/15_Foto-spettacolo_Non-so-fare-maglie_Archivio-Ambra-Senatore\u00a9Ilaria_Turba-220x220.jpg 220w\" sizes=\"auto, (max-width: 150px) 100vw, 150px\" \/><\/a>\n\t\t\t<\/div><\/figure><figure class='gallery-item'>\n\t\t\t<div class='gallery-icon portrait'>\n\t\t\t\t<a href='http:\/\/www.torinodanzafestival.it\/wp-content\/uploads\/2014\/04\/16_ATHLETES\u00a9Benedikt-Johnson.jpg'><img loading=\"lazy\" decoding=\"async\" width=\"150\" height=\"150\" src=\"http:\/\/www.torinodanzafestival.it\/wp-content\/uploads\/2014\/04\/16_ATHLETES\u00a9Benedikt-Johnson-150x150.jpg\" class=\"attachment-thumbnail size-thumbnail\" alt=\"\" srcset=\"http:\/\/www.torinodanzafestival.it\/wp-content\/uploads\/2014\/04\/16_ATHLETES\u00a9Benedikt-Johnson-150x150.jpg 150w, http:\/\/www.torinodanzafestival.it\/wp-content\/uploads\/2014\/04\/16_ATHLETES\u00a9Benedikt-Johnson-560x560.jpg 560w, http:\/\/www.torinodanzafestival.it\/wp-content\/uploads\/2014\/04\/16_ATHLETES\u00a9Benedikt-Johnson-468x468.jpg 468w, http:\/\/www.torinodanzafestival.it\/wp-content\/uploads\/2014\/04\/16_ATHLETES\u00a9Benedikt-Johnson-100x100.jpg 100w, http:\/\/www.torinodanzafestival.it\/wp-content\/uploads\/2014\/04\/16_ATHLETES\u00a9Benedikt-Johnson-110x110.jpg 110w, http:\/\/www.torinodanzafestival.it\/wp-content\/uploads\/2014\/04\/16_ATHLETES\u00a9Benedikt-Johnson-220x220.jpg 220w\" sizes=\"auto, (max-width: 150px) 100vw, 150px\" \/><\/a>\n\t\t\t<\/div><\/figure><figure class='gallery-item'>\n\t\t\t<div class='gallery-icon landscape'>\n\t\t\t\t<a href='http:\/\/www.torinodanzafestival.it\/wp-content\/uploads\/2014\/04\/17_UNTITLED\u00a9Fabio-Leone.jpg'><img loading=\"lazy\" decoding=\"async\" width=\"150\" height=\"150\" src=\"http:\/\/www.torinodanzafestival.it\/wp-content\/uploads\/2014\/04\/17_UNTITLED\u00a9Fabio-Leone-150x150.jpg\" class=\"attachment-thumbnail size-thumbnail\" alt=\"\" srcset=\"http:\/\/www.torinodanzafestival.it\/wp-content\/uploads\/2014\/04\/17_UNTITLED\u00a9Fabio-Leone-150x150.jpg 150w, http:\/\/www.torinodanzafestival.it\/wp-content\/uploads\/2014\/04\/17_UNTITLED\u00a9Fabio-Leone-560x560.jpg 560w, http:\/\/www.torinodanzafestival.it\/wp-content\/uploads\/2014\/04\/17_UNTITLED\u00a9Fabio-Leone-300x300.jpg 300w, http:\/\/www.torinodanzafestival.it\/wp-content\/uploads\/2014\/04\/17_UNTITLED\u00a9Fabio-Leone-768x768.jpg 768w, http:\/\/www.torinodanzafestival.it\/wp-content\/uploads\/2014\/04\/17_UNTITLED\u00a9Fabio-Leone-1024x1024.jpg 1024w, http:\/\/www.torinodanzafestival.it\/wp-content\/uploads\/2014\/04\/17_UNTITLED\u00a9Fabio-Leone-600x600.jpg 600w, http:\/\/www.torinodanzafestival.it\/wp-content\/uploads\/2014\/04\/17_UNTITLED\u00a9Fabio-Leone-468x468.jpg 468w, http:\/\/www.torinodanzafestival.it\/wp-content\/uploads\/2014\/04\/17_UNTITLED\u00a9Fabio-Leone-1116x1116.jpg 1116w, http:\/\/www.torinodanzafestival.it\/wp-content\/uploads\/2014\/04\/17_UNTITLED\u00a9Fabio-Leone-806x806.jpg 806w, http:\/\/www.torinodanzafestival.it\/wp-content\/uploads\/2014\/04\/17_UNTITLED\u00a9Fabio-Leone-558x558.jpg 558w, http:\/\/www.torinodanzafestival.it\/wp-content\/uploads\/2014\/04\/17_UNTITLED\u00a9Fabio-Leone-655x655.jpg 655w, http:\/\/www.torinodanzafestival.it\/wp-content\/uploads\/2014\/04\/17_UNTITLED\u00a9Fabio-Leone-100x100.jpg 100w, http:\/\/www.torinodanzafestival.it\/wp-content\/uploads\/2014\/04\/17_UNTITLED\u00a9Fabio-Leone-110x110.jpg 110w, http:\/\/www.torinodanzafestival.it\/wp-content\/uploads\/2014\/04\/17_UNTITLED\u00a9Fabio-Leone-220x220.jpg 220w, http:\/\/www.torinodanzafestival.it\/wp-content\/uploads\/2014\/04\/17_UNTITLED\u00a9Fabio-Leone.jpg 1536w\" sizes=\"auto, (max-width: 150px) 100vw, 150px\" \/><\/a>\n\t\t\t<\/div><\/figure><figure class='gallery-item'>\n\t\t\t<div class='gallery-icon landscape'>\n\t\t\t\t<a href='http:\/\/www.torinodanzafestival.it\/wp-content\/uploads\/2014\/04\/18_Foto-spettacolo_Rock-Rose-WoW_Archivio-Daniele-Ninarello\u00a9Andrea-Macchia.jpg'><img loading=\"lazy\" decoding=\"async\" width=\"150\" height=\"150\" src=\"http:\/\/www.torinodanzafestival.it\/wp-content\/uploads\/2014\/04\/18_Foto-spettacolo_Rock-Rose-WoW_Archivio-Daniele-Ninarello\u00a9Andrea-Macchia-150x150.jpg\" class=\"attachment-thumbnail size-thumbnail\" alt=\"\" srcset=\"http:\/\/www.torinodanzafestival.it\/wp-content\/uploads\/2014\/04\/18_Foto-spettacolo_Rock-Rose-WoW_Archivio-Daniele-Ninarello\u00a9Andrea-Macchia-150x150.jpg 150w, http:\/\/www.torinodanzafestival.it\/wp-content\/uploads\/2014\/04\/18_Foto-spettacolo_Rock-Rose-WoW_Archivio-Daniele-Ninarello\u00a9Andrea-Macchia-560x560.jpg 560w, http:\/\/www.torinodanzafestival.it\/wp-content\/uploads\/2014\/04\/18_Foto-spettacolo_Rock-Rose-WoW_Archivio-Daniele-Ninarello\u00a9Andrea-Macchia-468x468.jpg 468w, http:\/\/www.torinodanzafestival.it\/wp-content\/uploads\/2014\/04\/18_Foto-spettacolo_Rock-Rose-WoW_Archivio-Daniele-Ninarello\u00a9Andrea-Macchia-100x100.jpg 100w, http:\/\/www.torinodanzafestival.it\/wp-content\/uploads\/2014\/04\/18_Foto-spettacolo_Rock-Rose-WoW_Archivio-Daniele-Ninarello\u00a9Andrea-Macchia-110x110.jpg 110w, http:\/\/www.torinodanzafestival.it\/wp-content\/uploads\/2014\/04\/18_Foto-spettacolo_Rock-Rose-WoW_Archivio-Daniele-Ninarello\u00a9Andrea-Macchia-220x220.jpg 220w\" sizes=\"auto, (max-width: 150px) 100vw, 150px\" \/><\/a>\n\t\t\t<\/div><\/figure>\n\t\t<\/div>\n\n<p><a href=\"http:\/\/www.torinodanzafestival.it\/wp-content\/uploads\/2014\/04\/01_Comunicato-stampa-Torinodanza-2014.pdf\" target=\"_blank\">01_Comunicato stampa Torinodanza 2014<\/a><\/p>\n<p><a href=\"http:\/\/www.torinodanzafestival.it\/wp-content\/uploads\/2014\/04\/02_Programma_TORINODANZA_2014.pdf\" target=\"_blank\">02_Programma_TORINODANZA_2014<\/a><\/p>\n<p><a href=\"http:\/\/www.torinodanzafestival.it\/wp-content\/uploads\/2014\/04\/03_Un-racconto-diverso_Gigi-Cristoforetti.pdf\" target=\"_blank\">03_Un racconto diverso_Gigi Cristoforetti<\/a><\/p>\n<p><a href=\"http:\/\/www.torinodanzafestival.it\/wp-content\/uploads\/2014\/04\/04_Intervento_Presidente_Christillin_Direttore_Martone_Torinodanza.pdf\" target=\"_blank\">04_Intervento_Presidente_Christillin_Direttore_Martone_Torinodanza<\/a><\/p>\n<p><a href=\"http:\/\/www.torinodanzafestival.it\/wp-content\/uploads\/2014\/04\/05_Intervento-Assessore-Braccialarghe_Citt\u00e0-di-Torino.pdf\" target=\"_blank\">05_Intervento Assessore Braccialarghe_Citt\u00e0 di Torino<\/a><\/p>\n<p><a href=\"http:\/\/www.torinodanzafestival.it\/wp-content\/uploads\/2014\/04\/06_Compagnia-di-San-Paolo.pdf\" target=\"_blank\">06_Compagnia di San Paolo<\/a><\/p>\n<p><a href=\"http:\/\/www.torinodanzafestival.it\/wp-content\/uploads\/2014\/04\/07_Regione-Piemonte.pdf\" target=\"_blank\">07_Regione Piemonte<\/a><\/p>\n<p><a href=\"http:\/\/www.torinodanzafestival.it\/wp-content\/uploads\/2014\/04\/08_Intesa-Sanpaolo.pdf\" target=\"_blank\">08_Intesa Sanpaolo<\/a><\/p>\n<p><a href=\"http:\/\/www.torinodanzafestival.it\/wp-content\/uploads\/2014\/04\/09_La-Biennale-de-Lyon.pdf\" target=\"_blank\">09_La Biennale de Lyon<\/a><\/p>\n<p><a href=\"http:\/\/www.torinodanzafestival.it\/wp-content\/uploads\/2014\/04\/10_SNCF.pdf\" target=\"_blank\">10_SNCF<\/a><\/p>\n<p><a href=\"http:\/\/www.torinodanzafestival.it\/wp-content\/uploads\/2014\/04\/2014.04.15-Discours-Ambassadeur-Torinodanza.pdf\" target=\"_blank\">11_Intervento Le Roy_Ambasciatore di Francia in Italia<\/a><\/p>\n","protected":false},"excerpt":{"rendered":"<p>La nuova edizione del Festival Torinodanza &#8211; diretto da Gigi Cristoforetti e realizzato dalla Fondazione del Teatro Stabile di Torino &#8211; proporr\u00e0 a Torino, dal&hellip;<\/p>\n","protected":false},"author":2,"featured_media":2719,"comment_status":"closed","ping_status":"open","sticky":false,"template":"","format":"standard","meta":{"_acf_changed":false,"footnotes":""},"categories":[40],"tags":[],"class_list":["post-2717","post","type-post","status-publish","format-standard","has-post-thumbnail","hentry","category-press_14"],"acf":[],"_links":{"self":[{"href":"http:\/\/www.torinodanzafestival.it\/index.php?rest_route=\/wp\/v2\/posts\/2717","targetHints":{"allow":["GET"]}}],"collection":[{"href":"http:\/\/www.torinodanzafestival.it\/index.php?rest_route=\/wp\/v2\/posts"}],"about":[{"href":"http:\/\/www.torinodanzafestival.it\/index.php?rest_route=\/wp\/v2\/types\/post"}],"author":[{"embeddable":true,"href":"http:\/\/www.torinodanzafestival.it\/index.php?rest_route=\/wp\/v2\/users\/2"}],"replies":[{"embeddable":true,"href":"http:\/\/www.torinodanzafestival.it\/index.php?rest_route=%2Fwp%2Fv2%2Fcomments&post=2717"}],"version-history":[{"count":0,"href":"http:\/\/www.torinodanzafestival.it\/index.php?rest_route=\/wp\/v2\/posts\/2717\/revisions"}],"wp:featuredmedia":[{"embeddable":true,"href":"http:\/\/www.torinodanzafestival.it\/index.php?rest_route=\/wp\/v2\/media\/2719"}],"wp:attachment":[{"href":"http:\/\/www.torinodanzafestival.it\/index.php?rest_route=%2Fwp%2Fv2%2Fmedia&parent=2717"}],"wp:term":[{"taxonomy":"category","embeddable":true,"href":"http:\/\/www.torinodanzafestival.it\/index.php?rest_route=%2Fwp%2Fv2%2Fcategories&post=2717"},{"taxonomy":"post_tag","embeddable":true,"href":"http:\/\/www.torinodanzafestival.it\/index.php?rest_route=%2Fwp%2Fv2%2Ftags&post=2717"}],"curies":[{"name":"wp","href":"https:\/\/api.w.org\/{rel}","templated":true}]}}