{"id":3499,"date":"2015-04-13T10:24:15","date_gmt":"2015-04-13T10:24:15","guid":{"rendered":"http:\/\/10.0.1.180\/?post_type=projects&#038;p=3499"},"modified":"2016-03-02T15:15:37","modified_gmt":"2016-03-02T15:15:37","slug":"il-nest-pas-encore-minuit","status":"publish","type":"post","link":"http:\/\/www.torinodanzafestival.it\/?p=3499","title":{"rendered":"Il n&#8217;est pas encore minuit&#8230;"},"content":{"rendered":"<p><iframe loading=\"lazy\" title=\"Il n&#039;est Pas encore - Torinodanza festival edizione 2015\" width=\"500\" height=\"281\" src=\"https:\/\/www.youtube.com\/embed\/HH2VusXXj5E?list=PLNDmG71wxlvA2wNbE5vPdXBFVAkiiKamq\" frameborder=\"0\" allow=\"accelerometer; autoplay; clipboard-write; encrypted-media; gyroscope; picture-in-picture; web-share\" referrerpolicy=\"strict-origin-when-cross-origin\" allowfullscreen><\/iframe><\/p>\n<p style=\"text-align: justify;\">C\u2019era una volta il circo che stava lontano dalla danza. E la danza che non considerava il circo degno di entrare in teatro. Ma era tanto tempo fa. O almeno molto prima che nascesse la compagnia XY. Ventidue acrobati in scena, salti mortali, prese, colonne umane sempre pi\u00f9 in alto, con sempre pi\u00f9 piani, sempre pi\u00f9 sorprendenti. L\u2019adrenalina scorre per un\u2019ora di spettacolo, il tempo di stare insieme e divertirsi perch\u00e9 <em>Il n\u2019est pas encore minuit&#8230;<\/em>, non \u00e8 ancora mezzanotte, non \u00e8 ancora ora di lasciare la festa. Lo spazio si trasforma grazie a plance che diventano piedistalli, molle, trampolini, ascensori, catapulte e piste di atterraggio. Ma la vera forza del gruppo \u00e8 il gruppo stesso: la fiducia, l\u2019ascolto, la precisione, la solidit\u00e0 e la solidariet\u00e0, l\u2019affiatamento, l\u2019assunzione di responsabilit\u00e0, la generosit\u00e0, che spingono ad andare oltre i propri limiti ma a farlo con spensieratezza e divertimento. La creazione \u00e8 collettiva e mette in costante relazione l\u2019individuo al gruppo, forze e debolezze di entrambi. Sono uno per tutti e tutti per uno moltiplicato per ventidue. Un atto di resistenza, gioioso e poetico perch\u00e9 \u201cda soli si va pi\u00f9 veloce ma insieme si va pi\u00f9 lontano\u201d. Un collettivo creativo, un organismo, un corpo solo, un cuore solo, un respiro solo mentre il nostro, da spettatori, \u00e8 bloccato in un fiato sospeso costante. Non c\u2019\u00e8 un attimo di tregua. XY flirta col pericolo, una ragazza minuta ci mostra un po\u2019 di paura prima di farsi lanciare in aria e volare come una minuscola virgola e atterrare sulle spalle di una compagna. Un ragazzo robusto mostra la perplessit\u00e0 di dover sollevare tre compagni contemporaneamente o quasi. La leggerezza colora di sorrisi un momento di danza pura sulle note del lindy hop. Adesso sembra proprio una festa, ma non \u00e8 ancora ora di andare via. La danza cambia forma e diventa un rito di cerchi concentrici su due piani, con i piedi che prolungano le spalle di chi sta sotto. L\u2019organismo si affloscia a terra e poi si ricompone. L\u2019energia lascia spazio alla poesia. Cambia ritmo, tutto torna a esplodere in un nuovo rito collettivo: salti, voli, atterraggi in una sequenza esplosiva come i fuochi d\u2019artificio alla fine della serata, quando non si capisce pi\u00f9 da dove arrivano i colpi migliori, i colori pi\u00f9 belli e le forme pi\u00f9 stupefacenti. Un bombardamento che stordisce e stupisce e vorremmo non finisse mai.<\/p>\n<hr \/>\n<p><b>Fonderie Limone Moncalieri (Sala grande)<\/b><\/p>\n<p><b> 2 &#8211; 3 ottobre 2015 <\/b>[durata 60\u2019]<b><br \/>\n<\/b>venerd\u00ec 2 ottobre &gt; ore 20,45 | sabato 3 ottobre &gt; ore 19,30<\/p>\n<p><b>creazione COMPAGNIE XY<\/b><br \/>\ncollettivo in tourn\u00e9e Abdeliazide Senhadji, Amaia Valle, Andres Somoza, Airelle Caen, Alice Noel, Ann-Katrin Jornot, Antoine Thirion, Aurore Liotard, Charlie Vergnaud, David Badia Hernandez, David Coll Povedano, Denis Dulon, Evertjan Mercier, Guillaume Sendron, Gwendal Beylier, J\u00e9r\u00f4me Hugo, Mohamed Bouseta, Romain Guimard, Thomas Samaco\u00efts, Thibaut Berthias, Xavier Lavabre, Zinzi Oegema \/ collaborazioni artistiche Lo\u00efc Touz\u00e9, Emmanuel Dari\u00e8s, Valentin Mussou, David Gubitsch \/ collaborazione acrobatica Nordine Allal \/ creazione luci Vincent Millet \/ creazione costumi Nadia L\u00e9on assistita da M\u00e9lodie Barbe \/ interventi lindy-hop Aude Guiffes, Philippe Mencia \/ direttori di produzione Peggy Donck, Antoine Billaud<\/p>\n<p>Compagnie XY<br \/>\ncoproduzioni e residenze: Biennale de la Danse 2014 (Lyon), Cirque Th\u00e9\u00e2tre d\u2019Elbeuf (P\u00f4le national des arts du cirque de Haute-Normandie), Sc\u00e8ne nationale de Melun-S\u00e9nart, CIRCa (P\u00f4le national des arts du cirque Midi Pyr\u00e9n\u00e9es), P\u00f4le Cirque M\u00e9diterran\u00e9e (CREAC Marseille, Th\u00e9\u00e2tre Europe La Seyne)<br \/>\nresidenze: La Br\u00e8che (P\u00f4le national des arts du cirque &#8211; Basse Normandie), La Cit\u00e9 du Cirque (Le Mans), Le Prato (P\u00f4le national des arts du cirque &#8211; Lille), Maison de la Danse (Lyon)<br \/>\ncoproduzioni: EPPGHV &#8211; Parc de Le Villette, L\u2019Equinoxe &#8211; Sc\u00e8ne nationale de Ch\u00e2teauroux, L\u2019Hippodrome sc\u00e8ne nationale de Douai &#8211; Tandem Douai &#8211; Arras, MC2 Grenoble, L\u2019Onde &#8211; Th\u00e9\u00e2tre de V\u00e9lizy-Villacoublay, Sc\u00e8ne nationale d\u2019Orl\u00e9ans, Le Ph\u00e9nix &#8211; Sc\u00e8ne nationale de Valenciennes, EPCC Le Quai &#8211; Angers, Th\u00e9\u00e2tre Br\u00e9tigny &#8211; Sc\u00e8ne conventionn\u00e9e du Val d\u2019Orge, La Verrerie d\u2019Al\u00e8s &#8211; P\u00f4le national cirque Languedoc &#8211; Roussillon.<br \/>\nLo spettacolo \u00e8 sostenuto da Minist\u00e8re de la Culture, DRAC Nordpas-de-Calais, DGCA, Conseil r\u00e9gional Nord-Pas-de-Calais, Adami.<br \/>\nSpettacolo programmato in collaborazione con La Francia in Scena. La Francia in Scena \u00e8 la nuova stagione artistica dell\u2019Institut fran\u00e7ais Italia. Iniziativa dell\u2019Ambasciata di Francia in Italia, la manifestazione \u00e8 realizzata dall\u2019Institut fran\u00e7ais Italia, con il sostegno dell\u2019Institut fran\u00e7ais e del Ministero della Cultura e della Comunicazione francese, del Ministero dell\u2019Istruzione e della Ricerca &#8211; Alta Formazione Artistica, Musicale e Coreutica, della Commissione Europea, della Fondazione Nuovi Mecenati,della Sacem, e con i partner Il Gioco del Lotto e Edison.<\/p>\n","protected":false},"excerpt":{"rendered":"<p>C\u2019era una volta il circo che stava lontano dalla danza. E la danza che non considerava il circo degno di entrare in teatro. Ma era&hellip;<\/p>\n","protected":false},"author":1,"featured_media":3568,"comment_status":"closed","ping_status":"open","sticky":false,"template":"","format":"standard","meta":{"_acf_changed":false,"footnotes":""},"categories":[47],"tags":[],"class_list":["post-3499","post","type-post","status-publish","format-standard","has-post-thumbnail","hentry","category-edizione_2015"],"acf":[],"_links":{"self":[{"href":"http:\/\/www.torinodanzafestival.it\/index.php?rest_route=\/wp\/v2\/posts\/3499","targetHints":{"allow":["GET"]}}],"collection":[{"href":"http:\/\/www.torinodanzafestival.it\/index.php?rest_route=\/wp\/v2\/posts"}],"about":[{"href":"http:\/\/www.torinodanzafestival.it\/index.php?rest_route=\/wp\/v2\/types\/post"}],"author":[{"embeddable":true,"href":"http:\/\/www.torinodanzafestival.it\/index.php?rest_route=\/wp\/v2\/users\/1"}],"replies":[{"embeddable":true,"href":"http:\/\/www.torinodanzafestival.it\/index.php?rest_route=%2Fwp%2Fv2%2Fcomments&post=3499"}],"version-history":[{"count":0,"href":"http:\/\/www.torinodanzafestival.it\/index.php?rest_route=\/wp\/v2\/posts\/3499\/revisions"}],"wp:featuredmedia":[{"embeddable":true,"href":"http:\/\/www.torinodanzafestival.it\/index.php?rest_route=\/wp\/v2\/media\/3568"}],"wp:attachment":[{"href":"http:\/\/www.torinodanzafestival.it\/index.php?rest_route=%2Fwp%2Fv2%2Fmedia&parent=3499"}],"wp:term":[{"taxonomy":"category","embeddable":true,"href":"http:\/\/www.torinodanzafestival.it\/index.php?rest_route=%2Fwp%2Fv2%2Fcategories&post=3499"},{"taxonomy":"post_tag","embeddable":true,"href":"http:\/\/www.torinodanzafestival.it\/index.php?rest_route=%2Fwp%2Fv2%2Ftags&post=3499"}],"curies":[{"name":"wp","href":"https:\/\/api.w.org\/{rel}","templated":true}]}}