{"id":4505,"date":"2017-04-10T08:45:24","date_gmt":"2017-04-10T08:45:24","guid":{"rendered":"http:\/\/10.0.1.180\/?post_type=projects&#038;p=4505"},"modified":"2017-04-12T14:11:51","modified_gmt":"2017-04-12T14:11:51","slug":"lava-bubbles","status":"publish","type":"post","link":"http:\/\/www.torinodanzafestival.it\/?p=4505","title":{"rendered":"LAVA BUBBLES | Piazza Carignano &#8211; 24 settembre 2016"},"content":{"rendered":"<p><iframe loading=\"lazy\" title=\"Lava Bubbles\" width=\"500\" height=\"281\" src=\"https:\/\/www.youtube.com\/embed\/Q6SQH743m8M?feature=oembed\" frameborder=\"0\" allow=\"accelerometer; autoplay; clipboard-write; encrypted-media; gyroscope; picture-in-picture; web-share\" referrerpolicy=\"strict-origin-when-cross-origin\" allowfullscreen><\/iframe><\/p>\n<p><b>Piazza Carignano<br \/>\n24 settembre 2016 ore 17.00\u00a0 (in caso di pioggia 25 settembre)<\/b><\/p>\n<p><b>Compagnia Zappal\u00e0 Danza<\/b><br \/>\nPerformance site-specific dal progetto Nella citt\u00e0, la danza di Roberto Zappal\u00e0 e Nello Calabr\u00f2<br \/>\nConcept, coreografia e regia Roberto Zappal\u00e0<br \/>\ninterpretazione e collaborazione alla costruzione Maud de la Purification, Filippo Domini, Marco Mantovani, Sonia Mingo, Gaetano Montecasino, Gioia Maria Morisco Castelli, Adriano Popolo Rubbio, Fernando Roldan Ferrer, Claudia Rossi Valli, Ariane Roustan, Valeria Zampardi<br \/>\nalle batterie Francesco Cusa, Bernardo Guerra<br \/>\ne con la partecipazione di Roberto Zappal\u00e0<br \/>\ncostumi Debora Privitera<\/p>\n<p><i>Una produzione Scenario Pubblico\/Compagnia Zappal\u00e0 Danza &#8211; Centro di Produzione della Danza<br \/>\nper I ART \u2013 il Polo Diffuso per le Identit\u00e0 e l\u2019Arte Contemporanea in Sicilia il Centro di Produzione della Danza Scenario Pubblico \/ CZD \u00e8 sostenuto da Ministero dei Beni e delle Attivit\u00e0 Culturali Regione Siciliana Ass.to del Turismo, dello Sport e dello Spettacolo<\/i><\/p>\n<p>#free entry<\/p>\n<hr \/>\n<blockquote>\n<p style=\"text-align: justify;\">Le bolle del titolo <em>Lava Bubbles<\/em>, oltre ad evocare, ovviamente, l\u2019Etna, vogliono essere metafora di quotidianit\u00e0, di ritmo della vita di ogni giorno; di un magma, un ribollio incessante, di uno scorrere e scoppiare, ma anche del senso di rinascita che le citt\u00e0 contemporanee esprimono.<\/p>\n<\/blockquote>\n<p style=\"text-align: justify;\"><em>Lava Bubbles <\/em>\u00e8 anche una suggestione che la natura ha dato a Zappal\u00e0 per determinare una serie di codici che sottolineano una parte del training di modem, il linguaggio della sua compagnia: lava bubbles, lava flowing, lava deep e lava fill. Nello spettacolo, si intende far \u201creagire\u201d la performance con il territorio che la ospita. La citt\u00e0, la sua storia, la sua cultura e soprattutto le persone che la abitano e la vivono, diventano contenitore e contenuto. I corpi e le performance dei danzatori si inscrivono in uno scenario architettonico determinato, la cui consistenza \u00e8 tale da diventare parte integrante dello spettacolo. Nel rapporto con la danza da parte degli spettatori, i corpi e i gesti della quotidianit\u00e0, nelle sue stratificazioni e differenze culturali, economiche e sociali, daranno origine a tutti quei contrasti, cortocircuiti, paradossi e imprevedibilit\u00e0 che tutti insieme costituiscono il ritratto di una citt\u00e0. Con il linguaggio della danza si vuole comunicare con la citt\u00e0, con il suo corpo vivo e con quello dei suoi abitanti che non si \u201climiteranno\u201d ad essere voyeur ma corpi tra corpi e ospiti nel duplice senso della parola.<\/p>\n<blockquote>\n<p style=\"text-align: justify;\">The bubbles in <em>Lava Bubbles<\/em>, not only bring to mind the Etna but are also intended as a metaphor for daily life and its pace: magma, endlessly simmering, flowing and erupting, but also the sense of rebirth we can find in today\u2019s cities. Roberto Zappal\u00e0 has drawn from this suggestion of Nature to determine a set of codes that emphasize part of the modem training on which his company\u2019s language is based: lava bubbles, lava flowing, lava deep and lava fill. The language of dance endeavors to communicate with the city, with the living body of the city and of its inhabitants: they are not merely voyeurs but they become bodies among bodies as well as both guests and hosts<\/p>\n<\/blockquote>\n<h3 style=\"text-align: justify;\">Vedi anche<\/h3>\n<p><a href=\"http:\/\/www.torinodanzafestival.it\/?projects=4453\">1. Insieme \/ Parata urbana. Il d\u00e8fil\u00e9 di Torinodanza festival<br \/>\n<\/a><a href=\"http:\/\/www.torinodanzafestival.it\/?projects=incontri-al-circolo-dei-lettori\">2. OMNIS CORPUS &#8211; Roberto Zappal\u00e0 \/ presentazione del libro &#8211; Torinodanza Extra<\/a><\/p>\n<p style=\"text-align: justify;\">\n","protected":false},"excerpt":{"rendered":"<p>Piazza Carignano 24 settembre 2016 ore 17.00\u00a0 (in caso di pioggia 25 settembre) Compagnia Zappal\u00e0 Danza Performance site-specific dal progetto Nella citt\u00e0, la danza di&hellip;<\/p>\n","protected":false},"author":1,"featured_media":4667,"comment_status":"closed","ping_status":"closed","sticky":false,"template":"","format":"standard","meta":{"_acf_changed":false,"footnotes":""},"categories":[66],"tags":[],"class_list":["post-4505","post","type-post","status-publish","format-standard","has-post-thumbnail","hentry","category-edizione-2016"],"acf":[],"_links":{"self":[{"href":"http:\/\/www.torinodanzafestival.it\/index.php?rest_route=\/wp\/v2\/posts\/4505","targetHints":{"allow":["GET"]}}],"collection":[{"href":"http:\/\/www.torinodanzafestival.it\/index.php?rest_route=\/wp\/v2\/posts"}],"about":[{"href":"http:\/\/www.torinodanzafestival.it\/index.php?rest_route=\/wp\/v2\/types\/post"}],"author":[{"embeddable":true,"href":"http:\/\/www.torinodanzafestival.it\/index.php?rest_route=\/wp\/v2\/users\/1"}],"replies":[{"embeddable":true,"href":"http:\/\/www.torinodanzafestival.it\/index.php?rest_route=%2Fwp%2Fv2%2Fcomments&post=4505"}],"version-history":[{"count":0,"href":"http:\/\/www.torinodanzafestival.it\/index.php?rest_route=\/wp\/v2\/posts\/4505\/revisions"}],"wp:featuredmedia":[{"embeddable":true,"href":"http:\/\/www.torinodanzafestival.it\/index.php?rest_route=\/wp\/v2\/media\/4667"}],"wp:attachment":[{"href":"http:\/\/www.torinodanzafestival.it\/index.php?rest_route=%2Fwp%2Fv2%2Fmedia&parent=4505"}],"wp:term":[{"taxonomy":"category","embeddable":true,"href":"http:\/\/www.torinodanzafestival.it\/index.php?rest_route=%2Fwp%2Fv2%2Fcategories&post=4505"},{"taxonomy":"post_tag","embeddable":true,"href":"http:\/\/www.torinodanzafestival.it\/index.php?rest_route=%2Fwp%2Fv2%2Ftags&post=4505"}],"curies":[{"name":"wp","href":"https:\/\/api.w.org\/{rel}","templated":true}]}}