{"id":5187,"date":"2017-04-11T10:28:00","date_gmt":"2017-04-11T10:28:00","guid":{"rendered":"http:\/\/10.0.1.180\/?post_type=projects&#038;p=5187"},"modified":"2018-01-03T13:39:19","modified_gmt":"2018-01-03T13:39:19","slug":"nouvelles-pieces-courtes","status":"publish","type":"post","link":"http:\/\/www.torinodanzafestival.it\/?p=5187","title":{"rendered":"NOUVELLES PI\u00c8CES COURTES"},"content":{"rendered":"<style>.embed-container { position: relative; padding-bottom: 56.25%; height: 0; overflow: hidden; max-width: 100%; } .embed-container iframe, .embed-container object, .embed-container embed { position: absolute; top: 0; left: 0; width: 100%; height: 100%; }<\/style>\n<div class=\"embed-container\"><iframe loading=\"lazy\" src=\"https:\/\/www.youtube.com\/embed\/\/Qwvu2QOJlf4\" width=\"300\" height=\"150\" frameborder=\"0\" allowfullscreen=\"allowfullscreen\"><\/iframe><\/div>\n<hr \/>\n<p style=\"text-align: justify;\">Non \u00e8 un caso che, nel mondo della danza, Philippe Decoufl\u00e9 goda della fama di vero e proprio mago e illusionista. Noto per il suo talento di coreografo e la sua abilit\u00e0 nel trasformarsi in maestro di cerimonia per le Olimpiadi e altri grandi eventi spettacolari, \u00e8 vicino anche al mondo del circo contemporaneo. Questa nuova creazione nasce da pezzi brevi, piccoli gioielli costruiti intorno a un unico tema portante: la compagnia di Decoufl\u00e9 ha messo a punto un processo chiamato \u201cscatola bianca\u201d, un sistema di schermi mobili in cui differenti immagini creano un universo specifico per l\u2019ambientazione delle pi\u00e8ce. Due duetti, un assolo, un quintetto per una serata di puro incanto.<\/p>\n<h2>Compagnie DCA \/ Philippe Decoufl\u00e9<\/h2>\n<h3>Francia<\/h3>\n<p><b>27-28-29 OTTOBRE ORE 20.45<br \/>\nFONDERIE LIMONE MONCALIERI<br \/>\n(SALA GRANDE) PRIMA ITALIANA<br \/>\n[ DURATA 90\u2019 ]<\/b><br \/>\nmessa in scena e coreografia Philippe Decoufl\u00e9<br \/>\nassistente alla coreografia Alexandra Naudet<br \/>\ncon Flavien Bernezet, Meritxell Checa Esteban, Raphael Cruz, Julien Ferranti, Ninon Noiret, Alice Roland, Suzanne Soler, Violette Wanty<\/p>\n<p><i>produzione Compagnie DCA \/ Philippe Decoufl\u00e9 Spettacolo programmato in collaborazione con La Francia in Scena. La Francia in Scena \u00e8 la stagione artistica dell\u2019Insitut fran\u00e7ais Italia \/ Ambasciata di Francia in Italia \/ Fondazione Nuovi Mecenati<\/i><\/p>\n","protected":false},"excerpt":{"rendered":"<p>Non \u00e8 un caso che, nel mondo della danza, Philippe Decoufl\u00e9 goda della fama di vero e proprio mago e illusionista. Noto per il suo&hellip;<\/p>\n","protected":false},"author":1,"featured_media":5321,"comment_status":"closed","ping_status":"closed","sticky":false,"template":"","format":"standard","meta":{"_acf_changed":false,"footnotes":""},"categories":[75],"tags":[],"class_list":["post-5187","post","type-post","status-publish","format-standard","has-post-thumbnail","hentry","category-edizione-2017"],"acf":[],"_links":{"self":[{"href":"http:\/\/www.torinodanzafestival.it\/index.php?rest_route=\/wp\/v2\/posts\/5187","targetHints":{"allow":["GET"]}}],"collection":[{"href":"http:\/\/www.torinodanzafestival.it\/index.php?rest_route=\/wp\/v2\/posts"}],"about":[{"href":"http:\/\/www.torinodanzafestival.it\/index.php?rest_route=\/wp\/v2\/types\/post"}],"author":[{"embeddable":true,"href":"http:\/\/www.torinodanzafestival.it\/index.php?rest_route=\/wp\/v2\/users\/1"}],"replies":[{"embeddable":true,"href":"http:\/\/www.torinodanzafestival.it\/index.php?rest_route=%2Fwp%2Fv2%2Fcomments&post=5187"}],"version-history":[{"count":0,"href":"http:\/\/www.torinodanzafestival.it\/index.php?rest_route=\/wp\/v2\/posts\/5187\/revisions"}],"wp:featuredmedia":[{"embeddable":true,"href":"http:\/\/www.torinodanzafestival.it\/index.php?rest_route=\/wp\/v2\/media\/5321"}],"wp:attachment":[{"href":"http:\/\/www.torinodanzafestival.it\/index.php?rest_route=%2Fwp%2Fv2%2Fmedia&parent=5187"}],"wp:term":[{"taxonomy":"category","embeddable":true,"href":"http:\/\/www.torinodanzafestival.it\/index.php?rest_route=%2Fwp%2Fv2%2Fcategories&post=5187"},{"taxonomy":"post_tag","embeddable":true,"href":"http:\/\/www.torinodanzafestival.it\/index.php?rest_route=%2Fwp%2Fv2%2Ftags&post=5187"}],"curies":[{"name":"wp","href":"https:\/\/api.w.org\/{rel}","templated":true}]}}