{"id":6420,"date":"2018-05-10T10:04:05","date_gmt":"2018-05-10T10:04:05","guid":{"rendered":"http:\/\/10.0.1.180\/?post_type=portfolio&#038;p=6420"},"modified":"2019-02-28T11:46:15","modified_gmt":"2019-02-28T11:46:15","slug":"erodiade-fame-di-vento-1993-2017","status":"publish","type":"post","link":"http:\/\/www.torinodanzafestival.it\/?p=6420","title":{"rendered":"Erodiade &#8211; Fame di Vento (1993 &#8211; 2017)"},"content":{"rendered":"<h4>Teatro Carignano \/\/ 17 settembre 2018 \/\/ Progetto RIC.CI \/\/ ore 20,45<\/h4>\n<h4>coreografia Julie Ann Anzilotti<br \/>\nscene Alighiero e Boetti<br \/>\nmusiche Paul Hindemith, Walter F\u04d3hndrich, Wolfgang Rihm<br \/>\ninterpreti Paola Bedoni, Giulia Ciani, Liber Dorizzi, Sara Ladu, Laura Massetti, Sara Paternesi<br \/>\nscrittura vocale e voce Gabriella Bartolomei<br \/>\nassistente alla scenografia Tiziana Draghi<br \/>\nconsulenza musicale Michele Porzio<br \/>\ncollaborazione artistica Carla Chiti<br \/>\ndisegno luci Andrea Berselli<br \/>\nmacchinista di scena Giovanni Macis<br \/>\nfonico Davide Cristiani<br \/>\norganizzazione Alessandra Passanisi<br \/>\nassistente di compagnia Carlotta Spitaleri<br \/>\nispirato a H\u00e9rodiade di St\u00e9phane Mallarm\u00e9<\/h4>\n<p><strong>Progetto RIC.CI &#8211; Reconstruction Italian Contemporary Choreography Anni \u201980\u2013\u201990<\/strong><br \/>\n<strong>ideazione e direzione artistica Marinella Guatterini con il supporto di Silvia Coggiola e Matteo Rinaldini\/organizzazione e comunicazione e Alberto Calcinai\/fotografo<\/strong><\/p>\n<p><strong>Compagnia Xe, MiBACT, Regione Toscana, Comune di San Casciano Val di Pesa<\/strong><br \/>\n<strong>in coproduzione con Fondazione Fabbrica Europa per le Arti Contemporanee, Ravenna Festival,<\/strong><br \/>\n<strong>Fondazione Teatro Comunale di Ferrara \u201cClaudio Abbado\u201d, Torinodanza festival \/ Teatro Stabile di Torino &#8211; Teatro Nazionale<\/strong><br \/>\n<strong>in collaborazione con Amat \u2013 Associazione Marchigiana Attivit\u00e0 Teatrali, Teatro Pubblico Pugliese Consorzio Regionale per le Arti e la Cultura, Fondazione Toscana Spettacolo Onlus, <\/strong><br \/>\n<strong>Fondazione Milano Civica Scuola di Teatro Paolo Grassi<\/strong><br \/>\n<strong>Si ringrazia Fondazione Alighiero e Boetti, VIE Festival, Ert &#8211; Emilia Romagna Teatro Fondazione<\/strong><\/p>\n<p><strong>Spettacolo inserito in MITO SettembreMusica<\/strong><\/p>\n<hr \/>\n<p style=\"text-align: justify;\">Ideato all\u2019interno del Progetto RIC.CI, <em>Erodiade &#8211; Fame di vento<\/em> \u00e8 la ricostruzione di un\u2019opera del 1993 nata dalla speciale collaborazione tra Julie Ann Anzillotti e Alighiero Boetti. La loro intesa artistica ha generato un lavoro in cui l\u2019integrazione tra movimento e segno pittorico mette in evidenza la nobilt\u00e0 e l\u2019eleganza della coreografia. Ispirato al poema incompiuto <em>H\u00e9rodiade<\/em> di St\u00e9phane Mallarm\u00e9, la figura di Erodiade \u00e8 osservata nella sua immensa solitudine e amarezza. Il mito della sensualit\u00e0 lascia il posto ad una fame di calore e passione che la porta ad ottenere la testa del Battista che, con il suo martirio, le apre la strada alla catarsi.<\/p>\n<hr \/>\n<p style=\"text-align: justify;\">Durata 50 minuti.<\/p>\n<hr \/>\n<p style=\"text-align: justify;\"><a href=\"https:\/\/vimeo.com\/281587439\" target=\"_blank\" rel=\"noopener\"><img loading=\"lazy\" decoding=\"async\" class=\"alignnone wp-image-7422\" src=\"http:\/\/www.torinodanzafestival.it\/wp-content\/uploads\/2018\/05\/Screenshot_2-1.png\" alt=\"\" width=\"311\" height=\"343\" \/><\/a><\/p>\n<hr \/>\n<p><a href=\"http:\/\/www.compagniaxe.it\/\" target=\"_blank\" rel=\"noopener\">http:\/\/www.compagniaxe.it\/<\/a><\/p>\n","protected":false},"excerpt":{"rendered":"<p>Teatro Carignano \/\/ 17 settembre 2018 \/\/ Progetto RIC.CI \/\/ ore 20,45 coreografia Julie Ann Anzilotti scene Alighiero e Boetti musiche Paul Hindemith, Walter F\u04d3hndrich,&hellip;<\/p>\n","protected":false},"author":1,"featured_media":6423,"comment_status":"closed","ping_status":"closed","sticky":false,"template":"","format":"standard","meta":{"_acf_changed":false,"footnotes":""},"categories":[89],"tags":[],"class_list":["post-6420","post","type-post","status-publish","format-standard","has-post-thumbnail","hentry","category-edizione-2018"],"acf":[],"_links":{"self":[{"href":"http:\/\/www.torinodanzafestival.it\/index.php?rest_route=\/wp\/v2\/posts\/6420","targetHints":{"allow":["GET"]}}],"collection":[{"href":"http:\/\/www.torinodanzafestival.it\/index.php?rest_route=\/wp\/v2\/posts"}],"about":[{"href":"http:\/\/www.torinodanzafestival.it\/index.php?rest_route=\/wp\/v2\/types\/post"}],"author":[{"embeddable":true,"href":"http:\/\/www.torinodanzafestival.it\/index.php?rest_route=\/wp\/v2\/users\/1"}],"replies":[{"embeddable":true,"href":"http:\/\/www.torinodanzafestival.it\/index.php?rest_route=%2Fwp%2Fv2%2Fcomments&post=6420"}],"version-history":[{"count":21,"href":"http:\/\/www.torinodanzafestival.it\/index.php?rest_route=\/wp\/v2\/posts\/6420\/revisions"}],"predecessor-version":[{"id":7701,"href":"http:\/\/www.torinodanzafestival.it\/index.php?rest_route=\/wp\/v2\/posts\/6420\/revisions\/7701"}],"wp:featuredmedia":[{"embeddable":true,"href":"http:\/\/www.torinodanzafestival.it\/index.php?rest_route=\/wp\/v2\/media\/6423"}],"wp:attachment":[{"href":"http:\/\/www.torinodanzafestival.it\/index.php?rest_route=%2Fwp%2Fv2%2Fmedia&parent=6420"}],"wp:term":[{"taxonomy":"category","embeddable":true,"href":"http:\/\/www.torinodanzafestival.it\/index.php?rest_route=%2Fwp%2Fv2%2Fcategories&post=6420"},{"taxonomy":"post_tag","embeddable":true,"href":"http:\/\/www.torinodanzafestival.it\/index.php?rest_route=%2Fwp%2Fv2%2Ftags&post=6420"}],"curies":[{"name":"wp","href":"https:\/\/api.w.org\/{rel}","templated":true}]}}