{"id":6458,"date":"2018-05-10T10:20:49","date_gmt":"2018-05-10T10:20:49","guid":{"rendered":"http:\/\/10.0.1.180\/?post_type=portfolio&#038;p=6458"},"modified":"2019-02-28T09:52:19","modified_gmt":"2019-02-28T09:52:19","slug":"du-desir-dhorizons","status":"publish","type":"post","link":"http:\/\/www.torinodanzafestival.it\/?p=6458","title":{"rendered":"Du D\u00e9sir D\u2019horizons"},"content":{"rendered":"<div class=\"wpb-content-wrapper\"><p>[vc_row][vc_column][vc_column_text]<\/p>\n<p>Fonderie Limone Moncalieri \/\/ 25 &#8211; 26 ottobre 2018\/\/ prima italiana \/\/ Compagnie Mouvements perp\u00e9tuels \/\/ore 20,45<\/p>\n<h4>coreografia Salia Sanou<br \/>\ninterpreti Ouss\u00e9ni Dabar\u00e9, Cindy Emely, Leslie Louis-Jean, J\u00e9r\u00f4me Kabor\u00e9, Elithia Rabenjamina, Mickael Nana, Marius Sawadogo, Asha Thomas<br \/>\ntesto Nancy Huston<br \/>\nestratti da <em>Limbes, Limbo \/ Un hommage \u00e0 Samuel Beckett<\/em>, \u00c9ditions Actes Sud (2000)<br \/>\nscenografia Mathieu Lorry Dupuy<br \/>\nluci Marie-Christine Soma<br \/>\nmusiche Amine Bouhafa<br \/>\nregia generale R\u00e9my Combret<br \/>\nregia luci Rapha\u00ebl De Rosa<br \/>\n<em>Compagnie Mouvements perp\u00e9tuels<\/em><\/h4>\n<h4><em>coproduzione <\/em><em>Th\u00e9\u00e2tre National de Chaillot \/ African Artists for Development \/ Bonlieu \u2013 Sc\u00e8ne nationale d\u2019Annecy et La B\u00e2tie Festival de Gen\u00e8ve dans le cadre du programme Interreg France \u2013 Suisse 2014-2020 \/ Tilder \/ La Filature &#8211; Sc\u00e8ne nationale de Mulhouse \/ Viadanse Centre chor\u00e9graphique national de Franche-Comt\u00e9 \u00e0 Belfort \/ Centre de d\u00e9veloppement chor\u00e9graphique de Toulouse Midi- Pyr\u00e9n\u00e9es<\/em><\/h4>\n<h4><em>con il sostegno di <\/em><em>Minist\u00e8re de la Culture et de la Communication- DRAC Occitanie, R\u00e9gion Occitanie Pyr\u00e9n\u00e9es-M\u00e9diterran\u00e9e, ADAMI<br \/>\n<\/em><em>in parternariato con AVEC <\/em><em>CDC La Termiti\u00e8re \/ Ouagadougou<br \/>\n<\/em>Spettacolo programmato in collaborazione con La Francia in Scena, stagione artistica dell&#8217;Institute <span id=\"result_box\" class=\"short_text\" lang=\"fr\" tabindex=\"-1\">Fran\u00e7ais Italia \/ Ambasciata di Francia in Italia<\/span><\/h4>\n<hr \/>\n<p style=\"text-align: justify;\">Lo spettacolo nasce da una serie di suggestioni emerse nel corso di workshop di danza nei campi profughi del Burundi e del Burkina Faso. I temi sono quelli, del viaggio, dello sradicamento, dei confini. L\u2019orizzonte \u00e8 il futuro, una linea di fuga, uno spazio aperto che il coreografo racconta come un viaggio, un esilio che \u00e8 prima di tutto interiore, inscritto nella coscienza collettiva e che \u00e8 fatto di forza, di lotta, di desiderio. Accompagnato dai testi di Nancy Huston dedicati a Samuel Beckett, Salia Sanou ci restituisce una visione dura della migrazione africana, ma aperta verso un orizzonte di speranza.<\/p>\n<p><strong>DOWNLOAD<\/strong><br \/>\n<a href=\"http:\/\/www.torinodanzafestival.it\/wp-content\/uploads\/2018\/05\/limbo.pdf\">Limbes &#8211; Limbo \/ OMAGGIO A SAMUEL BECKETT<\/a><br \/>\nDI NANCY HUSTON \/ BRANI SCELTI PER DU D\u00c9SIR D\u2019HORIZONS DI SALIA SANOU<\/p>\n<p>Durata 65 minuti.<\/p>\n<hr \/>\n<section class=\"eytg_main_container\"><section class=\"easy_youtube_gallery col-3 ar-16_9  eytg-lightbox-items\"><a href=\"https:\/\/www.youtube.com\/watch?v=gNi0Eac7TWo&autoplay=1&controls=1&enhanceprivacy=0&playsinline=0&rel=0\"\n\t\t\t\t\tclass=\"eytg-item eytg-item-1 eytg-item-first \"\n\t\t\t\t\tdata-eytg_video_id=\"gNi0Eac7TWo\"\n\t\t\t\t\tdata-eytg_controls=\"1\"\n\t\t\t\t\tdata-eytg_playsinline=\"0\"\n\t\t\t\t\tdata-eytg_privacy=\"0\">\n\t\t\t\t\t<span class=\"eytg-thumbnail\"\n\t\t\t\t\t\tstyle=\"background-image: url(https:\/\/img.youtube.com\/vi\/gNi0Eac7TWo\/hqdefault.jpg)\"><\/span>\n\t\t\t\t\t\n\t\t\t\t<\/a><a href=\"https:\/\/www.youtube.com\/watch?v=MbUwMIa3AaA&autoplay=1&controls=1&enhanceprivacy=0&playsinline=0&rel=0\"\n\t\t\t\t\tclass=\"eytg-item eytg-item-2 eytg-item-last \"\n\t\t\t\t\tdata-eytg_video_id=\"MbUwMIa3AaA\"\n\t\t\t\t\tdata-eytg_controls=\"1\"\n\t\t\t\t\tdata-eytg_playsinline=\"0\"\n\t\t\t\t\tdata-eytg_privacy=\"0\">\n\t\t\t\t\t<span class=\"eytg-thumbnail\"\n\t\t\t\t\t\tstyle=\"background-image: url(https:\/\/img.youtube.com\/vi\/MbUwMIa3AaA\/hqdefault.jpg)\"><\/span>\n\t\t\t\t\t\n\t\t\t\t<\/a><\/section><!-- easy_youtube_gallery col-3 ar-16_9  eytg-lightbox-items --><\/section><!-- .eytg_main_container .ar-16_9 --><br \/>\n[\/vc_column_text][\/vc_column][\/vc_row]<\/p>\n<blockquote class=\"wp-embedded-content\" data-secret=\"NMXxYh7X5V\"><p><a href=\"http:\/\/www.saliasanou.net\/new\/welcome\">Welcome<\/a><\/p><\/blockquote>\n<p><iframe loading=\"lazy\" class=\"wp-embedded-content\" sandbox=\"allow-scripts\" security=\"restricted\" style=\"position: absolute; visibility: hidden;\" title=\"&#8220;Welcome&#8221; &#8212; SALIA SANOU\" src=\"http:\/\/www.saliasanou.net\/new\/welcome\/embed#?secret=NMXxYh7X5V\" data-secret=\"NMXxYh7X5V\" width=\"500\" height=\"282\" frameborder=\"0\" marginwidth=\"0\" marginheight=\"0\" scrolling=\"no\"><\/iframe><\/p>\n<\/div>","protected":false},"excerpt":{"rendered":"<p>[vc_row][vc_column][vc_column_text] Fonderie Limone Moncalieri \/\/ 25 &#8211; 26 ottobre 2018\/\/ prima italiana \/\/ Compagnie Mouvements perp\u00e9tuels \/\/ore 20,45 coreografia Salia Sanou interpreti Ouss\u00e9ni Dabar\u00e9, Cindy&hellip;<\/p>\n","protected":false},"author":1,"featured_media":6459,"comment_status":"closed","ping_status":"closed","sticky":false,"template":"","format":"standard","meta":{"_acf_changed":false,"footnotes":""},"categories":[89],"tags":[],"class_list":["post-6458","post","type-post","status-publish","format-standard","has-post-thumbnail","hentry","category-edizione-2018"],"acf":[],"_links":{"self":[{"href":"http:\/\/www.torinodanzafestival.it\/index.php?rest_route=\/wp\/v2\/posts\/6458","targetHints":{"allow":["GET"]}}],"collection":[{"href":"http:\/\/www.torinodanzafestival.it\/index.php?rest_route=\/wp\/v2\/posts"}],"about":[{"href":"http:\/\/www.torinodanzafestival.it\/index.php?rest_route=\/wp\/v2\/types\/post"}],"author":[{"embeddable":true,"href":"http:\/\/www.torinodanzafestival.it\/index.php?rest_route=\/wp\/v2\/users\/1"}],"replies":[{"embeddable":true,"href":"http:\/\/www.torinodanzafestival.it\/index.php?rest_route=%2Fwp%2Fv2%2Fcomments&post=6458"}],"version-history":[{"count":16,"href":"http:\/\/www.torinodanzafestival.it\/index.php?rest_route=\/wp\/v2\/posts\/6458\/revisions"}],"predecessor-version":[{"id":7673,"href":"http:\/\/www.torinodanzafestival.it\/index.php?rest_route=\/wp\/v2\/posts\/6458\/revisions\/7673"}],"wp:featuredmedia":[{"embeddable":true,"href":"http:\/\/www.torinodanzafestival.it\/index.php?rest_route=\/wp\/v2\/media\/6459"}],"wp:attachment":[{"href":"http:\/\/www.torinodanzafestival.it\/index.php?rest_route=%2Fwp%2Fv2%2Fmedia&parent=6458"}],"wp:term":[{"taxonomy":"category","embeddable":true,"href":"http:\/\/www.torinodanzafestival.it\/index.php?rest_route=%2Fwp%2Fv2%2Fcategories&post=6458"},{"taxonomy":"post_tag","embeddable":true,"href":"http:\/\/www.torinodanzafestival.it\/index.php?rest_route=%2Fwp%2Fv2%2Ftags&post=6458"}],"curies":[{"name":"wp","href":"https:\/\/api.w.org\/{rel}","templated":true}]}}