{"id":6576,"date":"2018-05-10T10:11:59","date_gmt":"2018-05-10T10:11:59","guid":{"rendered":"http:\/\/10.0.1.180\/?post_type=portfolio&#038;p=6576"},"modified":"2019-02-28T10:25:14","modified_gmt":"2019-02-28T10:25:14","slug":"parete-nord","status":"publish","type":"post","link":"http:\/\/www.torinodanzafestival.it\/?p=6576","title":{"rendered":"Parete Nord"},"content":{"rendered":"<div class=\"wpb-content-wrapper\"><p>[vc_row][vc_column][vc_column_text]<\/p>\n<p>Fonderie Limone Moncalieri \/\/ 12 &#8211; 13 ottobre 2018 \/\/ prima nazionale \/\/ Di Stefano \/\/ ore 21,00<\/p>\n<h4>coreografia Michele Di Stefano<br \/>\nmusica Lorenzo Bianchi Hoesch<br \/>\ncon Philippe Barbut, Biagio Caravano, Francesco Saverio Cavaliere, Sebastiano Geronimo, Luciano Ariel Lanza, Laura Scarpini, Francesca Ugolini<br \/>\ndisegno luci e direzione tecnica Giulia Broggi<br \/>\nFirefly, 2018, courtesy First Rose<br \/>\nabiti Matteo Thiela \/ direttore di scena Davide Clementi<br \/>\norganizzazione Carlotta Garlanda \/ logistica Francesca Pingitore<\/h4>\n<h4><em>mk\/klm 2018 in coproduzione con <\/em><br \/>\n<em>Torinodanza festival \/ Teatro Stabile di Torino &#8211; Teatro Nazionale nell\u2019ambito del progetto \u201cCorpo Links Cluster\u201d, sostenuto dal Programma di Cooperazione PC INTERREG V A &#8211; Italia-Francia (ALCOTRA 2014-2020) <\/em><br \/>\n<em>con il sostegno del MIBACT <\/em><br \/>\n<em>in collaborazione con Comune di Bardonecchia<\/em><\/h4>\n<hr \/>\n<p style=\"text-align: justify;\">La montagna \u00e8 imprendibile perch\u00e9 assoluta e sempre pronta a franare, dunque irresistibile per il corpo del danzatore cos\u00ec come per quello dello scalatore, votati ad affrontare un costante allenamento al vuoto attraverso l\u2019intelligenza motoria del fare, che parte sempre da un attacco: della parete o della coreografia. Entrambi si muovono nella vastit\u00e0 del paesaggio e corrono dei rischi per procedere ad una trasformazione cruciale, diventano cio\u00e8 il paesaggio stesso assorbendone tutte le informazioni e restituendole in forma di spostamento continuo. Con la capacit\u00e0 di astrazione che contraddistingue il suo lavoro, sempre sospeso tra mondo fisico e realt\u00e0 immaginate, Di Stefano raccoglie questi sentimenti per riportarli in forma di coreografia pura. Ispirato dalla \u201cdisubbidienza geografica\u201d che ogni territorio montano porta con s\u00e9, lo spettacolo di mk nasce proprio nel cuore delle Alpi piemontesi, nel corso della residenza a Bardonecchia, che si \u00e8 conclusa in agosto con una prima creazione intitolata Orografia.<\/p>\n<hr \/>\n<p><a href=\"http:\/\/www.torinodanzafestival.it\/wp-content\/uploads\/2018\/05\/CorpoLinksCluster_CMJN.png\"><img loading=\"lazy\" decoding=\"async\" class=\"alignnone wp-image-6851\" src=\"http:\/\/www.torinodanzafestival.it\/wp-content\/uploads\/2018\/05\/CorpoLinksCluster_CMJN.png\" alt=\"CorpoLinksCluster_CMJN\" width=\"174\" height=\"64\" srcset=\"http:\/\/www.torinodanzafestival.it\/wp-content\/uploads\/2018\/05\/CorpoLinksCluster_CMJN.png 539w, http:\/\/www.torinodanzafestival.it\/wp-content\/uploads\/2018\/05\/CorpoLinksCluster_CMJN-300x110.png 300w\" sizes=\"auto, (max-width: 174px) 100vw, 174px\" \/><\/a><a href=\"http:\/\/www.torinodanzafestival.it\/wp-content\/uploads\/2018\/05\/interreg_ALCOTRA_IT_GREYSCALE.png\"><img loading=\"lazy\" decoding=\"async\" class=\"alignnone size-full wp-image-6858\" src=\"http:\/\/www.torinodanzafestival.it\/wp-content\/uploads\/2018\/05\/interreg_ALCOTRA_IT_GREYSCALE.png\" alt=\"\" width=\"246\" height=\"84\" \/><\/a><\/p>\n<hr \/>\n<p>In collaborazione con Comune di Bardonecchia<\/p>\n<\/div>","protected":false},"excerpt":{"rendered":"<p>[vc_row][vc_column][vc_column_text] Fonderie Limone Moncalieri \/\/ 12 &#8211; 13 ottobre 2018 \/\/ prima nazionale \/\/ Di Stefano \/\/ ore 21,00 coreografia Michele Di Stefano musica Lorenzo&hellip;<\/p>\n","protected":false},"author":1,"featured_media":7502,"comment_status":"closed","ping_status":"closed","sticky":false,"template":"","format":"standard","meta":{"_acf_changed":false,"footnotes":""},"categories":[89],"tags":[],"class_list":["post-6576","post","type-post","status-publish","format-standard","has-post-thumbnail","hentry","category-edizione-2018"],"acf":[],"_links":{"self":[{"href":"http:\/\/www.torinodanzafestival.it\/index.php?rest_route=\/wp\/v2\/posts\/6576","targetHints":{"allow":["GET"]}}],"collection":[{"href":"http:\/\/www.torinodanzafestival.it\/index.php?rest_route=\/wp\/v2\/posts"}],"about":[{"href":"http:\/\/www.torinodanzafestival.it\/index.php?rest_route=\/wp\/v2\/types\/post"}],"author":[{"embeddable":true,"href":"http:\/\/www.torinodanzafestival.it\/index.php?rest_route=\/wp\/v2\/users\/1"}],"replies":[{"embeddable":true,"href":"http:\/\/www.torinodanzafestival.it\/index.php?rest_route=%2Fwp%2Fv2%2Fcomments&post=6576"}],"version-history":[{"count":20,"href":"http:\/\/www.torinodanzafestival.it\/index.php?rest_route=\/wp\/v2\/posts\/6576\/revisions"}],"predecessor-version":[{"id":7687,"href":"http:\/\/www.torinodanzafestival.it\/index.php?rest_route=\/wp\/v2\/posts\/6576\/revisions\/7687"}],"wp:featuredmedia":[{"embeddable":true,"href":"http:\/\/www.torinodanzafestival.it\/index.php?rest_route=\/wp\/v2\/media\/7502"}],"wp:attachment":[{"href":"http:\/\/www.torinodanzafestival.it\/index.php?rest_route=%2Fwp%2Fv2%2Fmedia&parent=6576"}],"wp:term":[{"taxonomy":"category","embeddable":true,"href":"http:\/\/www.torinodanzafestival.it\/index.php?rest_route=%2Fwp%2Fv2%2Fcategories&post=6576"},{"taxonomy":"post_tag","embeddable":true,"href":"http:\/\/www.torinodanzafestival.it\/index.php?rest_route=%2Fwp%2Fv2%2Ftags&post=6576"}],"curies":[{"name":"wp","href":"https:\/\/api.w.org\/{rel}","templated":true}]}}