{"id":6582,"date":"2018-05-10T10:11:54","date_gmt":"2018-05-10T10:11:54","guid":{"rendered":"http:\/\/10.0.1.180\/?post_type=portfolio&#038;p=6582"},"modified":"2019-02-28T10:23:33","modified_gmt":"2019-02-28T10:23:33","slug":"la-spire-first-love","status":"publish","type":"post","link":"http:\/\/www.torinodanzafestival.it\/?p=6582","title":{"rendered":"La Spire"},"content":{"rendered":"<div class=\"wpb-content-wrapper\"><p>[vc_row][vc_column][vc_column_text]<\/p>\n<p>Fonderie Limone Moncalieri \/\/ 13 &#8211; 14 ottobre 2018 \/\/ prima nazionale \/\/ Moglia \/\/ ore 20,00<\/p>\n<h4>direzione artistica e scenografia Chlo\u00e9 Moglia<br \/>\ninterpreti Mathilde Arsenault-Van Volsem, Fanny Austry, Anna Le Bozec, M\u00e9lusine Lavinet Drouet e Chlo\u00e9 Moglia \/ creazione musicale live<br \/>\nMarielle Chatain \/ ideazione tecnica e realizzazione Eric No\u00ebl e Silvain Ohl<br \/>\ndirettore di palcoscenico Lo\u00efc Jouanjan \/ direzione suono Gilles Olivesi<br \/>\ndirettore del suono Gilles Olivesi o Laurent Guigonnet<br \/>\ndirezione luci Coralie Pacreau \/ costumi Myriam Rault<\/h4>\n<h4><em>produzione (2017) Rhizome &#8211; Chlo\u00e9 Moglia \/ gestione delegata Le Quartz,<\/em> <em>Sc\u00e8ne Nationale de Brest \/ si ringrazia Laurence Edelin<\/em><br \/>\n<em>in coproduzione con CCN2 Grenoble con le Pacifique, Centre Chor\u00e9graphique<\/em> <em>National de Grenoble \/ L\u2019Agora, sc\u00e8ne nationale d\u2019Evry et de l\u2019Essonne \/ Plateforme<\/em><br \/>\n<em>2 p\u00f4les cirque en Normandie &#8211; Cirque-Th\u00e9\u00e2tre d&#8217;Elbeuf \/ Le Festival Sc\u00e8nes de Rues<\/em> <em>\u00e0 Mulhouse \/ Rhizome \u00e8 in residenza al Th\u00e9\u00e2tre du Fil de l\u2019eau \/ Ville de Pantin con il<\/em> <em>sostegno di Conseil D\u00e9partemental de Seine Saint-Denis \/ La Maison de la Musique<\/em> <em>de Nanterre \/ Espace Malraux &#8211; sc\u00e8ne nationale de Chamb\u00e9ry et de la Savoie<\/em><br \/>\n<em>Teatro Stabile di Torino &#8211; Teatro Nazionale \/ Torinodanza festival<\/em><br \/>\n<em>spettacolo programmato in collaborazione con La Francia in Scena,<\/em> <em>stagione artistica dell\u2019Institut fran\u00e7ais Italia \/ Ambasciata di Francia in Italia<\/em><\/h4>\n<hr \/>\n<p style=\"text-align: justify;\">La Spire nasce dal desiderio di impostare un dispositivo sospeso su uno\u00a0 sfondo di cielo che appartiene a tutti noi, una spirale di funi d\u2019acciaio eretta orizzontalmente, che forma tre anelli successivi con un diametro di sette metri, lunga diciotto con al centro uno spazio vuoto. Questa immensa spirale offre la possibilit\u00e0 di guardare l\u2019ambiente circostante, sia esso naturale o urbano, da un punto di vista differente, per costruire uno spazio infinito e sospeso nel cielo, facendosi cullare dai virtuosismi aerei di sei giovani donne performers, perch\u00e9 La Spire offre lo sguardo delicato e sensibile di un immaginario tutto al femminile.<\/p>\n<hr \/>\n<section class=\"eytg_main_container\"><section class=\"easy_youtube_gallery col-3 ar-16_9  eytg-lightbox-items\"><a href=\"https:\/\/www.youtube.com\/watch?v=qubCPYYzKa8&autoplay=1&controls=1&enhanceprivacy=0&playsinline=0&rel=0\"\n\t\t\t\t\tclass=\"eytg-item eytg-item-1 eytg-item-first \"\n\t\t\t\t\tdata-eytg_video_id=\"qubCPYYzKa8\"\n\t\t\t\t\tdata-eytg_controls=\"1\"\n\t\t\t\t\tdata-eytg_playsinline=\"0\"\n\t\t\t\t\tdata-eytg_privacy=\"0\">\n\t\t\t\t\t<span class=\"eytg-thumbnail\"\n\t\t\t\t\t\tstyle=\"background-image: url(https:\/\/img.youtube.com\/vi\/qubCPYYzKa8\/hqdefault.jpg)\"><\/span>\n\t\t\t\t\t\n\t\t\t\t<\/a><\/section><!-- easy_youtube_gallery col-3 ar-16_9  eytg-lightbox-items --><\/section><!-- .eytg_main_container .ar-16_9 -->\n<hr \/>\n<p><a href=\"http:\/\/www.torinodanzafestival.it\/wp-content\/uploads\/2018\/05\/CorpoLinksCluster_CMJN.png\"><img loading=\"lazy\" decoding=\"async\" class=\"alignnone wp-image-6851\" src=\"http:\/\/www.torinodanzafestival.it\/wp-content\/uploads\/2018\/05\/CorpoLinksCluster_CMJN.png\" alt=\"CorpoLinksCluster_CMJN\" width=\"174\" height=\"64\" srcset=\"http:\/\/www.torinodanzafestival.it\/wp-content\/uploads\/2018\/05\/CorpoLinksCluster_CMJN.png 539w, http:\/\/www.torinodanzafestival.it\/wp-content\/uploads\/2018\/05\/CorpoLinksCluster_CMJN-300x110.png 300w\" sizes=\"auto, (max-width: 174px) 100vw, 174px\" \/><\/a><a href=\"http:\/\/www.torinodanzafestival.it\/wp-content\/uploads\/2018\/05\/interreg_ALCOTRA_IT_GREYSCALE.png\"><img loading=\"lazy\" decoding=\"async\" class=\"alignnone size-full wp-image-6858\" src=\"http:\/\/www.torinodanzafestival.it\/wp-content\/uploads\/2018\/05\/interreg_ALCOTRA_IT_GREYSCALE.png\" alt=\"\" width=\"246\" height=\"84\" \/><\/a><\/p>\n<\/div>","protected":false},"excerpt":{"rendered":"<p>[vc_row][vc_column][vc_column_text] Fonderie Limone Moncalieri \/\/ 13 &#8211; 14 ottobre 2018 \/\/ prima nazionale \/\/ Moglia \/\/ ore 20,00 direzione artistica e scenografia Chlo\u00e9 Moglia interpreti&hellip;<\/p>\n","protected":false},"author":1,"featured_media":6818,"comment_status":"closed","ping_status":"closed","sticky":false,"template":"","format":"standard","meta":{"_acf_changed":false,"footnotes":""},"categories":[89],"tags":[],"class_list":["post-6582","post","type-post","status-publish","format-standard","has-post-thumbnail","hentry","category-edizione-2018"],"acf":[],"_links":{"self":[{"href":"http:\/\/www.torinodanzafestival.it\/index.php?rest_route=\/wp\/v2\/posts\/6582","targetHints":{"allow":["GET"]}}],"collection":[{"href":"http:\/\/www.torinodanzafestival.it\/index.php?rest_route=\/wp\/v2\/posts"}],"about":[{"href":"http:\/\/www.torinodanzafestival.it\/index.php?rest_route=\/wp\/v2\/types\/post"}],"author":[{"embeddable":true,"href":"http:\/\/www.torinodanzafestival.it\/index.php?rest_route=\/wp\/v2\/users\/1"}],"replies":[{"embeddable":true,"href":"http:\/\/www.torinodanzafestival.it\/index.php?rest_route=%2Fwp%2Fv2%2Fcomments&post=6582"}],"version-history":[{"count":28,"href":"http:\/\/www.torinodanzafestival.it\/index.php?rest_route=\/wp\/v2\/posts\/6582\/revisions"}],"predecessor-version":[{"id":7686,"href":"http:\/\/www.torinodanzafestival.it\/index.php?rest_route=\/wp\/v2\/posts\/6582\/revisions\/7686"}],"wp:featuredmedia":[{"embeddable":true,"href":"http:\/\/www.torinodanzafestival.it\/index.php?rest_route=\/wp\/v2\/media\/6818"}],"wp:attachment":[{"href":"http:\/\/www.torinodanzafestival.it\/index.php?rest_route=%2Fwp%2Fv2%2Fmedia&parent=6582"}],"wp:term":[{"taxonomy":"category","embeddable":true,"href":"http:\/\/www.torinodanzafestival.it\/index.php?rest_route=%2Fwp%2Fv2%2Fcategories&post=6582"},{"taxonomy":"post_tag","embeddable":true,"href":"http:\/\/www.torinodanzafestival.it\/index.php?rest_route=%2Fwp%2Fv2%2Ftags&post=6582"}],"curies":[{"name":"wp","href":"https:\/\/api.w.org\/{rel}","templated":true}]}}