{"id":7416,"date":"2018-09-13T08:53:30","date_gmt":"2018-09-13T08:53:30","guid":{"rendered":"http:\/\/10.0.1.180\/?p=7416"},"modified":"2018-09-13T08:56:58","modified_gmt":"2018-09-13T08:56:58","slug":"gli-sponsali-controversi","status":"publish","type":"post","link":"http:\/\/www.torinodanzafestival.it\/?p=7416","title":{"rendered":"Gli sponsali controversi"},"content":{"rendered":"<p><strong>UNA GIORNATA DI STUDI FRA MUSICA E DANZA<\/strong><\/p>\n<p style=\"text-align: justify;\"><strong>Luned\u00ec 17 settembre a Torino.<br \/>\nSala Lauree della Scuola di Scienze Umanistiche dell\u2019Universit\u00e0 di Torino, ore 10.00-13.30<\/strong><br \/>\n<strong>Teatro Vittoria, ore 15.30-19.30<\/strong><\/p>\n<p style=\"text-align: justify;\">Un\u2019occasione di indagine e confronto per approfondire il ruolo di reciproca interazione fra suono e movimento che, dal medioevo a oggi, alimenta l\u2019inesauribile connubio fra musica e danza. Si inserisce nell\u2019ambito dell\u2019edizione 2018 del <strong>Festival MITO SettembreMusica <\/strong>(3-19 settembre) la giornata di studi promossa dall\u2019<strong>Universit\u00e0 degli Studi di Torino \u2013 Dipartimento di Studi Umanistici \u2013 Centro Studi sul Teatro Musicale<\/strong> con il sostegno di <strong>Arianna per la Musica<\/strong>, dal titolo <strong><em><u>Gli sponsali controversi. Musica e danza nel convito delle arti<\/u><\/em><\/strong>, in programma <strong>luned\u00ec 17 settembre<\/strong> dalle 10.00 alle 13.30 nella Sala Lauree della Scuola di Scienze Umanistiche dell\u2019Universit\u00e0 di Torino (via s. Ottavio, 20) e dalle 15.30 alle 19.30 al Teatro Vittoria (via Gramsci, 4). Il convegno torinese, che si avvale del contributo di musicologi, comparatisti e storici della danza provenienti da diversi atenei italiani, offrir\u00e0 originali spunti critici sulle diverse declinazioni del rapporto fra le due arti, dalle prospettive storico-letterarie a quelle coreografiche e musicologiche.<\/p>\n<p style=\"text-align: justify;\">La prima sessione di interventi, intitolata \u201c<u>Musica, danza e pensiero critico<\/u>\u201d, sar\u00e0 animata da <strong>Alessandro Pontremoli<\/strong> (Torino), <strong>Annarita Colturato<\/strong> (Torino), <strong>Susanne Franco<\/strong> (Venezia) e <strong>Elena Cervellati<\/strong> (Bologna), moderatori Alberto Rizzuti e Valentina Crosetto. Al centro riflessioni sull\u2019aspirazione artistica della pratica coreutica nel Quattrocento e sguardi d\u2019insieme sul prezioso fondo documentario donato nel 2011 dal medico e storico della danza Gianni Secondo alla Biblioteca Nazionale Universitaria di Torino; ipotesi di ricerca sugli studi coreologici di Rudolf Laban abbinati alla musica contemporanea e approfondimenti sulle pratiche performative tra voce e corpo sperimentate negli anni Settanta in Italia. Il convegno proseguir\u00e0 nel pomeriggio al Teatro Vittoria con la sessione \u201c<u>Sulla carta e sulla scena<\/u>\u201d, moderata da Alessandro Pontremoli. In apertura <strong>Maria Teresa Giaveri<\/strong> (Torino) e <strong>Piera Giovanna Tordella<\/strong> (Torino) interverranno sull\u2019influenza della danza nella poesia di Paul Val\u00e9ry, mentre <strong>Marinella Guatterini<\/strong> (Milano) introdurr\u00e0 lo spettacolo nato all\u2019interno del Progetto RIC.CI (Reconstruction Italian Contemporary Choreography anni \u201980-\u201990), <em>Erodiade &#8211; Fame di vento (1993-2017)<\/em>, in scena la sera stessa alle 20.45 al Teatro Carignano. A seguire <strong>Susanne Franco<\/strong>, <strong>Massimiliano Locanto<\/strong> (Salerno) e <strong>Emilio Sala<\/strong> (Milano) dialogheranno sul volume accademico di recente pubblicazione <em>Music \u2013 Dance. Sound and Motion in Contemporary Discourse<\/em> (London, Routledge, 2017) con i curatori <strong>Patrizia Veroli<\/strong> e <strong>Gianfranco Vinay<\/strong>.<\/p>\n<p style=\"text-align: justify;\">Nello spirito interdisciplinare del festival, la giornata si chiuder\u00e0 alle 18.30 con la lettura scenica del dialogo <strong><em><u>Variabile Salome<\/u><\/em><\/strong> (50\u2019) di <strong>Alberto Rizzuti<\/strong>, realizzata in collaborazione con l\u2019<strong>Unione Musicale <\/strong>e l\u2019<strong>Accademia di Musica di Pinerolo<\/strong>. Interpretato da <strong>Giulia Valenti<\/strong> (Salome) e <strong>Stefano Moretti<\/strong> (Giovanni il Battista), il dialogo sar\u00e0 integrato da alcuni brani ricavati da opere di Richard Strauss (<em>Tod und Verkl\u00e4rung<\/em>, <em>Eine Alpensinfonie<\/em>, <em>Tanzsuite<\/em>, <em>Capriccio<\/em>, <em>Vier letzte Lieder<\/em>, <em>Salome<\/em>), eseguiti in trascrizione per flauto (<strong>Emanuele Groppo<\/strong>), violoncello (<strong>Claudio Pasceri<\/strong>) e pianoforte (<strong>Claudio Berra<\/strong>). Un momento di piacevole condivisione fra musica, parola e gesto visivo che indagher\u00e0 gli aspetti latenti del rapporto d\u2019attrazione fra la sensuale Salome e l\u2019asceta Giovanni, anticipando idealmente lo spettacolo <a href=\"http:\/\/www.torinodanzafestival.it\/?portfolio=erodiade-fame-di-vento-1993-2017\"><strong><em>Erodiade &#8211; Fame di vento (1993-2017<\/em><\/strong><em>)<\/em><\/a>, allestito dalla Compagnia XE per <strong>Torinodanza Festival<\/strong> <strong>2018<\/strong>. Ispirato al poema incompiuto <em>H\u00e9rodiade<\/em> di Mallarm\u00e9, il lavoro creato da Julie-Ann Anzillotti e Alighiero Boetti coglier\u00e0 la principessa giudea, nominata questa volta come la madre Erodiade, nella sua immensa solitudine e nel suo disperato desiderio di assoluto. Solo al culmine dell\u2019orrore, dopo aver contemplato la testa tagliata del Battista, la donna sar\u00e0 toccata dalla grazia, come battezzata dal sangue del martire.<\/p>\n<p style=\"text-align: justify;\">Per la partecipazione dei docenti della Scuola \u00e8 previsto l\u2019esonero dall\u2019insegnamento, fatte salve le esigenze di servizio, come da circolare ministeriale AOODGOSV Prot. n. 0008890 &#8211; 24\/09\/2015.<br \/>\nIngresso libero.<\/p>\n<p style=\"text-align: justify;\"><strong>Programma completo del convegno consultabile al link:<br \/>\n<\/strong><a href=\"http:\/\/www.mitosettembremusica.it\/programma\/2018\/gli-sponsali-controversi.html\">http:\/\/www.mitosettembremusica.it\/programma\/2018\/gli-sponsali-controversi.html<br \/>\n<\/a><strong>Per informazioni<\/strong>: <a href=\"info.cstm@unito.it\">info.cstm@unito.it<\/a><\/p>\n<p style=\"text-align: justify;\"><u>\u00a0<\/u><\/p>\n","protected":false},"excerpt":{"rendered":"<p>Si inserisce nell\u2019ambito dell\u2019edizione 2018 del Festival MITO SettembreMusica la giornata di studi promossa dall\u2019Universit\u00e0 di Torino, Centro Studi sul Teatro Musicale con il sostegno di Arianna per la Musica in programma luned\u00ec 17 settembre. Il convegno offrir\u00e0 spunti critici sulle diverse declinazioni del rapporto fra musica e danza<\/p>\n","protected":false},"author":1,"featured_media":6423,"comment_status":"closed","ping_status":"open","sticky":false,"template":"","format":"standard","meta":{"_acf_changed":false,"footnotes":""},"categories":[1],"tags":[],"class_list":["post-7416","post","type-post","status-publish","format-standard","has-post-thumbnail","hentry","category-news"],"acf":[],"_links":{"self":[{"href":"http:\/\/www.torinodanzafestival.it\/index.php?rest_route=\/wp\/v2\/posts\/7416","targetHints":{"allow":["GET"]}}],"collection":[{"href":"http:\/\/www.torinodanzafestival.it\/index.php?rest_route=\/wp\/v2\/posts"}],"about":[{"href":"http:\/\/www.torinodanzafestival.it\/index.php?rest_route=\/wp\/v2\/types\/post"}],"author":[{"embeddable":true,"href":"http:\/\/www.torinodanzafestival.it\/index.php?rest_route=\/wp\/v2\/users\/1"}],"replies":[{"embeddable":true,"href":"http:\/\/www.torinodanzafestival.it\/index.php?rest_route=%2Fwp%2Fv2%2Fcomments&post=7416"}],"version-history":[{"count":4,"href":"http:\/\/www.torinodanzafestival.it\/index.php?rest_route=\/wp\/v2\/posts\/7416\/revisions"}],"predecessor-version":[{"id":7420,"href":"http:\/\/www.torinodanzafestival.it\/index.php?rest_route=\/wp\/v2\/posts\/7416\/revisions\/7420"}],"wp:featuredmedia":[{"embeddable":true,"href":"http:\/\/www.torinodanzafestival.it\/index.php?rest_route=\/wp\/v2\/media\/6423"}],"wp:attachment":[{"href":"http:\/\/www.torinodanzafestival.it\/index.php?rest_route=%2Fwp%2Fv2%2Fmedia&parent=7416"}],"wp:term":[{"taxonomy":"category","embeddable":true,"href":"http:\/\/www.torinodanzafestival.it\/index.php?rest_route=%2Fwp%2Fv2%2Fcategories&post=7416"},{"taxonomy":"post_tag","embeddable":true,"href":"http:\/\/www.torinodanzafestival.it\/index.php?rest_route=%2Fwp%2Fv2%2Ftags&post=7416"}],"curies":[{"name":"wp","href":"https:\/\/api.w.org\/{rel}","templated":true}]}}