{"id":7828,"date":"2019-03-04T09:52:42","date_gmt":"2019-03-04T09:52:42","guid":{"rendered":"http:\/\/10.0.1.180\/?post_type=portfolio&#038;p=7828"},"modified":"2020-07-06T14:42:03","modified_gmt":"2020-07-06T14:42:03","slug":"conversazione-in-danza","status":"publish","type":"post","link":"http:\/\/www.torinodanzafestival.it\/?p=7828","title":{"rendered":"CONVERSATION &#8211; Dialogo aperto con la danza"},"content":{"rendered":"<div class=\"wpb-content-wrapper\"><p>[vc_row][vc_column][vc_btn title=&#8221;acquista online&#8221; color=&#8221;danger&#8221; link=&#8221;url:https%3A%2F%2Fwww.vivaticket.it%2Fita%2Fevent%2Fconversation-dialogo-aperto-con-la-danza%2F129578%3Fidt%3D55||target:%20_blank|&#8221;][vc_column_text]In che modo un artista pu\u00f2 interrogarsi sui temi del mondo o dell\u2019attualit\u00e0? In che modo le problematiche sociali possono entrare nella materia creativa? Qual \u00e8 la responsabilit\u00e0 etica dell\u2019artista in questo inizio Millennio? Questi e altri interrogativi assillano da sempre gli artisti che vivono l\u2019impegno come parte del proprio ruolo. Ambra Senatore propone a Torinodanza una conversazione fatta di parola e movimento con Mario Benassai e Mariateresa Crosta creando una forma ibrida tra spettacolo di danza e conferenza. Un confronto tra forme diverse di creativit\u00e0 che rispecchiano la visione pi\u00f9 volte espressa dalla coreografa torinese, della danza come mezzo di incontro\u00a0e di scoperta reciproca e costituiscono momenti di ricerca che sosterranno il suo percorso creativo di cui si attende una tappa a Torinodanza Festival 2020.<\/p>\n<hr \/>\n<h5>Ambra Senatore<br \/>\ndialoga con Mario Benassai (fisico) e Mariateresa Crosta (astrofisica)<br \/>\n<em>Ambra Senatore \/ CCNN &#8211; Centre Chor\u00e9graphique National de Nantes<\/em><\/h5>\n<p><em>\u00a0<\/em>[\/vc_column_text][\/vc_column][\/vc_row][vc_row][vc_column][vc_column_text]<\/p>\n<hr \/>\n<p><span style=\"color: #ff0000;\">ENG<\/span> How can an artist explore global or current issues? How can issues raised by a community affect creative thinking? What is an artist&#8217;s ethical responsibility in the early years of this millennium? These and other challenges have always tormented artists who see engagement as part of their role. Ambra Senatore presents a sequence of public meetings in which scientific and humanities experts, spectators, artists, and professionals from a variety of fields, jointly address these issues. The meetings, a combination of dance performances and talks, respond to the choreographer&#8217;s vision of dance as a means for mutual interaction and discovery. They are also research opportunities that fuel her creative journey. One of such meetings will be held during the Torinodanza Festival 2020.<\/p>\n<p><strong>CONVERSATION<\/strong><br \/>\n<strong><em>Open dialogue with dance<br \/>\nAmbra Senatore \/ CCNN &#8211; Centre Chor\u00e9graphique National de Nantes<\/em><\/strong><\/p>\n<p><em>\u00a0<\/em><\/p>\n<p>&nbsp;<\/p>\n<p><em>\u00a0<\/em>[\/vc_column_text][vc_btn title=&#8221;acquista online&#8221; color=&#8221;danger&#8221; link=&#8221;url:https%3A%2F%2Fwww.vivaticket.it%2Fita%2Fevent%2Fconversation-dialogo-aperto-con-la-danza%2F129578%3Fidt%3D55||target:%20_blank|&#8221;][\/vc_column][\/vc_row][vc_row][vc_column][\/vc_column][\/vc_row]<\/p>\n<\/div>","protected":false},"excerpt":{"rendered":"<p>[vc_row][vc_column][vc_btn title=&#8221;acquista online&#8221; color=&#8221;danger&#8221; link=&#8221;url:https%3A%2F%2Fwww.vivaticket.it%2Fita%2Fevent%2Fconversation-dialogo-aperto-con-la-danza%2F129578%3Fidt%3D55||target:%20_blank|&#8221;][vc_column_text]In che modo un artista pu\u00f2 interrogarsi sui temi del mondo o dell\u2019attualit\u00e0? In che modo le problematiche sociali possono entrare&hellip;<\/p>\n","protected":false},"author":1,"featured_media":7879,"comment_status":"closed","ping_status":"closed","sticky":false,"template":"","format":"standard","meta":{"_acf_changed":false,"footnotes":""},"categories":[94],"tags":[],"class_list":["post-7828","post","type-post","status-publish","format-standard","has-post-thumbnail","hentry","category-edizione-2019"],"acf":[],"_links":{"self":[{"href":"http:\/\/www.torinodanzafestival.it\/index.php?rest_route=\/wp\/v2\/posts\/7828","targetHints":{"allow":["GET"]}}],"collection":[{"href":"http:\/\/www.torinodanzafestival.it\/index.php?rest_route=\/wp\/v2\/posts"}],"about":[{"href":"http:\/\/www.torinodanzafestival.it\/index.php?rest_route=\/wp\/v2\/types\/post"}],"author":[{"embeddable":true,"href":"http:\/\/www.torinodanzafestival.it\/index.php?rest_route=\/wp\/v2\/users\/1"}],"replies":[{"embeddable":true,"href":"http:\/\/www.torinodanzafestival.it\/index.php?rest_route=%2Fwp%2Fv2%2Fcomments&post=7828"}],"version-history":[{"count":16,"href":"http:\/\/www.torinodanzafestival.it\/index.php?rest_route=\/wp\/v2\/posts\/7828\/revisions"}],"predecessor-version":[{"id":8924,"href":"http:\/\/www.torinodanzafestival.it\/index.php?rest_route=\/wp\/v2\/posts\/7828\/revisions\/8924"}],"wp:featuredmedia":[{"embeddable":true,"href":"http:\/\/www.torinodanzafestival.it\/index.php?rest_route=\/wp\/v2\/media\/7879"}],"wp:attachment":[{"href":"http:\/\/www.torinodanzafestival.it\/index.php?rest_route=%2Fwp%2Fv2%2Fmedia&parent=7828"}],"wp:term":[{"taxonomy":"category","embeddable":true,"href":"http:\/\/www.torinodanzafestival.it\/index.php?rest_route=%2Fwp%2Fv2%2Fcategories&post=7828"},{"taxonomy":"post_tag","embeddable":true,"href":"http:\/\/www.torinodanzafestival.it\/index.php?rest_route=%2Fwp%2Fv2%2Ftags&post=7828"}],"curies":[{"name":"wp","href":"https:\/\/api.w.org\/{rel}","templated":true}]}}