{"id":8577,"date":"2019-06-27T11:38:10","date_gmt":"2019-06-27T11:38:10","guid":{"rendered":"http:\/\/10.0.1.180\/?p=8577"},"modified":"2019-07-24T09:22:46","modified_gmt":"2019-07-24T09:22:46","slug":"andiamo-vertigine2-percorso-artistico-italo-francese-il-26-27-e-28-luglio-2019-in-val-di-susa-e-val-germanasca-ad-avigliana-sestriere-e-prali","status":"publish","type":"post","link":"http:\/\/www.torinodanzafestival.it\/?p=8577","title":{"rendered":"ANDIAMO! VERTIGINE#2 &#8211; Percorso artistico italo-francese il 26, 27 e 28 luglio 2019 in Val di Susa e Val Germanasca, ad Avigliana, Sestriere e Prali"},"content":{"rendered":"<p><strong>TORINODANZA FESTIVAL<\/strong><br \/>\nnell\u2019ambito di <strong>CORPO LINKS CLUSTER<\/strong> &#8211;<strong> progetto sostenuto dal programma di Cooperazione Transfrontaliera\u00a0 Interreg V-A Italia-Francia ALCOTRA 2014-2020<\/strong><\/p>\n<p><strong>ANDIAMO!<\/strong><br \/>\n<strong>VERTIGINE#2<\/strong><\/p>\n<p><strong>Percorso artistico italo-francese il 26, 27 e 28 luglio 2019 in Val di Susa e Val Germanasca, ad Avigliana, Sestriere e Prali<\/strong>.<\/p>\n<p>Torinodanza prosegue anche nell\u2019estate 2019 l\u2019esplorazione delle relazioni fra danza e montagna nell\u2019interpretazione trasversale di tre artisti italiani che, attraverso residenze e laboratori in alta quota, presentano e costruiscono performance originali.<br \/>\nUn vero e proprio happening di tre giorni, il 26, 27 e 28 luglio, fra Avigliana, Sestriere e Prali, per mettere in connessione la citt\u00e0 di Torino e le sue montagne, ma non solo. Il programma, che quest\u2019anno si presenta con il titolo \u201cANDIAMO!\u201d ed \u00e8 il secondo capitolo di #VERTIGINE all\u2019interno del progetto Corpo Links Cluster finanziato dal programma europeo ALCOTRA (Alpi Latine Cooperazione TRAnsfrontaliera), coinvolge oltre al Teatro Stabile di Torino \u2010 Teatro Nazionale\/Torinodanza festival anche Malraux sc\u00e8ne nationale Chamb\u00e9ry Savoie, Associazione Dislivelli di Torino e Universit\u00e9 Savoie Mont Blanc in un vero e proprio festival italo-francese.<\/p>\n<p>ANDIAMO! &#8211; dichiara il direttore di Torinodanza Anna Cremonini &#8211; \u00e8 il secondo capitolo del progetto #VERTIGINE: un sentiero che abbiamo iniziato a percorrere la scorsa stagione e che passo dopo passo ci ha entusiasmato per l\u2019originalit\u00e0 della proposta. Gli spettacoli che sono nati in montagna sono approdati in teatro e oggi sono nel programma dei migliori teatri e festival in Italia e non solo. In questa edizione diventa ancora pi\u00f9 forte e concreta la collaborazione con la sponda francese del progetto: Torino, Chamb\u00e9ry e le montagne diventano davvero un unico grande territorio di spettacolo.<br \/>\nSport, ambiente e cultura di montagna sono un\u2019ispirazione unica di questi territori, capaci di stimolare danza, performance e partecipazione. Come partire insieme e conquistare una cima.<\/p>\n<p>ANDIAMO! \u00e8 un punto di vista diverso sulla montagna, che non vive cos\u00ec esclusivamente nella dicotomia fra inverno e estate, fra neve, sci, velocit\u00e0 e i cieli tersi di una gita estiva in alta quota, lungo sentieri e pendii verdissimi. Lo sguardo dei coreografi di Torinodanza esplora la storia e la memoria, incontra le persone e si immerge negli ambienti naturali. Gli artisti percorrono il territorio, abitano le valli e si confrontano con chi in montagna ci vive o chi ci passa solo qualche giorno e trasformano queste esperienze in danza.<\/p>\n<p>Dopo Pragelato e Bardonecchia, quest\u2019anno con ANDIAMO! Torinodanza porta la creazione contemporanea ad Avigliana, Sestriere e Prali, fra Val di Susa e Val Germanasca.<br \/>\nPIERGIORGIO MILANO lavorer\u00e0 sulla Palestra di Roccia di Avigliana per elaborare il gesto dell\u2019arrampicata sportiva, passando attraverso workshop e residenze (26 luglio); MARCO CHENEVIER guider\u00e0 un laboratorio a Sestriere trasformando giovani sciatori in performer con una rappresentazione pubblica il 27 luglio; SILVIA GRIBAUDI, gi\u00e0 al lavoro da alcune settimane fra la Val Chisone e la Val Germanasca, presenter\u00e0 una prima traccia di creazione a Prali in una giornata che sar\u00e0 una vera e propria festa della montagna il 28 luglio.<\/p>\n<p>Arrampicata, sci di discesa e trekking sono gli sport da cui si originano i gesti coreografici. Grandi personaggi di montagna, come la guida alpina Anna Torretta, il campione di sci Piero Gros e l\u2019antropologa e scrittrice Irene Borgna, saranno i protagonisti degli incontri (coordinati dal giornalista e scrittore Enrico Camanni) che seguiranno ogni spettacolo.<br \/>\nPer ritrovare nell\u2019esperienza diversa, nella tensione, nella lunga preparazione fisica e mentale che si scioglie nel brevissimo conto alla rovescia che precede lo spettacolo cos\u00ec come la gara, un territorio comune. Probabilmente la montagna stessa.<\/p>\n<p>Gli stessi artisti arriveranno poi a Torino in autunno per presentare il loro lavoro all\u2019interno del programma di Torinodanza, elaborando ulteriormente gli spunti creativi nati in montagna. Piergiorgio Milano con White Out, nuovo spettacolo al suo debutto assoluto; Silvia Gribaudi e Marco Chenevier con performance che saranno presentate in forma compiuta a Torinodanza festival 2020.<\/p>\n<p><a href=\"http:\/\/www.torinodanzafestival.it\/wp-content\/uploads\/2019\/06\/VERTIGINE2_cs.pdf\" target=\"_blank\" rel=\"noopener\">Comunicato stampa VERTIGINE2<\/a><\/p>\n<p><a href=\"http:\/\/www.torinodanzafestival.it\/wp-content\/uploads\/2019\/06\/vertigine_2019_web.pdf\" target=\"_blank\" rel=\"noopener\">programma Andiamo!<\/a><\/p>\n<p><a href=\"http:\/\/www.torinodanzafestival.it\/wp-content\/uploads\/2019\/06\/02_Piergiorgio-Milano_26_07_19.pdf\" target=\"_blank\" rel=\"noopener\">scheda Piergiorgio Milano_26_07_19<\/a><\/p>\n<p><a href=\"http:\/\/www.torinodanzafestival.it\/wp-content\/uploads\/2019\/06\/03_Marco-Chenevier_27_07_2019.pdf\" target=\"_blank\" rel=\"noopener\">scheda Marco Chenevier_27_07_2019<\/a><\/p>\n<p><a href=\"http:\/\/www.torinodanzafestival.it\/wp-content\/uploads\/2019\/06\/04_Silvia-Gribaudi_28_07_19.pdf\" target=\"_blank\" rel=\"noopener\">scheda Silvia Gribaudi_28_07_19<\/a><\/p>\n<p><a href=\"http:\/\/www.torinodanzafestival.it\/wp-content\/uploads\/2019\/06\/05_Mappa_trekking_Prali.pdf\" target=\"_blank\" rel=\"noopener\">mappa_trekking_Prali<\/a><\/p>\n<p>&nbsp;<\/p>\n<p>&nbsp;<\/p>\n<p>&nbsp;<\/p>\n<p>&nbsp;<\/p>\n<div id='gallery-1' class='gallery galleryid-8577 gallery-columns-3 gallery-size-thumbnail'><figure class='gallery-item'>\n\t\t\t<div class='gallery-icon portrait'>\n\t\t\t\t<a href='http:\/\/www.torinodanzafestival.it\/wp-content\/uploads\/2019\/06\/VERTIGINE2_ANDIAMO_ITA.jpg'><img loading=\"lazy\" decoding=\"async\" width=\"150\" height=\"150\" src=\"http:\/\/www.torinodanzafestival.it\/wp-content\/uploads\/2019\/06\/VERTIGINE2_ANDIAMO_ITA-150x150.jpg\" class=\"attachment-thumbnail size-thumbnail\" alt=\"\" aria-describedby=\"gallery-1-8583\" srcset=\"http:\/\/www.torinodanzafestival.it\/wp-content\/uploads\/2019\/06\/VERTIGINE2_ANDIAMO_ITA-150x150.jpg 150w, http:\/\/www.torinodanzafestival.it\/wp-content\/uploads\/2019\/06\/VERTIGINE2_ANDIAMO_ITA-560x560.jpg 560w, http:\/\/www.torinodanzafestival.it\/wp-content\/uploads\/2019\/06\/VERTIGINE2_ANDIAMO_ITA-468x468.jpg 468w, http:\/\/www.torinodanzafestival.it\/wp-content\/uploads\/2019\/06\/VERTIGINE2_ANDIAMO_ITA-266x266.jpg 266w, http:\/\/www.torinodanzafestival.it\/wp-content\/uploads\/2019\/06\/VERTIGINE2_ANDIAMO_ITA-220x220.jpg 220w\" sizes=\"auto, (max-width: 150px) 100vw, 150px\" \/><\/a>\n\t\t\t<\/div>\n\t\t\t\t<figcaption class='wp-caption-text gallery-caption' id='gallery-1-8583'>\n\t\t\t\tVERTIGINE#2_ANDIAMO\n\t\t\t\t<\/figcaption><\/figure><figure class='gallery-item'>\n\t\t\t<div class='gallery-icon landscape'>\n\t\t\t\t<a href='http:\/\/www.torinodanzafestival.it\/wp-content\/uploads\/2019\/06\/20190708_CLC_TORINODANZA_PiergiorgioMilano_AuBoutDesDoigts_phAndreaMacchia_DSC_1087.jpg'><img loading=\"lazy\" decoding=\"async\" width=\"150\" height=\"150\" src=\"http:\/\/www.torinodanzafestival.it\/wp-content\/uploads\/2019\/06\/20190708_CLC_TORINODANZA_PiergiorgioMilano_AuBoutDesDoigts_phAndreaMacchia_DSC_1087-150x150.jpg\" class=\"attachment-thumbnail size-thumbnail\" alt=\"\" aria-describedby=\"gallery-1-8694\" srcset=\"http:\/\/www.torinodanzafestival.it\/wp-content\/uploads\/2019\/06\/20190708_CLC_TORINODANZA_PiergiorgioMilano_AuBoutDesDoigts_phAndreaMacchia_DSC_1087-150x150.jpg 150w, http:\/\/www.torinodanzafestival.it\/wp-content\/uploads\/2019\/06\/20190708_CLC_TORINODANZA_PiergiorgioMilano_AuBoutDesDoigts_phAndreaMacchia_DSC_1087-468x468.jpg 468w\" sizes=\"auto, (max-width: 150px) 100vw, 150px\" \/><\/a>\n\t\t\t<\/div>\n\t\t\t\t<figcaption class='wp-caption-text gallery-caption' id='gallery-1-8694'>\n\t\t\t\tPiergiorgioMilano<br>AuBoutDesDoigts<br>ph Andrea Macchia\n\t\t\t\t<\/figcaption><\/figure><figure class='gallery-item'>\n\t\t\t<div class='gallery-icon landscape'>\n\t\t\t\t<a href='http:\/\/www.torinodanzafestival.it\/wp-content\/uploads\/2019\/06\/20190708_CLC_TORINODANZA_PiergiorgioMilano_AuBoutDesDoigts_phAndreaMacchia_DSC_1096.jpg'><img loading=\"lazy\" decoding=\"async\" width=\"150\" height=\"150\" src=\"http:\/\/www.torinodanzafestival.it\/wp-content\/uploads\/2019\/06\/20190708_CLC_TORINODANZA_PiergiorgioMilano_AuBoutDesDoigts_phAndreaMacchia_DSC_1096-150x150.jpg\" class=\"attachment-thumbnail size-thumbnail\" alt=\"\" aria-describedby=\"gallery-1-8695\" srcset=\"http:\/\/www.torinodanzafestival.it\/wp-content\/uploads\/2019\/06\/20190708_CLC_TORINODANZA_PiergiorgioMilano_AuBoutDesDoigts_phAndreaMacchia_DSC_1096-150x150.jpg 150w, http:\/\/www.torinodanzafestival.it\/wp-content\/uploads\/2019\/06\/20190708_CLC_TORINODANZA_PiergiorgioMilano_AuBoutDesDoigts_phAndreaMacchia_DSC_1096-468x468.jpg 468w\" sizes=\"auto, (max-width: 150px) 100vw, 150px\" \/><\/a>\n\t\t\t<\/div>\n\t\t\t\t<figcaption class='wp-caption-text gallery-caption' id='gallery-1-8695'>\n\t\t\t\tPiergiorgioMilano<br>AuBoutDesDoigts<br>ph Andrea Macchia\n\t\t\t\t<\/figcaption><\/figure><figure class='gallery-item'>\n\t\t\t<div class='gallery-icon landscape'>\n\t\t\t\t<a href='http:\/\/www.torinodanzafestival.it\/wp-content\/uploads\/2019\/06\/20190708_CLC_TORINODANZA_PiergiorgioMilano_AuBoutDesDoigts_phAndreaMacchia_DSC_1130.jpg'><img loading=\"lazy\" decoding=\"async\" width=\"150\" height=\"150\" src=\"http:\/\/www.torinodanzafestival.it\/wp-content\/uploads\/2019\/06\/20190708_CLC_TORINODANZA_PiergiorgioMilano_AuBoutDesDoigts_phAndreaMacchia_DSC_1130-150x150.jpg\" class=\"attachment-thumbnail size-thumbnail\" alt=\"\" aria-describedby=\"gallery-1-8696\" srcset=\"http:\/\/www.torinodanzafestival.it\/wp-content\/uploads\/2019\/06\/20190708_CLC_TORINODANZA_PiergiorgioMilano_AuBoutDesDoigts_phAndreaMacchia_DSC_1130-150x150.jpg 150w, http:\/\/www.torinodanzafestival.it\/wp-content\/uploads\/2019\/06\/20190708_CLC_TORINODANZA_PiergiorgioMilano_AuBoutDesDoigts_phAndreaMacchia_DSC_1130-468x468.jpg 468w\" sizes=\"auto, (max-width: 150px) 100vw, 150px\" \/><\/a>\n\t\t\t<\/div>\n\t\t\t\t<figcaption class='wp-caption-text gallery-caption' id='gallery-1-8696'>\n\t\t\t\tPiergiorgioMilano<br>AuBoutDesDoigts<br>ph Andrea Macchia\n\t\t\t\t<\/figcaption><\/figure><figure class='gallery-item'>\n\t\t\t<div class='gallery-icon portrait'>\n\t\t\t\t<a href='http:\/\/www.torinodanzafestival.it\/wp-content\/uploads\/2019\/06\/20190708_CLC_TORINODANZA_PiergiorgioMilano_AuBoutDesDoigts_phAndreaMacchia_DSC_1139.jpg'><img loading=\"lazy\" decoding=\"async\" width=\"150\" height=\"150\" src=\"http:\/\/www.torinodanzafestival.it\/wp-content\/uploads\/2019\/06\/20190708_CLC_TORINODANZA_PiergiorgioMilano_AuBoutDesDoigts_phAndreaMacchia_DSC_1139-150x150.jpg\" class=\"attachment-thumbnail size-thumbnail\" alt=\"\" aria-describedby=\"gallery-1-8697\" srcset=\"http:\/\/www.torinodanzafestival.it\/wp-content\/uploads\/2019\/06\/20190708_CLC_TORINODANZA_PiergiorgioMilano_AuBoutDesDoigts_phAndreaMacchia_DSC_1139-150x150.jpg 150w, http:\/\/www.torinodanzafestival.it\/wp-content\/uploads\/2019\/06\/20190708_CLC_TORINODANZA_PiergiorgioMilano_AuBoutDesDoigts_phAndreaMacchia_DSC_1139-468x468.jpg 468w\" sizes=\"auto, (max-width: 150px) 100vw, 150px\" \/><\/a>\n\t\t\t<\/div>\n\t\t\t\t<figcaption class='wp-caption-text gallery-caption' id='gallery-1-8697'>\n\t\t\t\tPiergiorgioMilano<br>AuBoutDesDoigts<br>ph Andrea Macchia\n\t\t\t\t<\/figcaption><\/figure><figure class='gallery-item'>\n\t\t\t<div class='gallery-icon landscape'>\n\t\t\t\t<a href='http:\/\/www.torinodanzafestival.it\/wp-content\/uploads\/2019\/06\/20190708_CLC_TORINODANZA_PiergiorgioMilano_AuBoutDesDoigts_phAndreaMacchia_DSC_6270.jpg'><img loading=\"lazy\" decoding=\"async\" width=\"150\" height=\"150\" src=\"http:\/\/www.torinodanzafestival.it\/wp-content\/uploads\/2019\/06\/20190708_CLC_TORINODANZA_PiergiorgioMilano_AuBoutDesDoigts_phAndreaMacchia_DSC_6270-150x150.jpg\" class=\"attachment-thumbnail size-thumbnail\" alt=\"\" aria-describedby=\"gallery-1-8699\" srcset=\"http:\/\/www.torinodanzafestival.it\/wp-content\/uploads\/2019\/06\/20190708_CLC_TORINODANZA_PiergiorgioMilano_AuBoutDesDoigts_phAndreaMacchia_DSC_6270-150x150.jpg 150w, http:\/\/www.torinodanzafestival.it\/wp-content\/uploads\/2019\/06\/20190708_CLC_TORINODANZA_PiergiorgioMilano_AuBoutDesDoigts_phAndreaMacchia_DSC_6270-468x468.jpg 468w\" sizes=\"auto, (max-width: 150px) 100vw, 150px\" \/><\/a>\n\t\t\t<\/div>\n\t\t\t\t<figcaption class='wp-caption-text gallery-caption' id='gallery-1-8699'>\n\t\t\t\tPiergiorgioMilano<br>AuBoutDesDoigts<br>ph Andrea Macchia\n\t\t\t\t<\/figcaption><\/figure><figure class='gallery-item'>\n\t\t\t<div class='gallery-icon portrait'>\n\t\t\t\t<a href='http:\/\/www.torinodanzafestival.it\/wp-content\/uploads\/2019\/06\/20190708_CLC_TORINODANZA_PiergiorgioMilano_AuBoutDesDoigts_phAndreaMacchia_DSC_1182.jpg'><img loading=\"lazy\" decoding=\"async\" width=\"150\" height=\"150\" src=\"http:\/\/www.torinodanzafestival.it\/wp-content\/uploads\/2019\/06\/20190708_CLC_TORINODANZA_PiergiorgioMilano_AuBoutDesDoigts_phAndreaMacchia_DSC_1182-150x150.jpg\" class=\"attachment-thumbnail size-thumbnail\" alt=\"\" aria-describedby=\"gallery-1-8698\" srcset=\"http:\/\/www.torinodanzafestival.it\/wp-content\/uploads\/2019\/06\/20190708_CLC_TORINODANZA_PiergiorgioMilano_AuBoutDesDoigts_phAndreaMacchia_DSC_1182-150x150.jpg 150w, http:\/\/www.torinodanzafestival.it\/wp-content\/uploads\/2019\/06\/20190708_CLC_TORINODANZA_PiergiorgioMilano_AuBoutDesDoigts_phAndreaMacchia_DSC_1182-468x468.jpg 468w\" sizes=\"auto, (max-width: 150px) 100vw, 150px\" \/><\/a>\n\t\t\t<\/div>\n\t\t\t\t<figcaption class='wp-caption-text gallery-caption' id='gallery-1-8698'>\n\t\t\t\tPiergiorgioMilano<br>AuBoutDesDoigts<br>ph Andrea Macchia\n\t\t\t\t<\/figcaption><\/figure><figure class='gallery-item'>\n\t\t\t<div class='gallery-icon landscape'>\n\t\t\t\t<a href='http:\/\/www.torinodanzafestival.it\/wp-content\/uploads\/2019\/06\/MarcoChevenier_Foto-by-Pallu-Chatillon-2015-011.jpg'><img loading=\"lazy\" decoding=\"async\" width=\"150\" height=\"150\" src=\"http:\/\/www.torinodanzafestival.it\/wp-content\/uploads\/2019\/06\/MarcoChevenier_Foto-by-Pallu-Chatillon-2015-011-150x150.jpg\" class=\"attachment-thumbnail size-thumbnail\" alt=\"\" aria-describedby=\"gallery-1-8580\" srcset=\"http:\/\/www.torinodanzafestival.it\/wp-content\/uploads\/2019\/06\/MarcoChevenier_Foto-by-Pallu-Chatillon-2015-011-150x150.jpg 150w, http:\/\/www.torinodanzafestival.it\/wp-content\/uploads\/2019\/06\/MarcoChevenier_Foto-by-Pallu-Chatillon-2015-011-468x468.jpg 468w\" sizes=\"auto, (max-width: 150px) 100vw, 150px\" \/><\/a>\n\t\t\t<\/div>\n\t\t\t\t<figcaption class='wp-caption-text gallery-caption' id='gallery-1-8580'>\n\t\t\t\tMarco Chevenier <br>Foto by Pallu Chatillon\n\t\t\t\t<\/figcaption><\/figure><figure class='gallery-item'>\n\t\t\t<div class='gallery-icon landscape'>\n\t\t\t\t<a href='http:\/\/www.torinodanzafestival.it\/wp-content\/uploads\/2019\/06\/SilviaGribaudi_mon-jour-foto-chiara-bruno.jpg'><img loading=\"lazy\" decoding=\"async\" width=\"150\" height=\"150\" src=\"http:\/\/www.torinodanzafestival.it\/wp-content\/uploads\/2019\/06\/SilviaGribaudi_mon-jour-foto-chiara-bruno-150x150.jpg\" class=\"attachment-thumbnail size-thumbnail\" alt=\"\" aria-describedby=\"gallery-1-8582\" srcset=\"http:\/\/www.torinodanzafestival.it\/wp-content\/uploads\/2019\/06\/SilviaGribaudi_mon-jour-foto-chiara-bruno-150x150.jpg 150w, http:\/\/www.torinodanzafestival.it\/wp-content\/uploads\/2019\/06\/SilviaGribaudi_mon-jour-foto-chiara-bruno-468x468.jpg 468w\" sizes=\"auto, (max-width: 150px) 100vw, 150px\" \/><\/a>\n\t\t\t<\/div>\n\t\t\t\t<figcaption class='wp-caption-text gallery-caption' id='gallery-1-8582'>\n\t\t\t\tSilvia Gribaudi_Mon jour<br>Foto Chiara Bruno\n\t\t\t\t<\/figcaption><\/figure><figure class='gallery-item'>\n\t\t\t<div class='gallery-icon landscape'>\n\t\t\t\t<a href='http:\/\/www.torinodanzafestival.it\/wp-content\/uploads\/2019\/06\/mon-jour-chiara-bruno-2.jpg'><img loading=\"lazy\" decoding=\"async\" width=\"150\" height=\"150\" src=\"http:\/\/www.torinodanzafestival.it\/wp-content\/uploads\/2019\/06\/mon-jour-chiara-bruno-2-150x150.jpg\" class=\"attachment-thumbnail size-thumbnail\" alt=\"\" aria-describedby=\"gallery-1-8700\" srcset=\"http:\/\/www.torinodanzafestival.it\/wp-content\/uploads\/2019\/06\/mon-jour-chiara-bruno-2-150x150.jpg 150w, http:\/\/www.torinodanzafestival.it\/wp-content\/uploads\/2019\/06\/mon-jour-chiara-bruno-2-468x468.jpg 468w\" sizes=\"auto, (max-width: 150px) 100vw, 150px\" \/><\/a>\n\t\t\t<\/div>\n\t\t\t\t<figcaption class='wp-caption-text gallery-caption' id='gallery-1-8700'>\n\t\t\t\tSilvia Gribaudi_Mon jour<br>Foto Chiara Bruno\n\t\t\t\t<\/figcaption><\/figure><figure class='gallery-item'>\n\t\t\t<div class='gallery-icon landscape'>\n\t\t\t\t<a href='http:\/\/www.torinodanzafestival.it\/wp-content\/uploads\/2019\/06\/mon-jour-chiara-bruno-3.jpg'><img loading=\"lazy\" decoding=\"async\" width=\"150\" height=\"150\" src=\"http:\/\/www.torinodanzafestival.it\/wp-content\/uploads\/2019\/06\/mon-jour-chiara-bruno-3-150x150.jpg\" class=\"attachment-thumbnail size-thumbnail\" alt=\"\" aria-describedby=\"gallery-1-8701\" srcset=\"http:\/\/www.torinodanzafestival.it\/wp-content\/uploads\/2019\/06\/mon-jour-chiara-bruno-3-150x150.jpg 150w, http:\/\/www.torinodanzafestival.it\/wp-content\/uploads\/2019\/06\/mon-jour-chiara-bruno-3-560x560.jpg 560w, http:\/\/www.torinodanzafestival.it\/wp-content\/uploads\/2019\/06\/mon-jour-chiara-bruno-3-468x468.jpg 468w, http:\/\/www.torinodanzafestival.it\/wp-content\/uploads\/2019\/06\/mon-jour-chiara-bruno-3-266x266.jpg 266w, http:\/\/www.torinodanzafestival.it\/wp-content\/uploads\/2019\/06\/mon-jour-chiara-bruno-3-220x220.jpg 220w\" sizes=\"auto, (max-width: 150px) 100vw, 150px\" \/><\/a>\n\t\t\t<\/div>\n\t\t\t\t<figcaption class='wp-caption-text gallery-caption' id='gallery-1-8701'>\n\t\t\t\tSilvia Gribaudi_Mon jour<br>Foto Chiara Bruno\n\t\t\t\t<\/figcaption><\/figure><figure class='gallery-item'>\n\t\t\t<div class='gallery-icon landscape'>\n\t\t\t\t<a href='http:\/\/www.torinodanzafestival.it\/wp-content\/uploads\/2019\/06\/mon-jour-chiara-bruno-4.jpg'><img loading=\"lazy\" decoding=\"async\" width=\"150\" height=\"150\" src=\"http:\/\/www.torinodanzafestival.it\/wp-content\/uploads\/2019\/06\/mon-jour-chiara-bruno-4-150x150.jpg\" class=\"attachment-thumbnail size-thumbnail\" alt=\"\" aria-describedby=\"gallery-1-8702\" srcset=\"http:\/\/www.torinodanzafestival.it\/wp-content\/uploads\/2019\/06\/mon-jour-chiara-bruno-4-150x150.jpg 150w, http:\/\/www.torinodanzafestival.it\/wp-content\/uploads\/2019\/06\/mon-jour-chiara-bruno-4-468x468.jpg 468w\" sizes=\"auto, (max-width: 150px) 100vw, 150px\" \/><\/a>\n\t\t\t<\/div>\n\t\t\t\t<figcaption class='wp-caption-text gallery-caption' id='gallery-1-8702'>\n\t\t\t\tSilvia Gribaudi_Mon jour<br>Foto Chiara Bruno\n\t\t\t\t<\/figcaption><\/figure><figure class='gallery-item'>\n\t\t\t<div class='gallery-icon landscape'>\n\t\t\t\t<a href='http:\/\/www.torinodanzafestival.it\/wp-content\/uploads\/2019\/06\/mon-jour-chiara-bruno-5.jpg'><img loading=\"lazy\" decoding=\"async\" width=\"150\" height=\"150\" src=\"http:\/\/www.torinodanzafestival.it\/wp-content\/uploads\/2019\/06\/mon-jour-chiara-bruno-5-150x150.jpg\" class=\"attachment-thumbnail size-thumbnail\" alt=\"\" aria-describedby=\"gallery-1-8703\" srcset=\"http:\/\/www.torinodanzafestival.it\/wp-content\/uploads\/2019\/06\/mon-jour-chiara-bruno-5-150x150.jpg 150w, http:\/\/www.torinodanzafestival.it\/wp-content\/uploads\/2019\/06\/mon-jour-chiara-bruno-5-468x468.jpg 468w\" sizes=\"auto, (max-width: 150px) 100vw, 150px\" \/><\/a>\n\t\t\t<\/div>\n\t\t\t\t<figcaption class='wp-caption-text gallery-caption' id='gallery-1-8703'>\n\t\t\t\tSilvia Gribaudi_Mon jour<br>Foto Chiara Bruno\n\t\t\t\t<\/figcaption><\/figure>\n\t\t<\/div>\n\n","protected":false},"excerpt":{"rendered":"<p>TORINODANZA FESTIVAL nell\u2019ambito di CORPO LINKS CLUSTER &#8211; progetto sostenuto dal programma di Cooperazione Transfrontaliera\u00a0 Interreg V-A Italia-Francia ALCOTRA 2014-2020 ANDIAMO! VERTIGINE#2 Percorso artistico italo-francese&hellip;<\/p>\n","protected":false},"author":2,"featured_media":8583,"comment_status":"closed","ping_status":"open","sticky":false,"template":"","format":"standard","meta":{"_acf_changed":false,"footnotes":""},"categories":[93],"tags":[],"class_list":["post-8577","post","type-post","status-publish","format-standard","has-post-thumbnail","hentry","category-press-19"],"acf":[],"_links":{"self":[{"href":"http:\/\/www.torinodanzafestival.it\/index.php?rest_route=\/wp\/v2\/posts\/8577","targetHints":{"allow":["GET"]}}],"collection":[{"href":"http:\/\/www.torinodanzafestival.it\/index.php?rest_route=\/wp\/v2\/posts"}],"about":[{"href":"http:\/\/www.torinodanzafestival.it\/index.php?rest_route=\/wp\/v2\/types\/post"}],"author":[{"embeddable":true,"href":"http:\/\/www.torinodanzafestival.it\/index.php?rest_route=\/wp\/v2\/users\/2"}],"replies":[{"embeddable":true,"href":"http:\/\/www.torinodanzafestival.it\/index.php?rest_route=%2Fwp%2Fv2%2Fcomments&post=8577"}],"version-history":[{"count":4,"href":"http:\/\/www.torinodanzafestival.it\/index.php?rest_route=\/wp\/v2\/posts\/8577\/revisions"}],"predecessor-version":[{"id":8705,"href":"http:\/\/www.torinodanzafestival.it\/index.php?rest_route=\/wp\/v2\/posts\/8577\/revisions\/8705"}],"wp:featuredmedia":[{"embeddable":true,"href":"http:\/\/www.torinodanzafestival.it\/index.php?rest_route=\/wp\/v2\/media\/8583"}],"wp:attachment":[{"href":"http:\/\/www.torinodanzafestival.it\/index.php?rest_route=%2Fwp%2Fv2%2Fmedia&parent=8577"}],"wp:term":[{"taxonomy":"category","embeddable":true,"href":"http:\/\/www.torinodanzafestival.it\/index.php?rest_route=%2Fwp%2Fv2%2Fcategories&post=8577"},{"taxonomy":"post_tag","embeddable":true,"href":"http:\/\/www.torinodanzafestival.it\/index.php?rest_route=%2Fwp%2Fv2%2Ftags&post=8577"}],"curies":[{"name":"wp","href":"https:\/\/api.w.org\/{rel}","templated":true}]}}