{"id":8881,"date":"2019-09-24T08:38:17","date_gmt":"2019-09-24T08:38:17","guid":{"rendered":"http:\/\/10.0.1.180\/?p=8881"},"modified":"2019-09-24T08:40:00","modified_gmt":"2019-09-24T08:40:00","slug":"la-danza-organizzare-per-creare-presntazione-del-libro-a-cura-di-alessandro-pontremoli-e-gerarda-ventura","status":"publish","type":"post","link":"http:\/\/www.torinodanzafestival.it\/?p=8881","title":{"rendered":"La danza: organizzare per creare"},"content":{"rendered":"<h2><strong>8 ottobre &#8211; <a href=\"https:\/\/www.circololettori.it\/\" target=\"_blank\" rel=\"noopener\">Circolo dei Lettori<\/a> | <\/strong><strong>Sala Musica &#8211; ore 18.00<\/strong><\/h2>\n<hr \/>\n<h2>Alessandro Pontremoli, Gerarda Ventura,\u00a0<em>La danza: organizzare per creare. Scenari, specificit<\/em><em>\u00e0<\/em> <em>t<\/em><em>ecniche, pratiche, quadro normativo, pubblico<\/em>, Milano, Franco Angeli, 2019<\/h2>\n<p><strong>Saranno presenti Alessandro Pontremoli e Gerarda Ventura. Introduce e coordina Anna Cremonini, Direttore artistico di Torinodanza festival.<\/strong><\/p>\n<hr \/>\n<p style=\"text-align: justify;\">La danza del presente deve ritrovare la propria vocazione originaria di evento sociale, rituale, sacro, e al tempo stesso ripercorrere la strada della riaffermazione, sul piano corporeo, della centralit\u00e0 del soggetto umano, in una societ\u00e0 sempre pi\u00f9 complessa. Per farlo reinventa la tradizione, cerca forme e contaminazioni inedite, invade nuovi spazi, trova nuovi sguardi e incontri. \u00c8 una sfida estetica che ha immediate ricadute organizzative. <em>La danza: organizzare per creare <\/em>si propone di analizzare gli assetti, le pratiche, il quadro normativo, il pubblico e le prospettive dell\u2019organizzazione della danza contemporanea in Italia, inquadrandola nella storia recente e individuandone le specificit\u00e0 tecniche anche in un\u2019ottica di miglioramento delle condizioni del settore. Il libro si rivolge a studenti e a giovani organizzatori appassionati di danza contemporanea, o che alla danza intendono dedicarsi, ai danzatori e coreografi che desiderano muoversi con maggiore competenza ed efficacia sul terreno dell\u2019organizzazione e a quei direttori di teatro, operatori, amministratori pubblici che intendono promuoverla con maggiore incisivit\u00e0 e competenza.<\/p>\n<p style=\"text-align: justify;\">Con i contributi di Anna Abbate, Emanuela Bizi, Guy Cools, Cristina Carlini, Gaia Clotilde Chernetich, Patrizia Coletta, Roberto De Lellis, Lorenzo Donati, Emanuele Giannasca, Enrica Palmieri, Velia Papa, Antonio Taormina.<\/p>\n<p style=\"text-align: justify;\"><strong>Alessandro Pontremoli <\/strong>insegna Storia della danza all\u2019Universit\u00e0 degli Studi di Torino ed \u00e8 Presidente della Commissione consultiva per la danza del Ministero dei Beni e delle Attivit\u00e0 Culturali. Le sue ricerche vertono sulle forme e le estetiche coreiche dell\u2019Et\u00e0 moderna e della contemporaneit\u00e0. Fra le sue ultime pubblicazioni, <em>La danza 2.0. Paesaggi coreografici del nuovo millennio <\/em>(2018, Editori Laterza).<\/p>\n<p style=\"text-align: justify;\"><strong>Gerarda Ventura, <\/strong>ex danzatrice, come organizzatrice ha lavorato per la Fondazione Romaeuropa, Biennale Danza, Teatro alla Scala, Premio Equilibrio, Teatro Stabile del- l\u2019Umbria. Cura progetti dedicati alla danza in partenariato con artisti e strutture del mondo arabo e dell\u2019Asia. Attualmente \u00e8 direttrice artistica di Anghiari Dance Hub, centro di promozione della danza.<\/p>\n<p><img loading=\"lazy\" decoding=\"async\" class=\"alignnone wp-image-8882 \" src=\"http:\/\/www.torinodanzafestival.it\/wp-content\/uploads\/2019\/09\/sss.jpg\" alt=\"\" width=\"230\" height=\"76\" srcset=\"http:\/\/www.torinodanzafestival.it\/wp-content\/uploads\/2019\/09\/sss.jpg 566w, http:\/\/www.torinodanzafestival.it\/wp-content\/uploads\/2019\/09\/sss-300x99.jpg 300w, http:\/\/www.torinodanzafestival.it\/wp-content\/uploads\/2019\/09\/sss-558x184.jpg 558w\" sizes=\"auto, (max-width: 230px) 100vw, 230px\" \/><\/p>\n<p>&nbsp;<\/p>\n","protected":false},"excerpt":{"rendered":"<p>8 ottobre &#8211; Circolo dei Lettori | Sala Musica &#8211; ore 18.00<br \/>\nPresentazione del libro a cura di Alessandro Pontremoli e Gerarda Ventura.<br \/>\nSaranno presenti Alessandro Pontremoli e Gerarda Ventura. Introduce e coordina Anna Cremonini, Direttore artistico di Torinodanza festival.<\/p>\n","protected":false},"author":1,"featured_media":8883,"comment_status":"closed","ping_status":"open","sticky":false,"template":"","format":"standard","meta":{"_acf_changed":false,"footnotes":""},"categories":[1],"tags":[],"class_list":["post-8881","post","type-post","status-publish","format-standard","has-post-thumbnail","hentry","category-news"],"acf":[],"_links":{"self":[{"href":"http:\/\/www.torinodanzafestival.it\/index.php?rest_route=\/wp\/v2\/posts\/8881","targetHints":{"allow":["GET"]}}],"collection":[{"href":"http:\/\/www.torinodanzafestival.it\/index.php?rest_route=\/wp\/v2\/posts"}],"about":[{"href":"http:\/\/www.torinodanzafestival.it\/index.php?rest_route=\/wp\/v2\/types\/post"}],"author":[{"embeddable":true,"href":"http:\/\/www.torinodanzafestival.it\/index.php?rest_route=\/wp\/v2\/users\/1"}],"replies":[{"embeddable":true,"href":"http:\/\/www.torinodanzafestival.it\/index.php?rest_route=%2Fwp%2Fv2%2Fcomments&post=8881"}],"version-history":[{"count":5,"href":"http:\/\/www.torinodanzafestival.it\/index.php?rest_route=\/wp\/v2\/posts\/8881\/revisions"}],"predecessor-version":[{"id":8888,"href":"http:\/\/www.torinodanzafestival.it\/index.php?rest_route=\/wp\/v2\/posts\/8881\/revisions\/8888"}],"wp:featuredmedia":[{"embeddable":true,"href":"http:\/\/www.torinodanzafestival.it\/index.php?rest_route=\/wp\/v2\/media\/8883"}],"wp:attachment":[{"href":"http:\/\/www.torinodanzafestival.it\/index.php?rest_route=%2Fwp%2Fv2%2Fmedia&parent=8881"}],"wp:term":[{"taxonomy":"category","embeddable":true,"href":"http:\/\/www.torinodanzafestival.it\/index.php?rest_route=%2Fwp%2Fv2%2Fcategories&post=8881"},{"taxonomy":"post_tag","embeddable":true,"href":"http:\/\/www.torinodanzafestival.it\/index.php?rest_route=%2Fwp%2Fv2%2Ftags&post=8881"}],"curies":[{"name":"wp","href":"https:\/\/api.w.org\/{rel}","templated":true}]}}