{"id":8893,"date":"2019-09-24T10:33:41","date_gmt":"2019-09-24T10:33:41","guid":{"rendered":"http:\/\/10.0.1.180\/?p=8893"},"modified":"2019-09-24T17:05:29","modified_gmt":"2019-09-24T17:05:29","slug":"debuuta-il-25-e-26-settembre-xenos-direttore-artistico-coreografia-e-interprete-akram-khan","status":"publish","type":"post","link":"http:\/\/www.torinodanzafestival.it\/?p=8893","title":{"rendered":"Debutta, il  25 e 26 settembre, XENOS direttore artistico, coreografia e interprete AKRAM KHAN"},"content":{"rendered":"<p>25 &#8211; 26 settembre 2019 &#8211; ore 20.45 (Regno Unito)<br \/>\n<strong>XENOS<\/strong><br \/>\ndirettore artistico, coreografia e interprete <strong>AKRAM KHAN<\/strong><br \/>\ndrammaturgia Ruth Little<br \/>\nluci Michael Hulls<br \/>\nmusiche originali e sound design Vincenzo Lamagna<br \/>\nscene Mirella Weingarten<br \/>\ncostumi Kimie Nakano<br \/>\ntesti Jordan Tannahill<br \/>\nmusicisti Nina Harries (contrabbasso e voce), B C Manjunath (percussioni e konnakol), Tamar Osborn (sassofono baritono), Aditya Prakash (vocals), Clarice Rarity (violino)<br \/>\nAkram Khan Company<br \/>\ncoproduzione italiana Torinodanza festival \/ Teatro Stabile Torino &#8211; Teatro Nazionale, Romaeuropa Festival<\/p>\n<p>XENOS, prima del debutto torinese, \u00e8 andato in scena in prima nazionale, dal 18 al 20 settembre 2019, al Teatro Argentina di Roma nell\u2019ambito del Festival Romaeuropa.<\/p>\n<p>In questo ultimo lavoro commissionato da 14-18 NOW, il programma artistico britannico per il centenario della Prima Guerra Mondiale, Akram Khan attinge agli archivi del XX secolo e d\u00e0 voce al sogno sconvolto di un soldato coloniale nella Prima Guerra Mondiale. XENOS rivela la bellezza e l\u2019orrore della condizione umana raccontando la storia di un ballerino indiano il cui corpo diventa uno strumento di guerra. Il linguaggio del movimento di Khan si sposta tra il kathak classico e la danza contemporanea. XENOS si svolge al confine tra Oriente e Occidente, passato e presente, storia e mitologia, dove l\u2019umanit\u00e0 si erge ancora in uno stato di meraviglia e confusione.<\/p>\n<p>Akram Khan (Inghilterra \/ Bangladesh) \u00e8 oggi uno dei coreografi e danzatori pi\u00f9 acclamati al mondo. In poco pi\u00f9 di 19 anni di carriera ha contribuito in modo significativo allo sviluppo delle arti nel Regno Unito e all\u2019estero. Una reputazione costruita successo dopo successo, con produzioni visionarie, altamente accessibili e rilevanti come Until the Lions, Kaash, iTMOi (in the mind of igor), DESH, Vertical Road, Gnosis e zero degrees. Ha debuttato solo tredicenne nel Mahabharata di Peter Brook. Da allora Akram Khan ha continuato a lasciare il proprio segno fondando la compagnia che porta il suo nome ed elaborando un continuo dialogo interculturale che dalle forme tradizionali del Kathak indiano lo ha portato a confrontarsi con massimi artisti quali Cherkaoui, Antony Gormley, Juliette Binoche, Sylvie Guillem, Israel Galv\u00e1n, Anish Kapoor, Steve Reich, Nitin Sawhney Hanif Kureishi e tanti altri ancora.<\/p>\n<p>&nbsp;<\/p>\n<p><a href=\"http:\/\/www.torinodanzafestival.it\/wp-content\/uploads\/2019\/09\/01_Comunicato-stampa_XENOS_Akram-Khan.pdf\">01_Comunicato stampa_XENOS_Akram Khan<\/a><\/p>\n<p><a href=\"http:\/\/www.torinodanzafestival.it\/wp-content\/uploads\/2019\/09\/02_XENOS_Press-Kit.pdf\">02_XENOS_Press Kit<\/a><\/p>\n<p><a href=\"http:\/\/www.torinodanzafestival.it\/wp-content\/uploads\/2019\/09\/03_Akram-Khan-biografia-July-2019.pdf\">03_Akram Khan biografia July 2019<\/a><\/p>\n<p><a href=\"http:\/\/www.torinodanzafestival.it\/wp-content\/uploads\/2019\/09\/04_Akram-Khan-Company.pdf\">04_Akram Khan Company<\/a><\/p>\n<p><a href=\"http:\/\/www.torinodanzafestival.it\/wp-content\/uploads\/2019\/09\/05_XENOS_creative-team_short-bio.pdf\">05_XENOS_creative team_short bio<\/a><\/p>\n<div id='gallery-1' class='gallery galleryid-8893 gallery-columns-4 gallery-size-thumbnail'><figure class='gallery-item'>\n\t\t\t<div class='gallery-icon landscape'>\n\t\t\t\t<a href='http:\/\/www.torinodanzafestival.it\/wp-content\/uploads\/2019\/09\/XENOS\u00a9JeanLouisFernandez014.jpg'><img loading=\"lazy\" decoding=\"async\" width=\"150\" height=\"150\" src=\"http:\/\/www.torinodanzafestival.it\/wp-content\/uploads\/2019\/09\/XENOS\u00a9JeanLouisFernandez014-150x150.jpg\" class=\"attachment-thumbnail size-thumbnail\" alt=\"\" aria-describedby=\"gallery-1-8899\" srcset=\"http:\/\/www.torinodanzafestival.it\/wp-content\/uploads\/2019\/09\/XENOS\u00a9JeanLouisFernandez014-150x150.jpg 150w, http:\/\/www.torinodanzafestival.it\/wp-content\/uploads\/2019\/09\/XENOS\u00a9JeanLouisFernandez014-468x468.jpg 468w\" sizes=\"auto, (max-width: 150px) 100vw, 150px\" \/><\/a>\n\t\t\t<\/div>\n\t\t\t\t<figcaption class='wp-caption-text gallery-caption' id='gallery-1-8899'>\n\t\t\t\tXENOS\u00a9JeanLouisFernandez\n\t\t\t\t<\/figcaption><\/figure><figure class='gallery-item'>\n\t\t\t<div class='gallery-icon landscape'>\n\t\t\t\t<a href='http:\/\/www.torinodanzafestival.it\/wp-content\/uploads\/2019\/09\/XENOS\u00a9JeanLouisFernandez021.jpg'><img loading=\"lazy\" decoding=\"async\" width=\"150\" height=\"150\" src=\"http:\/\/www.torinodanzafestival.it\/wp-content\/uploads\/2019\/09\/XENOS\u00a9JeanLouisFernandez021-150x150.jpg\" class=\"attachment-thumbnail size-thumbnail\" alt=\"\" aria-describedby=\"gallery-1-8900\" srcset=\"http:\/\/www.torinodanzafestival.it\/wp-content\/uploads\/2019\/09\/XENOS\u00a9JeanLouisFernandez021-150x150.jpg 150w, http:\/\/www.torinodanzafestival.it\/wp-content\/uploads\/2019\/09\/XENOS\u00a9JeanLouisFernandez021-468x468.jpg 468w\" sizes=\"auto, (max-width: 150px) 100vw, 150px\" \/><\/a>\n\t\t\t<\/div>\n\t\t\t\t<figcaption class='wp-caption-text gallery-caption' id='gallery-1-8900'>\n\t\t\t\tXENOS\u00a9JeanLouisFernandez\n\t\t\t\t<\/figcaption><\/figure><figure class='gallery-item'>\n\t\t\t<div class='gallery-icon landscape'>\n\t\t\t\t<a href='http:\/\/www.torinodanzafestival.it\/wp-content\/uploads\/2019\/09\/XENOS\u00a9JeanLouisFernandez024.jpg'><img loading=\"lazy\" decoding=\"async\" width=\"150\" height=\"150\" src=\"http:\/\/www.torinodanzafestival.it\/wp-content\/uploads\/2019\/09\/XENOS\u00a9JeanLouisFernandez024-150x150.jpg\" class=\"attachment-thumbnail size-thumbnail\" alt=\"\" aria-describedby=\"gallery-1-8901\" srcset=\"http:\/\/www.torinodanzafestival.it\/wp-content\/uploads\/2019\/09\/XENOS\u00a9JeanLouisFernandez024-150x150.jpg 150w, http:\/\/www.torinodanzafestival.it\/wp-content\/uploads\/2019\/09\/XENOS\u00a9JeanLouisFernandez024-468x468.jpg 468w\" sizes=\"auto, (max-width: 150px) 100vw, 150px\" \/><\/a>\n\t\t\t<\/div>\n\t\t\t\t<figcaption class='wp-caption-text gallery-caption' id='gallery-1-8901'>\n\t\t\t\tXENOS\u00a9JeanLouisFernandez\n\t\t\t\t<\/figcaption><\/figure><figure class='gallery-item'>\n\t\t\t<div class='gallery-icon landscape'>\n\t\t\t\t<a href='http:\/\/www.torinodanzafestival.it\/wp-content\/uploads\/2019\/09\/XENOS\u00a9JeanLouisFernandez030.jpg'><img loading=\"lazy\" decoding=\"async\" width=\"150\" height=\"150\" src=\"http:\/\/www.torinodanzafestival.it\/wp-content\/uploads\/2019\/09\/XENOS\u00a9JeanLouisFernandez030-150x150.jpg\" class=\"attachment-thumbnail size-thumbnail\" alt=\"\" aria-describedby=\"gallery-1-8902\" srcset=\"http:\/\/www.torinodanzafestival.it\/wp-content\/uploads\/2019\/09\/XENOS\u00a9JeanLouisFernandez030-150x150.jpg 150w, http:\/\/www.torinodanzafestival.it\/wp-content\/uploads\/2019\/09\/XENOS\u00a9JeanLouisFernandez030-468x468.jpg 468w\" sizes=\"auto, (max-width: 150px) 100vw, 150px\" \/><\/a>\n\t\t\t<\/div>\n\t\t\t\t<figcaption class='wp-caption-text gallery-caption' id='gallery-1-8902'>\n\t\t\t\tXENOS\u00a9JeanLouisFernandez\n\t\t\t\t<\/figcaption><\/figure><figure class='gallery-item'>\n\t\t\t<div class='gallery-icon landscape'>\n\t\t\t\t<a href='http:\/\/www.torinodanzafestival.it\/wp-content\/uploads\/2019\/09\/XENOS\u00a9JeanLouisFernandez031.jpg'><img loading=\"lazy\" decoding=\"async\" width=\"150\" height=\"150\" src=\"http:\/\/www.torinodanzafestival.it\/wp-content\/uploads\/2019\/09\/XENOS\u00a9JeanLouisFernandez031-150x150.jpg\" class=\"attachment-thumbnail size-thumbnail\" alt=\"\" aria-describedby=\"gallery-1-8903\" srcset=\"http:\/\/www.torinodanzafestival.it\/wp-content\/uploads\/2019\/09\/XENOS\u00a9JeanLouisFernandez031-150x150.jpg 150w, http:\/\/www.torinodanzafestival.it\/wp-content\/uploads\/2019\/09\/XENOS\u00a9JeanLouisFernandez031-468x468.jpg 468w\" sizes=\"auto, (max-width: 150px) 100vw, 150px\" \/><\/a>\n\t\t\t<\/div>\n\t\t\t\t<figcaption class='wp-caption-text gallery-caption' id='gallery-1-8903'>\n\t\t\t\tXENOS\u00a9JeanLouisFernandez\n\t\t\t\t<\/figcaption><\/figure><figure class='gallery-item'>\n\t\t\t<div class='gallery-icon landscape'>\n\t\t\t\t<a href='http:\/\/www.torinodanzafestival.it\/wp-content\/uploads\/2019\/09\/XENOS\u00a9JeanLouisFernandez0471.jpg'><img loading=\"lazy\" decoding=\"async\" width=\"150\" height=\"150\" src=\"http:\/\/www.torinodanzafestival.it\/wp-content\/uploads\/2019\/09\/XENOS\u00a9JeanLouisFernandez0471-150x150.jpg\" class=\"attachment-thumbnail size-thumbnail\" alt=\"\" aria-describedby=\"gallery-1-8904\" srcset=\"http:\/\/www.torinodanzafestival.it\/wp-content\/uploads\/2019\/09\/XENOS\u00a9JeanLouisFernandez0471-150x150.jpg 150w, http:\/\/www.torinodanzafestival.it\/wp-content\/uploads\/2019\/09\/XENOS\u00a9JeanLouisFernandez0471-468x468.jpg 468w\" sizes=\"auto, (max-width: 150px) 100vw, 150px\" \/><\/a>\n\t\t\t<\/div>\n\t\t\t\t<figcaption class='wp-caption-text gallery-caption' id='gallery-1-8904'>\n\t\t\t\tXENOS\u00a9JeanLouisFernandez\n\t\t\t\t<\/figcaption><\/figure><figure class='gallery-item'>\n\t\t\t<div class='gallery-icon landscape'>\n\t\t\t\t<a href='http:\/\/www.torinodanzafestival.it\/wp-content\/uploads\/2019\/09\/XENOS\u00a9JeanLouisFernandez047.jpg'><img loading=\"lazy\" decoding=\"async\" width=\"150\" height=\"150\" src=\"http:\/\/www.torinodanzafestival.it\/wp-content\/uploads\/2019\/09\/XENOS\u00a9JeanLouisFernandez047-150x150.jpg\" class=\"attachment-thumbnail size-thumbnail\" alt=\"\" aria-describedby=\"gallery-1-8905\" srcset=\"http:\/\/www.torinodanzafestival.it\/wp-content\/uploads\/2019\/09\/XENOS\u00a9JeanLouisFernandez047-150x150.jpg 150w, http:\/\/www.torinodanzafestival.it\/wp-content\/uploads\/2019\/09\/XENOS\u00a9JeanLouisFernandez047-468x468.jpg 468w\" sizes=\"auto, (max-width: 150px) 100vw, 150px\" \/><\/a>\n\t\t\t<\/div>\n\t\t\t\t<figcaption class='wp-caption-text gallery-caption' id='gallery-1-8905'>\n\t\t\t\tXENOS\u00a9JeanLouisFernandez\n\t\t\t\t<\/figcaption><\/figure><figure class='gallery-item'>\n\t\t\t<div class='gallery-icon landscape'>\n\t\t\t\t<a href='http:\/\/www.torinodanzafestival.it\/wp-content\/uploads\/2019\/09\/XENOS\u00a9JeanLouisFernandez056.jpg'><img loading=\"lazy\" decoding=\"async\" width=\"150\" height=\"150\" src=\"http:\/\/www.torinodanzafestival.it\/wp-content\/uploads\/2019\/09\/XENOS\u00a9JeanLouisFernandez056-150x150.jpg\" class=\"attachment-thumbnail size-thumbnail\" alt=\"\" aria-describedby=\"gallery-1-8906\" srcset=\"http:\/\/www.torinodanzafestival.it\/wp-content\/uploads\/2019\/09\/XENOS\u00a9JeanLouisFernandez056-150x150.jpg 150w, http:\/\/www.torinodanzafestival.it\/wp-content\/uploads\/2019\/09\/XENOS\u00a9JeanLouisFernandez056-468x468.jpg 468w\" sizes=\"auto, (max-width: 150px) 100vw, 150px\" \/><\/a>\n\t\t\t<\/div>\n\t\t\t\t<figcaption class='wp-caption-text gallery-caption' id='gallery-1-8906'>\n\t\t\t\tXENOS\u00a9JeanLouisFernandez\n\t\t\t\t<\/figcaption><\/figure><figure class='gallery-item'>\n\t\t\t<div class='gallery-icon landscape'>\n\t\t\t\t<a href='http:\/\/www.torinodanzafestival.it\/wp-content\/uploads\/2019\/09\/XENOS\u00a9JeanLouisFernandez057.jpg'><img loading=\"lazy\" decoding=\"async\" width=\"150\" height=\"150\" src=\"http:\/\/www.torinodanzafestival.it\/wp-content\/uploads\/2019\/09\/XENOS\u00a9JeanLouisFernandez057-150x150.jpg\" class=\"attachment-thumbnail size-thumbnail\" alt=\"\" aria-describedby=\"gallery-1-8907\" srcset=\"http:\/\/www.torinodanzafestival.it\/wp-content\/uploads\/2019\/09\/XENOS\u00a9JeanLouisFernandez057-150x150.jpg 150w, http:\/\/www.torinodanzafestival.it\/wp-content\/uploads\/2019\/09\/XENOS\u00a9JeanLouisFernandez057-468x468.jpg 468w\" sizes=\"auto, (max-width: 150px) 100vw, 150px\" \/><\/a>\n\t\t\t<\/div>\n\t\t\t\t<figcaption class='wp-caption-text gallery-caption' id='gallery-1-8907'>\n\t\t\t\tXENOS\u00a9JeanLouisFernandez\n\t\t\t\t<\/figcaption><\/figure><figure class='gallery-item'>\n\t\t\t<div class='gallery-icon landscape'>\n\t\t\t\t<a href='http:\/\/www.torinodanzafestival.it\/wp-content\/uploads\/2019\/09\/XENOSAth\u00a9JeanLouisFernandez008.jpg'><img loading=\"lazy\" decoding=\"async\" width=\"150\" height=\"150\" src=\"http:\/\/www.torinodanzafestival.it\/wp-content\/uploads\/2019\/09\/XENOSAth\u00a9JeanLouisFernandez008-150x150.jpg\" class=\"attachment-thumbnail size-thumbnail\" alt=\"\" aria-describedby=\"gallery-1-8908\" srcset=\"http:\/\/www.torinodanzafestival.it\/wp-content\/uploads\/2019\/09\/XENOSAth\u00a9JeanLouisFernandez008-150x150.jpg 150w, http:\/\/www.torinodanzafestival.it\/wp-content\/uploads\/2019\/09\/XENOSAth\u00a9JeanLouisFernandez008-468x468.jpg 468w\" sizes=\"auto, (max-width: 150px) 100vw, 150px\" \/><\/a>\n\t\t\t<\/div>\n\t\t\t\t<figcaption class='wp-caption-text gallery-caption' id='gallery-1-8908'>\n\t\t\t\tXENOS\u00a9JeanLouisFernandez\n\t\t\t\t<\/figcaption><\/figure><figure class='gallery-item'>\n\t\t\t<div class='gallery-icon landscape'>\n\t\t\t\t<a href='http:\/\/www.torinodanzafestival.it\/wp-content\/uploads\/2019\/09\/XENOSAth\u00a9JeanLouisFernandez019.jpg'><img loading=\"lazy\" decoding=\"async\" width=\"150\" height=\"150\" src=\"http:\/\/www.torinodanzafestival.it\/wp-content\/uploads\/2019\/09\/XENOSAth\u00a9JeanLouisFernandez019-150x150.jpg\" class=\"attachment-thumbnail size-thumbnail\" alt=\"\" aria-describedby=\"gallery-1-8909\" srcset=\"http:\/\/www.torinodanzafestival.it\/wp-content\/uploads\/2019\/09\/XENOSAth\u00a9JeanLouisFernandez019-150x150.jpg 150w, http:\/\/www.torinodanzafestival.it\/wp-content\/uploads\/2019\/09\/XENOSAth\u00a9JeanLouisFernandez019-560x560.jpg 560w, http:\/\/www.torinodanzafestival.it\/wp-content\/uploads\/2019\/09\/XENOSAth\u00a9JeanLouisFernandez019-468x468.jpg 468w, http:\/\/www.torinodanzafestival.it\/wp-content\/uploads\/2019\/09\/XENOSAth\u00a9JeanLouisFernandez019-266x266.jpg 266w, http:\/\/www.torinodanzafestival.it\/wp-content\/uploads\/2019\/09\/XENOSAth\u00a9JeanLouisFernandez019-220x220.jpg 220w\" sizes=\"auto, (max-width: 150px) 100vw, 150px\" \/><\/a>\n\t\t\t<\/div>\n\t\t\t\t<figcaption class='wp-caption-text gallery-caption' id='gallery-1-8909'>\n\t\t\t\tXENOS\u00a9JeanLouisFernandez\n\t\t\t\t<\/figcaption><\/figure><figure class='gallery-item'>\n\t\t\t<div class='gallery-icon landscape'>\n\t\t\t\t<a href='http:\/\/www.torinodanzafestival.it\/wp-content\/uploads\/2019\/09\/XENOSAth\u00a9JeanLouisFernandez021.jpg'><img loading=\"lazy\" decoding=\"async\" width=\"150\" height=\"150\" src=\"http:\/\/www.torinodanzafestival.it\/wp-content\/uploads\/2019\/09\/XENOSAth\u00a9JeanLouisFernandez021-150x150.jpg\" class=\"attachment-thumbnail size-thumbnail\" alt=\"\" aria-describedby=\"gallery-1-8910\" srcset=\"http:\/\/www.torinodanzafestival.it\/wp-content\/uploads\/2019\/09\/XENOSAth\u00a9JeanLouisFernandez021-150x150.jpg 150w, http:\/\/www.torinodanzafestival.it\/wp-content\/uploads\/2019\/09\/XENOSAth\u00a9JeanLouisFernandez021-468x468.jpg 468w\" sizes=\"auto, (max-width: 150px) 100vw, 150px\" \/><\/a>\n\t\t\t<\/div>\n\t\t\t\t<figcaption class='wp-caption-text gallery-caption' id='gallery-1-8910'>\n\t\t\t\tXENOS\u00a9JeanLouisFernandez\n\t\t\t\t<\/figcaption><\/figure>\n\t\t<\/div>\n\n","protected":false},"excerpt":{"rendered":"<p>25 &#8211; 26 settembre 2019 &#8211; ore 20.45 (Regno Unito) XENOS direttore artistico, coreografia e interprete AKRAM KHAN drammaturgia Ruth Little luci Michael Hulls musiche&hellip;<\/p>\n","protected":false},"author":2,"featured_media":8909,"comment_status":"closed","ping_status":"open","sticky":false,"template":"","format":"standard","meta":{"_acf_changed":false,"footnotes":""},"categories":[93],"tags":[],"class_list":["post-8893","post","type-post","status-publish","format-standard","has-post-thumbnail","hentry","category-press-19"],"acf":[],"_links":{"self":[{"href":"http:\/\/www.torinodanzafestival.it\/index.php?rest_route=\/wp\/v2\/posts\/8893","targetHints":{"allow":["GET"]}}],"collection":[{"href":"http:\/\/www.torinodanzafestival.it\/index.php?rest_route=\/wp\/v2\/posts"}],"about":[{"href":"http:\/\/www.torinodanzafestival.it\/index.php?rest_route=\/wp\/v2\/types\/post"}],"author":[{"embeddable":true,"href":"http:\/\/www.torinodanzafestival.it\/index.php?rest_route=\/wp\/v2\/users\/2"}],"replies":[{"embeddable":true,"href":"http:\/\/www.torinodanzafestival.it\/index.php?rest_route=%2Fwp%2Fv2%2Fcomments&post=8893"}],"version-history":[{"count":3,"href":"http:\/\/www.torinodanzafestival.it\/index.php?rest_route=\/wp\/v2\/posts\/8893\/revisions"}],"predecessor-version":[{"id":8933,"href":"http:\/\/www.torinodanzafestival.it\/index.php?rest_route=\/wp\/v2\/posts\/8893\/revisions\/8933"}],"wp:featuredmedia":[{"embeddable":true,"href":"http:\/\/www.torinodanzafestival.it\/index.php?rest_route=\/wp\/v2\/media\/8909"}],"wp:attachment":[{"href":"http:\/\/www.torinodanzafestival.it\/index.php?rest_route=%2Fwp%2Fv2%2Fmedia&parent=8893"}],"wp:term":[{"taxonomy":"category","embeddable":true,"href":"http:\/\/www.torinodanzafestival.it\/index.php?rest_route=%2Fwp%2Fv2%2Fcategories&post=8893"},{"taxonomy":"post_tag","embeddable":true,"href":"http:\/\/www.torinodanzafestival.it\/index.php?rest_route=%2Fwp%2Fv2%2Ftags&post=8893"}],"curies":[{"name":"wp","href":"https:\/\/api.w.org\/{rel}","templated":true}]}}