{"id":9320,"date":"2020-07-09T08:06:57","date_gmt":"2020-07-09T08:06:57","guid":{"rendered":"http:\/\/10.0.1.180\/?p=9320"},"modified":"2020-07-23T13:14:02","modified_gmt":"2020-07-23T13:14:02","slug":"torinodanza-festival-2020_11-settembre-23-ottobre-2020","status":"publish","type":"post","link":"http:\/\/www.torinodanzafestival.it\/?p=9320","title":{"rendered":"TORINODANZA FESTIVAL 2020_11 SETTEMBRE | 23 OTTOBRE 2020"},"content":{"rendered":"<p><strong>Torinodanza festival <\/strong>si conferma appuntamento irrinunciabile dell\u2019autunno 2020: quest\u2019anno, <strong>dall\u201911 settembre al 23 ottobre<\/strong>, torna in una forma diversa rispetto alle precedenti edizioni, mantenendosi fedele ai propri principi e tenendo conto delle limitazioni che questo periodo impone.<\/p>\n<p>\u00abLo spirito che anima la programmazione di quest\u2019anno &#8211; dichiara <strong>Anna Cremonini<\/strong>, Direttore artistico di Torinodanza Festival &#8211; \u00e8 quello di sostenere con decisione alcuni artisti italiani per contribuire alla resistenza del sistema e coinvolgere coreografi stranieri, amici del festival, perch\u00e9 la nostra manifestazione possa mantenere la propria vocazione internazionale. Il virus ha ridisegnato confini fisici e mentali, ma noi vogliamo mantenere aperta la strada del confronto dialettico tra esperienze, visioni, linguaggi\u00bb.<\/p>\n<p>Questa edizione della rassegna, realizzata dal <strong>Teatro Stabile di Torino &#8211; Teatro Nazionale<\/strong>, sar\u00e0 una vera e propria testimonianza di partecipazione da parte degli artisti, alcuni dei quali, in questo tempo di sospensione temporale dovuta all\u2019emergenza Covid, hanno immaginato opere particolari.<\/p>\n<p>Sharon Eyal e Gai Behar, Sidi Larbi Cherkaoui, Hofesh Shechter e nuovi volti come Honji Wang e S\u00e9bastien Ramirez, Alan Lucien \u00d8yen, Aur\u00e9lien Bory, Shantala Shivalingappa saranno i protagonisti internazionali della rassegna. Le \u201cSignore della danza italiana\u201d compongono un pezzo importante dell\u2019edizione 2020 di Torinodanza Festival con nuove creazioni presentate in prima nazionale a Torino: Cristina Kristal Rizzo, Ambra Senatore, Silvia Gribaudi, Simona Bertozzi perch\u00e9 il sostegno alla coreografia femminile \u00e8 non solo doveroso, ma necessario. Concludono il panorama coreografico italiano Marco Chenevier, Marco D\u2019Agostin e un nuovo progetto, condiviso con lo Stabile che sostiene e promuove il talento di un teatro\u2010danza tutto da scoprire, quello di Alessio Maria Romano.<\/p>\n<p>\u00abTorinodanza Festival &#8211; continua Anna Cremonini &#8211; cerca di stringere in un abbraccio comune artisti, pubblico e istituzioni per valorizzare anche in tempi di difficolt\u00e0, quello spazio di libert\u00e0 che le manifestazioni culturali rappresentano\u00bb.<\/p>\n<p><strong>L\u2019inaugurazione di Torinodanza, in programma l\u201911 settembre 2020 alle Fonderie Limone di Moncalieri,<\/strong> <strong>sar\u00e0 una vera e propria <em>Festa!<\/em> <\/strong>affidata alla coreografa <strong>Silvia Gribaudi<\/strong> in collaborazione con <strong>Matteo Maffesanti<\/strong>: una forma di performance partecipativa in cui gesto, ironia, musica e immagini concorrono a creare momenti unici, elaborati site specific.<\/p>\n<p>Il 14 settembre debutter\u00e0 in prima nazionale, al Teatro Carignano, <em>TOCCARE the White Dance<\/em> di <strong>Cristina Kristal Rizzo<\/strong>. Questa sua nuova produzione si muove attraverso diverse linee d\u2019ispirazione: il toccare inteso come gesto fisico distaccato alla ricerca di un sentire totale o l\u2019esperienza della meditazione trascendentale. La danza si fonde all\u2019unisono con <em>Les Pi\u00e8ces de clavecin<\/em> di Jean-Philippe Rameau elaborati dal compositore Ruggero Lagan\u00e0. Lo spettacolo \u00e8 una coproduzione Torinodanza Festival con MITO SettembreMusica e MilanOltre Festival.<\/p>\n<p>Dopo il successo di <em>OCD Love <\/em>e <em>Love Chapter 2 <\/em>a Torindanza 2018, il 16 e il 17 settembre, <strong>Sharon Eyal<\/strong> e <strong>Gai Behar<\/strong> portano in prima nazionale al Teatro Carignano il terzo capitolo della Trilogia dell\u2019amore, <em>Chapter 3 <\/em><em>\u2010<\/em><em> The Brutal Journey of the Heart<\/em>. Un\u2019immersione profonda nelle relazioni, nelle dinamiche dei sentimenti, nello strazio del dolore, nella paura dell\u2019abbandono, nel vuoto degli addii, sempre racchiusi nel cosmo del suono live di Ori Lichtik.<\/p>\n<p>Il 18 e 19 settembre il festival propone una serata mixed bill composta da due opere <em>Sinnerman<\/em> e <em>\u2026 and Carolyn<\/em> di <strong>Alan Lucien \u00d8yen<\/strong>, artista norvegese per la prima volta in Italia; da un breve e prezioso solo di <strong>Hofesh Shechter<\/strong>, un\u2019inedita forma per un artista che ha fatto del lavoro con l\u2019ensemble una costante ricerca nei ritmi e nell\u2019energia delle forme. Partecipano alla serata anche <strong>Honji Wang<\/strong> e <strong>S\u00e9bastien Ramirez<\/strong>, strepitosa coppia coreana\/tedesca\/francese, ri-creatori di una forma di hip hop raffinata ed elegante con <em>AP15<\/em>.<\/p>\n<p><strong>Sidi Larbi Cherkaoui<\/strong> amico e artista associato del Festival sta lavorando a <em>3S<\/em> una dedica a Torinodanza, le cui forme e contenuto sono in fase di elaborazione. Dopo le importanti produzioni gi\u00e0 presentate a Torino, <em>Noetic <\/em>e<em> Icon <\/em>nel 2018, <em>Sutra <\/em>e<em> Session <\/em>nel 2019, un intreccio di movimenti solistici accompagnati da musicisti dal vivo, disegner\u00e0 gesti, azioni e parole che si inscriveranno nel vasto repertorio dell\u2019artista belga. Lo spettacolo \u00e8 programmato in prima nazionale al Teatro Carignano di Torino il 26 e il 27 settembre.<\/p>\n<p><strong>Simona Bertozzi<\/strong> insieme a NEXT, quartetto d\u2019archi torinese, presenta, in prima nazionale alle Fonderie Limone di Moncalieri il 2 e il 3 ottobre, <em>Tra le linee<\/em>, uno spettacolo in cui le azioni coreografiche si innestano sulle composizioni di Ludwig van Beethoven e Wolfgang Rihm: contrappunti e scivolamenti, agglomerati momentanei di forze che svelano all\u2019istante l\u2019essenza del loro incontro per poi evolvere verso altri equilibri e disgregazioni. Partitura musicale e corporea sempre in bilico tra coesistenza, aderenza, emergenza.<\/p>\n<p><strong>Marco D\u2019Agostin<\/strong> propone in anteprima italiana, il 7 e l\u20198 ottobre alle Fonderie Limone di Moncalieri, una dedica speciale all\u2019artista inglese Nigel Charnock, prematuramente scomparso e fondatore di DV8 Phisical Theatre. Non un tributo, ma di sicuro un saluto. Un lavoro sulla rabbia, soprattutto quella del primo amore. Un atto di disperata nostalgia non per il mondo com\u2019era, ma per il mondo come appariva a un giovane interprete che iniziava il proprio cammino artistico.<\/p>\n<p><strong>Alessio Maria Romano <\/strong>(attore, coreografo e pedagogo) esplora in <em>Bye Bye <\/em>il senso e il significato della censura: autocensura, lecito\/non lecito, libert\u00e0\/condizionamento, coprire, nascondere, vergogna, bellezza. T\u00f2poi dei nostri tempi sviscerati sui corpi di quattro giovani danzatori e una figura pi\u00f9 matura. La Biennale di Venezia ha attribuito il <strong>Leone d\u2019Argento 2020<\/strong> per il teatro a Alessio Maria Romano. Lo spettacolo, commissionato da Antonio Latella per la Biennale Teatro, andr\u00e0 in scena alle Fonderie Limone il 10 e l\u201911 ottobre.<\/p>\n<p>Dopo laboratori, residenze in quota e uno studio sul <em>Purgatorio<\/em>, <strong>Marco Chenevier<\/strong> doveva arrivare quest\u2019anno al debutto di <em>Paradiso<\/em>, un esercizio tra il gioco e l\u2019estasi che condensa i caratteri prosaici della sua danza. <em>Paradiso<\/em>, in forza dell\u2019emergenza, diventa <em>Confinati dal Paradiso<\/em>, un lavoro nato nella sospensione e che della sospensione far\u00e0 la sua poetica espressa in materiali coreografici in forma di soli. <em>Confinati dal Paradiso<\/em> debutter\u00e0 in prima nazionale alle Fonderie Limone il 16 e il 17 ottobre.<\/p>\n<p><strong>Ambra Senatore <\/strong>presenter\u00e0, in prima nazionale, il 17 ottobre 2020, alle Fonderie Limone, <em>Quatuor<\/em> (titolo provvisorio) un nuovo spettacolo in cui condensa quello stile che ha strutturato negli ultimi anni di lavoro e ricerca tra la Francia e l\u2019Italia. Dieci anni dopo la creazione del suo primo pezzo di gruppo, <em>Passo<\/em>, Ambra Senatore invita la stessa squadra di artisti a investire in una nuova creazione. Armati delle loro esperienze individuali, dei loro viaggi comuni, Ambra Senatore, Caterina Basso, Matteo Ceccarelli e Claudia Catarzi affrontano la questione delle scelte che ogni individuo \u00e8 portato a fare di fronte e in mezzo ad un gruppo.<\/p>\n<p>Arriva finalmente a Torinodanza <strong>Shantala Shivalingappa<\/strong>, la straordinaria danzatrice e attrice di origine indiana nota per essere stata protagonista di memorabili produzioni di Peter Brook e Pina Bausch. <em>aSH <\/em>(la contrazione di A Shantala) \u00e8 una dedica a lei, espressa da <strong>Aur\u00e9lien Bory<\/strong>. Lo spettacolo andr\u00e0 in scena alle Fonderie Limone, il 22 e il 23 ottobre 2020.<\/p>\n<p>Si completa quest\u2019anno il progetto <strong>Corpo Links Cluster<\/strong>, sostenuto dal Programma di Cooperazione PC INTERREG V A &#8211; Italia-Francia (ALCOTRA 2014-2020) che ha visto protagonisti gli sport alpini, coinvolgendo le comunit\u00e0 e il pubblico con laboratori, residenze e permormances realizzati nelle aree montane del Piemonte. Il programma 2020 prevede, a fine agosto, due appuntamenti a Susa e a Fenestrelle: due giorni di danza in montagna all\u2019interno del Festival transfrontaliero ANDIAMO, organizzato e promosso con Malraux \u2013 Sc\u00e8ne National di Chamb\u00e9ry, nell\u2019ambito del progetto europeo Alcotra \u201cCorpo Links Cluster\u201d e si completa nel corso del Festival con gli spettacoli di Silvia Gribaudi, Simona Bertozzi e Marco Chenevier.<\/p>\n<p>Si consolida la relazione con <strong>Interplay <\/strong>che nella sua edizione diffusa di quest\u2019anno incontra Torinodanza Festival presentando alle Fonderie Limone tre performances: <em>A peso morto &#8211; versione al femminile <\/em>di e con Carlo Massari (2 ottobre 2020); <em>God Bless You<\/em> di e con Daniele Ninarello (3 ottobre 2020) e <em>Vincere! Vincere! Vincere? <\/em>della S Dance Company di Mario Coccetti (16 ottobre 2020).<\/p>\n<p>&nbsp;<\/p>\n<p><strong>TORINODANZA | I PARTNER<\/strong><\/p>\n<p>Torinodanza 2020 \u00e8 un progetto realizzato da Torinodanza festival\/Teatro Stabile di Torino \u2013 Teatro Nazionale, maggior sostenitore Fondazione Compagnia di San Paolo, con il sostegno di MiBACT Ministero per i Beni e le Attivit\u00e0 Culturali e per il Turismo, Regione Piemonte, Citt\u00e0 di Torino, Fondazione per la Cultura Torino, partner Intesa Sanpaolo.<\/p>\n<p>Rai Cultura e Rai Radio3 si confermano anche quest\u2019anno Media Partner di Torinodanza.<\/p>\n<p>Il festival Torinodanza, nato nel 1987, \u00e8 organizzato dal 2009 dal Teatro Stabile di Torino &#8211; Teatro Nazionale.<\/p>\n<p><a href=\"http:\/\/www.torinodanzafestival.it\/wp-content\/uploads\/2020\/07\/01_Immagine-giuda-Torinodanza-2020.pdf\" target=\"_blank\" rel=\"noopener\">01_Immagine giuda Torinodanza 2020<\/a><\/p>\n<p><a href=\"http:\/\/www.torinodanzafestival.it\/wp-content\/uploads\/2020\/07\/02_Comunicato-stampa-Torinodanza-2020.pdf\" target=\"_blank\" rel=\"noopener\">02_Comunicato stampa Torinodanza 2020<\/a><\/p>\n<p><a href=\"http:\/\/www.torinodanzafestival.it\/wp-content\/uploads\/2020\/07\/03_Scheda-Direttore-Festival-Torinodanza.pdf\" target=\"_blank\" rel=\"noopener\">03_Scheda Direttore Festival Torinodanza<\/a><\/p>\n<p><a href=\"http:\/\/www.torinodanzafestival.it\/wp-content\/uploads\/2020\/07\/04_Scheda-Direttore-Presidente-TST.pdf\" target=\"_blank\" rel=\"noopener\">04_Scheda Direttore Presidente TST<\/a><\/p>\n<p><a href=\"http:\/\/www.torinodanzafestival.it\/wp-content\/uploads\/2020\/07\/TD20_WEB.pdf\" target=\"_blank\" rel=\"noopener\">05_Depliant Torinodanza 2020<\/a><\/p>\n<p><a href=\"http:\/\/www.torinodanzafestival.it\/wp-content\/uploads\/2020\/07\/06_Regione_Piemonte.pdf\" target=\"_blank\" rel=\"noopener\">06_Regione Piemonte<\/a><\/p>\n<p><a href=\"http:\/\/www.torinodanzafestival.it\/wp-content\/uploads\/2020\/07\/07_Citt\u00e0-di-Torino.pdf\" target=\"_blank\" rel=\"noopener\">07_Citt\u00e0 di Torino<\/a><\/p>\n<p><a href=\"http:\/\/www.torinodanzafestival.it\/wp-content\/uploads\/2020\/07\/08_Fondazione-Compagnia-di-San-Paolo.pdf\" target=\"_blank\" rel=\"noopener\">08_Fondazione Compagnia di San Paolo<\/a><\/p>\n<p><a href=\"http:\/\/www.torinodanzafestival.it\/wp-content\/uploads\/2020\/07\/09_Intesa-Sanpaolo.pdf\" target=\"_blank\" rel=\"noopener\">09_Intesa Sanpaolo<\/a><\/p>\n<p><a href=\"http:\/\/www.torinodanzafestival.it\/wp-content\/uploads\/2020\/07\/10_Mito_Settembre-Musica.pdf\" target=\"_blank\" rel=\"noopener\">10_Mito Settembre Musica<\/a><\/p>\n<p><a href=\"http:\/\/www.torinodanzafestival.it\/wp-content\/uploads\/2020\/07\/11_Rai_Cultura.pdf\" target=\"_blank\" rel=\"noopener\">11_Rai Cultura<\/a><\/p>\n<p><a href=\"http:\/\/www.torinodanzafestival.it\/wp-content\/uploads\/2020\/07\/11_Rai_Cultura.pdf\" target=\"_blank\" rel=\"noopener\">12_RAI 5<\/a><\/p>\n<p><a href=\"http:\/\/www.torinodanzafestival.it\/wp-content\/uploads\/2020\/07\/12_RAI_5_MediaKey.pdf\" target=\"_blank\" rel=\"noopener\">13_Rai Radio3<\/a><\/p>\n<p>&nbsp;<\/p>\n<div id='gallery-1' class='gallery galleryid-9320 gallery-columns-5 gallery-size-thumbnail'><figure class='gallery-item'>\n\t\t\t<div class='gallery-icon portrait'>\n\t\t\t\t<a href='http:\/\/www.torinodanzafestival.it\/wp-content\/uploads\/2020\/07\/Immagine-Torinodanza_2020-media-def.jpg'><img loading=\"lazy\" decoding=\"async\" width=\"150\" height=\"150\" src=\"http:\/\/www.torinodanzafestival.it\/wp-content\/uploads\/2020\/07\/Immagine-Torinodanza_2020-media-def-150x150.jpg\" class=\"attachment-thumbnail size-thumbnail\" alt=\"\" aria-describedby=\"gallery-1-9334\" srcset=\"http:\/\/www.torinodanzafestival.it\/wp-content\/uploads\/2020\/07\/Immagine-Torinodanza_2020-media-def-150x150.jpg 150w, http:\/\/www.torinodanzafestival.it\/wp-content\/uploads\/2020\/07\/Immagine-Torinodanza_2020-media-def-468x468.jpg 468w, http:\/\/www.torinodanzafestival.it\/wp-content\/uploads\/2020\/07\/Immagine-Torinodanza_2020-media-def-266x266.jpg 266w\" sizes=\"auto, (max-width: 150px) 100vw, 150px\" \/><\/a>\n\t\t\t<\/div>\n\t\t\t\t<figcaption class='wp-caption-text gallery-caption' id='gallery-1-9334'>\n\t\t\t\tPhoto credit Photo Dane Wetton \n\t\t\t\t<\/figcaption><\/figure><figure class='gallery-item'>\n\t\t\t<div class='gallery-icon landscape'>\n\t\t\t\t<a href='http:\/\/www.torinodanzafestival.it\/wp-content\/uploads\/2020\/07\/03_Vallarino-Gancia_Cremonini_Fonsatti_Ph-Andrea-Macchia.jpg'><img loading=\"lazy\" decoding=\"async\" width=\"150\" height=\"150\" src=\"http:\/\/www.torinodanzafestival.it\/wp-content\/uploads\/2020\/07\/03_Vallarino-Gancia_Cremonini_Fonsatti_Ph-Andrea-Macchia-150x150.jpg\" class=\"attachment-thumbnail size-thumbnail\" alt=\"\" aria-describedby=\"gallery-1-9337\" srcset=\"http:\/\/www.torinodanzafestival.it\/wp-content\/uploads\/2020\/07\/03_Vallarino-Gancia_Cremonini_Fonsatti_Ph-Andrea-Macchia-150x150.jpg 150w, http:\/\/www.torinodanzafestival.it\/wp-content\/uploads\/2020\/07\/03_Vallarino-Gancia_Cremonini_Fonsatti_Ph-Andrea-Macchia-468x468.jpg 468w\" sizes=\"auto, (max-width: 150px) 100vw, 150px\" \/><\/a>\n\t\t\t<\/div>\n\t\t\t\t<figcaption class='wp-caption-text gallery-caption' id='gallery-1-9337'>\n\t\t\t\tda sinistra Lamberto Vallarino Gancia (Presidente del Teatro Stabile di Torino \u2013 Teatro Nazionale)<br> Anna Cremonini (Direttore artistico Torinodanza Festival)<br> Filippo Fonsatti (Direttore del Teatro Stabile di Torino \u2013 Teatro Nazionale)<br>\u00a9 Andrea Macchia\n\t\t\t\t<\/figcaption><\/figure>\n\t\t<\/div>\n\n<h3>Torinodanza 2020<\/h3>\n<div id='gallery-2' class='gallery galleryid-9320 gallery-columns-5 gallery-size-thumbnail'><figure class='gallery-item'>\n\t\t\t<div class='gallery-icon landscape'>\n\t\t\t\t<a href='http:\/\/www.torinodanzafestival.it\/wp-content\/uploads\/2020\/07\/01_FESTA_Silvia-Gribaudi_ph-Luca-Giabardo.jpg'><img loading=\"lazy\" decoding=\"async\" width=\"150\" height=\"150\" src=\"http:\/\/www.torinodanzafestival.it\/wp-content\/uploads\/2020\/07\/01_FESTA_Silvia-Gribaudi_ph-Luca-Giabardo-150x150.jpg\" class=\"attachment-thumbnail size-thumbnail\" alt=\"\" aria-describedby=\"gallery-2-9338\" srcset=\"http:\/\/www.torinodanzafestival.it\/wp-content\/uploads\/2020\/07\/01_FESTA_Silvia-Gribaudi_ph-Luca-Giabardo-150x150.jpg 150w, http:\/\/www.torinodanzafestival.it\/wp-content\/uploads\/2020\/07\/01_FESTA_Silvia-Gribaudi_ph-Luca-Giabardo-468x468.jpg 468w\" sizes=\"auto, (max-width: 150px) 100vw, 150px\" \/><\/a>\n\t\t\t<\/div>\n\t\t\t\t<figcaption class='wp-caption-text gallery-caption' id='gallery-2-9338'>\n\t\t\t\tSilvia Gribaud<br>ph Luca Giabardo\n\t\t\t\t<\/figcaption><\/figure><figure class='gallery-item'>\n\t\t\t<div class='gallery-icon landscape'>\n\t\t\t\t<a href='http:\/\/www.torinodanzafestival.it\/wp-content\/uploads\/2020\/07\/02_TOCCARE_the-white-dance.jpeg'><img loading=\"lazy\" decoding=\"async\" width=\"150\" height=\"150\" src=\"http:\/\/www.torinodanzafestival.it\/wp-content\/uploads\/2020\/07\/02_TOCCARE_the-white-dance-150x150.jpeg\" class=\"attachment-thumbnail size-thumbnail\" alt=\"\" aria-describedby=\"gallery-2-9339\" srcset=\"http:\/\/www.torinodanzafestival.it\/wp-content\/uploads\/2020\/07\/02_TOCCARE_the-white-dance-150x150.jpeg 150w, http:\/\/www.torinodanzafestival.it\/wp-content\/uploads\/2020\/07\/02_TOCCARE_the-white-dance-560x560.jpeg 560w, http:\/\/www.torinodanzafestival.it\/wp-content\/uploads\/2020\/07\/02_TOCCARE_the-white-dance-468x468.jpeg 468w, http:\/\/www.torinodanzafestival.it\/wp-content\/uploads\/2020\/07\/02_TOCCARE_the-white-dance-266x266.jpeg 266w, http:\/\/www.torinodanzafestival.it\/wp-content\/uploads\/2020\/07\/02_TOCCARE_the-white-dance-220x220.jpeg 220w\" sizes=\"auto, (max-width: 150px) 100vw, 150px\" \/><\/a>\n\t\t\t<\/div>\n\t\t\t\t<figcaption class='wp-caption-text gallery-caption' id='gallery-2-9339'>\n\t\t\t\tTOCCARE_the-white-dance<br>SONY DSC\n\t\t\t\t<\/figcaption><\/figure><figure class='gallery-item'>\n\t\t\t<div class='gallery-icon landscape'>\n\t\t\t\t<a href='http:\/\/www.torinodanzafestival.it\/wp-content\/uploads\/2020\/07\/03-Chapter-3_ph-Stefan-Dotter-for-Dior.jpg'><img loading=\"lazy\" decoding=\"async\" width=\"150\" height=\"150\" src=\"http:\/\/www.torinodanzafestival.it\/wp-content\/uploads\/2020\/07\/03-Chapter-3_ph-Stefan-Dotter-for-Dior-150x150.jpg\" class=\"attachment-thumbnail size-thumbnail\" alt=\"\" aria-describedby=\"gallery-2-9340\" srcset=\"http:\/\/www.torinodanzafestival.it\/wp-content\/uploads\/2020\/07\/03-Chapter-3_ph-Stefan-Dotter-for-Dior-150x150.jpg 150w, http:\/\/www.torinodanzafestival.it\/wp-content\/uploads\/2020\/07\/03-Chapter-3_ph-Stefan-Dotter-for-Dior-560x560.jpg 560w, http:\/\/www.torinodanzafestival.it\/wp-content\/uploads\/2020\/07\/03-Chapter-3_ph-Stefan-Dotter-for-Dior-468x468.jpg 468w, http:\/\/www.torinodanzafestival.it\/wp-content\/uploads\/2020\/07\/03-Chapter-3_ph-Stefan-Dotter-for-Dior-266x266.jpg 266w, http:\/\/www.torinodanzafestival.it\/wp-content\/uploads\/2020\/07\/03-Chapter-3_ph-Stefan-Dotter-for-Dior-220x220.jpg 220w, http:\/\/www.torinodanzafestival.it\/wp-content\/uploads\/2020\/07\/03-Chapter-3_ph-Stefan-Dotter-for-Dior-35x35.jpg 35w\" sizes=\"auto, (max-width: 150px) 100vw, 150px\" \/><\/a>\n\t\t\t<\/div>\n\t\t\t\t<figcaption class='wp-caption-text gallery-caption' id='gallery-2-9340'>\n\t\t\t\t Chapter 3<br>ph Stefan Dotter for Dior\n\t\t\t\t<\/figcaption><\/figure><figure class='gallery-item'>\n\t\t\t<div class='gallery-icon landscape'>\n\t\t\t\t<a href='http:\/\/www.torinodanzafestival.it\/wp-content\/uploads\/2020\/07\/04_Sinnerman_ph-Erik-Berg.jpg'><img loading=\"lazy\" decoding=\"async\" width=\"150\" height=\"150\" src=\"http:\/\/www.torinodanzafestival.it\/wp-content\/uploads\/2020\/07\/04_Sinnerman_ph-Erik-Berg-150x150.jpg\" class=\"attachment-thumbnail size-thumbnail\" alt=\"\" aria-describedby=\"gallery-2-9341\" srcset=\"http:\/\/www.torinodanzafestival.it\/wp-content\/uploads\/2020\/07\/04_Sinnerman_ph-Erik-Berg-150x150.jpg 150w, http:\/\/www.torinodanzafestival.it\/wp-content\/uploads\/2020\/07\/04_Sinnerman_ph-Erik-Berg-468x468.jpg 468w\" sizes=\"auto, (max-width: 150px) 100vw, 150px\" \/><\/a>\n\t\t\t<\/div>\n\t\t\t\t<figcaption class='wp-caption-text gallery-caption' id='gallery-2-9341'>\n\t\t\t\tSinnerman<br>ph Erik Berg\n\t\t\t\t<\/figcaption><\/figure><figure class='gallery-item'>\n\t\t\t<div class='gallery-icon portrait'>\n\t\t\t\t<a href='http:\/\/www.torinodanzafestival.it\/wp-content\/uploads\/2020\/07\/05_Hofesh-Shechter_ph-A.Anceschi.jpg'><img loading=\"lazy\" decoding=\"async\" width=\"150\" height=\"150\" src=\"http:\/\/www.torinodanzafestival.it\/wp-content\/uploads\/2020\/07\/05_Hofesh-Shechter_ph-A.Anceschi-150x150.jpg\" class=\"attachment-thumbnail size-thumbnail\" alt=\"\" aria-describedby=\"gallery-2-9342\" srcset=\"http:\/\/www.torinodanzafestival.it\/wp-content\/uploads\/2020\/07\/05_Hofesh-Shechter_ph-A.Anceschi-150x150.jpg 150w, http:\/\/www.torinodanzafestival.it\/wp-content\/uploads\/2020\/07\/05_Hofesh-Shechter_ph-A.Anceschi-468x468.jpg 468w\" sizes=\"auto, (max-width: 150px) 100vw, 150px\" \/><\/a>\n\t\t\t<\/div>\n\t\t\t\t<figcaption class='wp-caption-text gallery-caption' id='gallery-2-9342'>\n\t\t\t\tHofesh Shechter<br>ph A.Anceschi\n\t\t\t\t<\/figcaption><\/figure><figure class='gallery-item'>\n\t\t\t<div class='gallery-icon landscape'>\n\t\t\t\t<a href='http:\/\/www.torinodanzafestival.it\/wp-content\/uploads\/2020\/07\/06_Ap15_ph-Matea-Ilieva.jpg'><img loading=\"lazy\" decoding=\"async\" width=\"150\" height=\"150\" src=\"http:\/\/www.torinodanzafestival.it\/wp-content\/uploads\/2020\/07\/06_Ap15_ph-Matea-Ilieva-150x150.jpg\" class=\"attachment-thumbnail size-thumbnail\" alt=\"\" aria-describedby=\"gallery-2-9343\" srcset=\"http:\/\/www.torinodanzafestival.it\/wp-content\/uploads\/2020\/07\/06_Ap15_ph-Matea-Ilieva-150x150.jpg 150w, http:\/\/www.torinodanzafestival.it\/wp-content\/uploads\/2020\/07\/06_Ap15_ph-Matea-Ilieva-468x468.jpg 468w\" sizes=\"auto, (max-width: 150px) 100vw, 150px\" \/><\/a>\n\t\t\t<\/div>\n\t\t\t\t<figcaption class='wp-caption-text gallery-caption' id='gallery-2-9343'>\n\t\t\t\tAp15<br>ph Matea Ilieva\n\t\t\t\t<\/figcaption><\/figure><figure class='gallery-item'>\n\t\t\t<div class='gallery-icon portrait'>\n\t\t\t\t<a href='http:\/\/www.torinodanzafestival.it\/wp-content\/uploads\/2020\/07\/07_Sidi-Larbi-Cherkaoui_ph-KoenBroos.jpg'><img loading=\"lazy\" decoding=\"async\" width=\"150\" height=\"150\" src=\"http:\/\/www.torinodanzafestival.it\/wp-content\/uploads\/2020\/07\/07_Sidi-Larbi-Cherkaoui_ph-KoenBroos-150x150.jpg\" class=\"attachment-thumbnail size-thumbnail\" alt=\"\" aria-describedby=\"gallery-2-9344\" srcset=\"http:\/\/www.torinodanzafestival.it\/wp-content\/uploads\/2020\/07\/07_Sidi-Larbi-Cherkaoui_ph-KoenBroos-150x150.jpg 150w, http:\/\/www.torinodanzafestival.it\/wp-content\/uploads\/2020\/07\/07_Sidi-Larbi-Cherkaoui_ph-KoenBroos-468x468.jpg 468w\" sizes=\"auto, (max-width: 150px) 100vw, 150px\" \/><\/a>\n\t\t\t<\/div>\n\t\t\t\t<figcaption class='wp-caption-text gallery-caption' id='gallery-2-9344'>\n\t\t\t\tSidi Larbi Cherkaoui<br>ph KoenBroos\n\t\t\t\t<\/figcaption><\/figure><figure class='gallery-item'>\n\t\t\t<div class='gallery-icon landscape'>\n\t\t\t\t<a href='http:\/\/www.torinodanzafestival.it\/wp-content\/uploads\/2020\/07\/08_Compagnia-Simona-Bertozzi-Nexus-Joie-de-vivre-foto-di-Luca-Del-Pia-2.jpg'><img loading=\"lazy\" decoding=\"async\" width=\"150\" height=\"150\" src=\"http:\/\/www.torinodanzafestival.it\/wp-content\/uploads\/2020\/07\/08_Compagnia-Simona-Bertozzi-Nexus-Joie-de-vivre-foto-di-Luca-Del-Pia-2-150x150.jpg\" class=\"attachment-thumbnail size-thumbnail\" alt=\"\" aria-describedby=\"gallery-2-9345\" srcset=\"http:\/\/www.torinodanzafestival.it\/wp-content\/uploads\/2020\/07\/08_Compagnia-Simona-Bertozzi-Nexus-Joie-de-vivre-foto-di-Luca-Del-Pia-2-150x150.jpg 150w, http:\/\/www.torinodanzafestival.it\/wp-content\/uploads\/2020\/07\/08_Compagnia-Simona-Bertozzi-Nexus-Joie-de-vivre-foto-di-Luca-Del-Pia-2-468x468.jpg 468w\" sizes=\"auto, (max-width: 150px) 100vw, 150px\" \/><\/a>\n\t\t\t<\/div>\n\t\t\t\t<figcaption class='wp-caption-text gallery-caption' id='gallery-2-9345'>\n\t\t\t\tCompagnia Simona Bertozzi &#8211; Nexus, Joie de vivre <br>ph Luca Del Pia (2)\n\t\t\t\t<\/figcaption><\/figure><figure class='gallery-item'>\n\t\t\t<div class='gallery-icon landscape'>\n\t\t\t\t<a href='http:\/\/www.torinodanzafestival.it\/wp-content\/uploads\/2020\/07\/09_Marco-DAgostin_ph-Alice-Brazzit.jpg'><img loading=\"lazy\" decoding=\"async\" width=\"150\" height=\"150\" src=\"http:\/\/www.torinodanzafestival.it\/wp-content\/uploads\/2020\/07\/09_Marco-DAgostin_ph-Alice-Brazzit-150x150.jpg\" class=\"attachment-thumbnail size-thumbnail\" alt=\"\" aria-describedby=\"gallery-2-9346\" srcset=\"http:\/\/www.torinodanzafestival.it\/wp-content\/uploads\/2020\/07\/09_Marco-DAgostin_ph-Alice-Brazzit-150x150.jpg 150w, http:\/\/www.torinodanzafestival.it\/wp-content\/uploads\/2020\/07\/09_Marco-DAgostin_ph-Alice-Brazzit-468x468.jpg 468w\" sizes=\"auto, (max-width: 150px) 100vw, 150px\" \/><\/a>\n\t\t\t<\/div>\n\t\t\t\t<figcaption class='wp-caption-text gallery-caption' id='gallery-2-9346'>\n\t\t\t\tMarco D&#8217;Agostin<br>ph Alice Brazzit\n\t\t\t\t<\/figcaption><\/figure><figure class='gallery-item'>\n\t\t\t<div class='gallery-icon landscape'>\n\t\t\t\t<a href='http:\/\/www.torinodanzafestival.it\/wp-content\/uploads\/2020\/07\/10_Alessio-Maria-Romano_-in-scena-AMR-CHOROS_-ph-Andrea-Macchia.jpg'><img loading=\"lazy\" decoding=\"async\" width=\"150\" height=\"150\" src=\"http:\/\/www.torinodanzafestival.it\/wp-content\/uploads\/2020\/07\/10_Alessio-Maria-Romano_-in-scena-AMR-CHOROS_-ph-Andrea-Macchia-150x150.jpg\" class=\"attachment-thumbnail size-thumbnail\" alt=\"\" aria-describedby=\"gallery-2-9347\" srcset=\"http:\/\/www.torinodanzafestival.it\/wp-content\/uploads\/2020\/07\/10_Alessio-Maria-Romano_-in-scena-AMR-CHOROS_-ph-Andrea-Macchia-150x150.jpg 150w, http:\/\/www.torinodanzafestival.it\/wp-content\/uploads\/2020\/07\/10_Alessio-Maria-Romano_-in-scena-AMR-CHOROS_-ph-Andrea-Macchia-468x468.jpg 468w\" sizes=\"auto, (max-width: 150px) 100vw, 150px\" \/><\/a>\n\t\t\t<\/div>\n\t\t\t\t<figcaption class='wp-caption-text gallery-caption' id='gallery-2-9347'>\n\t\t\t\tAlessio Maria Romano_ in scena AMR CHOROS_<br<ph Andrea Macchia\n\t\t\t\t<\/figcaption><\/figure><figure class='gallery-item'>\n\t\t\t<div class='gallery-icon portrait'>\n\t\t\t\t<a href='http:\/\/www.torinodanzafestival.it\/wp-content\/uploads\/2020\/07\/11_Marco-Chenevier_Purgatorio_phAndreaMacchia.jpg'><img loading=\"lazy\" decoding=\"async\" width=\"150\" height=\"150\" src=\"http:\/\/www.torinodanzafestival.it\/wp-content\/uploads\/2020\/07\/11_Marco-Chenevier_Purgatorio_phAndreaMacchia-150x150.jpg\" class=\"attachment-thumbnail size-thumbnail\" alt=\"\" aria-describedby=\"gallery-2-9348\" srcset=\"http:\/\/www.torinodanzafestival.it\/wp-content\/uploads\/2020\/07\/11_Marco-Chenevier_Purgatorio_phAndreaMacchia-150x150.jpg 150w, http:\/\/www.torinodanzafestival.it\/wp-content\/uploads\/2020\/07\/11_Marco-Chenevier_Purgatorio_phAndreaMacchia-468x468.jpg 468w\" sizes=\"auto, (max-width: 150px) 100vw, 150px\" \/><\/a>\n\t\t\t<\/div>\n\t\t\t\t<figcaption class='wp-caption-text gallery-caption' id='gallery-2-9348'>\n\t\t\t\tMarco Chenevier_Purgatorio<br>phAndreaMacchia\n\t\t\t\t<\/figcaption><\/figure><figure class='gallery-item'>\n\t\t\t<div class='gallery-icon landscape'>\n\t\t\t\t<a href='http:\/\/www.torinodanzafestival.it\/wp-content\/uploads\/2020\/07\/12_Ambra-Senatore_foto-prove-Quatuor_ph-BastienCapela.jpeg'><img loading=\"lazy\" decoding=\"async\" width=\"150\" height=\"150\" src=\"http:\/\/www.torinodanzafestival.it\/wp-content\/uploads\/2020\/07\/12_Ambra-Senatore_foto-prove-Quatuor_ph-BastienCapela-150x150.jpeg\" class=\"attachment-thumbnail size-thumbnail\" alt=\"\" aria-describedby=\"gallery-2-9349\" srcset=\"http:\/\/www.torinodanzafestival.it\/wp-content\/uploads\/2020\/07\/12_Ambra-Senatore_foto-prove-Quatuor_ph-BastienCapela-150x150.jpeg 150w, http:\/\/www.torinodanzafestival.it\/wp-content\/uploads\/2020\/07\/12_Ambra-Senatore_foto-prove-Quatuor_ph-BastienCapela-468x468.jpeg 468w\" sizes=\"auto, (max-width: 150px) 100vw, 150px\" \/><\/a>\n\t\t\t<\/div>\n\t\t\t\t<figcaption class='wp-caption-text gallery-caption' id='gallery-2-9349'>\n\t\t\t\tAmbra Senatore<br>foto prove Quatuor_<br>ph BastienCapela\n\t\t\t\t<\/figcaption><\/figure><figure class='gallery-item'>\n\t\t\t<div class='gallery-icon landscape'>\n\t\t\t\t<a href='http:\/\/www.torinodanzafestival.it\/wp-content\/uploads\/2020\/07\/13_Cie111_aSH_AurelienBory_ph-AglaeBory.jpg'><img loading=\"lazy\" decoding=\"async\" width=\"150\" height=\"150\" src=\"http:\/\/www.torinodanzafestival.it\/wp-content\/uploads\/2020\/07\/13_Cie111_aSH_AurelienBory_ph-AglaeBory-150x150.jpg\" class=\"attachment-thumbnail size-thumbnail\" alt=\"\" aria-describedby=\"gallery-2-9350\" srcset=\"http:\/\/www.torinodanzafestival.it\/wp-content\/uploads\/2020\/07\/13_Cie111_aSH_AurelienBory_ph-AglaeBory-150x150.jpg 150w, http:\/\/www.torinodanzafestival.it\/wp-content\/uploads\/2020\/07\/13_Cie111_aSH_AurelienBory_ph-AglaeBory-560x560.jpg 560w, http:\/\/www.torinodanzafestival.it\/wp-content\/uploads\/2020\/07\/13_Cie111_aSH_AurelienBory_ph-AglaeBory-468x468.jpg 468w, http:\/\/www.torinodanzafestival.it\/wp-content\/uploads\/2020\/07\/13_Cie111_aSH_AurelienBory_ph-AglaeBory-266x266.jpg 266w, http:\/\/www.torinodanzafestival.it\/wp-content\/uploads\/2020\/07\/13_Cie111_aSH_AurelienBory_ph-AglaeBory-220x220.jpg 220w\" sizes=\"auto, (max-width: 150px) 100vw, 150px\" \/><\/a>\n\t\t\t<\/div>\n\t\t\t\t<figcaption class='wp-caption-text gallery-caption' id='gallery-2-9350'>\n\t\t\t\tCie111_aSH<br>Aurelien Bory<br>ph AglaeBory\n\t\t\t\t<\/figcaption><\/figure>\n\t\t<\/div>\n\n<p>&nbsp;<\/p>\n<p><strong>Festival INTERPLAY <em>Diffuso <\/em>20\/20 incontra TORINODANZA <\/strong><\/p>\n<div id='gallery-3' class='gallery galleryid-9320 gallery-columns-5 gallery-size-thumbnail'><figure class='gallery-item'>\n\t\t\t<div class='gallery-icon portrait'>\n\t\t\t\t<a href='http:\/\/www.torinodanzafestival.it\/wp-content\/uploads\/2020\/07\/CC_CarloMassari_apesomorto_phAndreaMacchia_5305.jpg'><img loading=\"lazy\" decoding=\"async\" width=\"150\" height=\"150\" src=\"http:\/\/www.torinodanzafestival.it\/wp-content\/uploads\/2020\/07\/CC_CarloMassari_apesomorto_phAndreaMacchia_5305-150x150.jpg\" class=\"attachment-thumbnail size-thumbnail\" alt=\"\" aria-describedby=\"gallery-3-9351\" srcset=\"http:\/\/www.torinodanzafestival.it\/wp-content\/uploads\/2020\/07\/CC_CarloMassari_apesomorto_phAndreaMacchia_5305-150x150.jpg 150w, http:\/\/www.torinodanzafestival.it\/wp-content\/uploads\/2020\/07\/CC_CarloMassari_apesomorto_phAndreaMacchia_5305-468x468.jpg 468w\" sizes=\"auto, (max-width: 150px) 100vw, 150px\" \/><\/a>\n\t\t\t<\/div>\n\t\t\t\t<figcaption class='wp-caption-text gallery-caption' id='gallery-3-9351'>\n\t\t\t\tC&#038;C_CarloMassari_A peso morto<br>phAndreaMacchia_5305\n\t\t\t\t<\/figcaption><\/figure><figure class='gallery-item'>\n\t\t\t<div class='gallery-icon landscape'>\n\t\t\t\t<a href='http:\/\/www.torinodanzafestival.it\/wp-content\/uploads\/2020\/07\/GodBlessYou_DanieleNinarello_phAndreaMacchia_0706.jpg'><img loading=\"lazy\" decoding=\"async\" width=\"150\" height=\"150\" src=\"http:\/\/www.torinodanzafestival.it\/wp-content\/uploads\/2020\/07\/GodBlessYou_DanieleNinarello_phAndreaMacchia_0706-150x150.jpg\" class=\"attachment-thumbnail size-thumbnail\" alt=\"\" aria-describedby=\"gallery-3-9352\" srcset=\"http:\/\/www.torinodanzafestival.it\/wp-content\/uploads\/2020\/07\/GodBlessYou_DanieleNinarello_phAndreaMacchia_0706-150x150.jpg 150w, http:\/\/www.torinodanzafestival.it\/wp-content\/uploads\/2020\/07\/GodBlessYou_DanieleNinarello_phAndreaMacchia_0706-468x468.jpg 468w\" sizes=\"auto, (max-width: 150px) 100vw, 150px\" \/><\/a>\n\t\t\t<\/div>\n\t\t\t\t<figcaption class='wp-caption-text gallery-caption' id='gallery-3-9352'>\n\t\t\t\tGodBlessYou_Daniele Ninarello<br>ph Andrea Macchia\n\t\t\t\t<\/figcaption><\/figure><figure class='gallery-item'>\n\t\t\t<div class='gallery-icon landscape'>\n\t\t\t\t<a href='http:\/\/www.torinodanzafestival.it\/wp-content\/uploads\/2020\/07\/MarioCoccetti_Vincere_phAndrea-Gianfortuna.png'><img loading=\"lazy\" decoding=\"async\" width=\"150\" height=\"150\" src=\"http:\/\/www.torinodanzafestival.it\/wp-content\/uploads\/2020\/07\/MarioCoccetti_Vincere_phAndrea-Gianfortuna-150x150.png\" class=\"attachment-thumbnail size-thumbnail\" alt=\"\" aria-describedby=\"gallery-3-9353\" srcset=\"http:\/\/www.torinodanzafestival.it\/wp-content\/uploads\/2020\/07\/MarioCoccetti_Vincere_phAndrea-Gianfortuna-150x150.png 150w, http:\/\/www.torinodanzafestival.it\/wp-content\/uploads\/2020\/07\/MarioCoccetti_Vincere_phAndrea-Gianfortuna-468x468.png 468w\" sizes=\"auto, (max-width: 150px) 100vw, 150px\" \/><\/a>\n\t\t\t<\/div>\n\t\t\t\t<figcaption class='wp-caption-text gallery-caption' id='gallery-3-9353'>\n\t\t\t\tMario Coccetti_Vincere <br>ph Andrea Gianfortuna\n\t\t\t\t<\/figcaption><\/figure>\n\t\t<\/div>\n\n","protected":false},"excerpt":{"rendered":"<p>Torinodanza festival si conferma appuntamento irrinunciabile dell\u2019autunno 2020: quest\u2019anno, dall\u201911 settembre al 23 ottobre, torna in una forma diversa rispetto alle precedenti edizioni, mantenendosi fedele&hellip;<\/p>\n","protected":false},"author":2,"featured_media":9051,"comment_status":"closed","ping_status":"open","sticky":false,"template":"","format":"standard","meta":{"_acf_changed":false,"footnotes":""},"categories":[95],"tags":[],"class_list":["post-9320","post","type-post","status-publish","format-standard","has-post-thumbnail","hentry","category-press_19"],"acf":[],"_links":{"self":[{"href":"http:\/\/www.torinodanzafestival.it\/index.php?rest_route=\/wp\/v2\/posts\/9320","targetHints":{"allow":["GET"]}}],"collection":[{"href":"http:\/\/www.torinodanzafestival.it\/index.php?rest_route=\/wp\/v2\/posts"}],"about":[{"href":"http:\/\/www.torinodanzafestival.it\/index.php?rest_route=\/wp\/v2\/types\/post"}],"author":[{"embeddable":true,"href":"http:\/\/www.torinodanzafestival.it\/index.php?rest_route=\/wp\/v2\/users\/2"}],"replies":[{"embeddable":true,"href":"http:\/\/www.torinodanzafestival.it\/index.php?rest_route=%2Fwp%2Fv2%2Fcomments&post=9320"}],"version-history":[{"count":7,"href":"http:\/\/www.torinodanzafestival.it\/index.php?rest_route=\/wp\/v2\/posts\/9320\/revisions"}],"predecessor-version":[{"id":9379,"href":"http:\/\/www.torinodanzafestival.it\/index.php?rest_route=\/wp\/v2\/posts\/9320\/revisions\/9379"}],"wp:featuredmedia":[{"embeddable":true,"href":"http:\/\/www.torinodanzafestival.it\/index.php?rest_route=\/wp\/v2\/media\/9051"}],"wp:attachment":[{"href":"http:\/\/www.torinodanzafestival.it\/index.php?rest_route=%2Fwp%2Fv2%2Fmedia&parent=9320"}],"wp:term":[{"taxonomy":"category","embeddable":true,"href":"http:\/\/www.torinodanzafestival.it\/index.php?rest_route=%2Fwp%2Fv2%2Fcategories&post=9320"},{"taxonomy":"post_tag","embeddable":true,"href":"http:\/\/www.torinodanzafestival.it\/index.php?rest_route=%2Fwp%2Fv2%2Ftags&post=9320"}],"curies":[{"name":"wp","href":"https:\/\/api.w.org\/{rel}","templated":true}]}}