{"id":9967,"date":"2021-04-02T12:16:50","date_gmt":"2021-04-02T12:16:50","guid":{"rendered":"http:\/\/10.0.1.180\/?p=9967"},"modified":"2021-04-02T12:25:17","modified_gmt":"2021-04-02T12:25:17","slug":"corpo-links-cluster-un-volume-per-raccontare-tre-anni-di-innovazione-e-ricerca","status":"publish","type":"post","link":"http:\/\/www.torinodanzafestival.it\/?p=9967","title":{"rendered":"Corpo Links Cluster, un volume per raccontare tre anni di innovazione e ricerca"},"content":{"rendered":"<p>Disponibile online una nuova pubblicazione nata per testimoniare i tre anni di lavoro del progetto Corpo Links Cluster: programma <strong>di ricerca e innovazione in materia di offerta culturale e di ampliamento del pubblico che ha collegato, attraverso le valli del Moncenisio, i centri urbani di Torino e di Chamb\u00e9ry.<\/strong><\/p>\n<p><strong>CORPO LINKS CLUSTER<\/strong>, presentato dall\u2019Espace Malraux \u2010 Sc\u00e8ne Nationale de Chamb\u00e9ry et de la Savoie\u00a0(capofila), Teatro Stabile di Torino \u2010 Teatro Nazionale \/ Torinodanza festival, Associazione Dislivelli e\u00a0Universit\u00e9 Savoie \u2010 Mont Blanc, \u00e8 stato tra i progetti vincitori del programma<strong> INTERREG \u2013 V \u2013 a Italia \u2013 Francia ALCOTRA 2014\u20102020<\/strong>.<\/p>\n<h2><strong>Arriva, al termine dei tre anni, un volume fotografico di oltre cinquanta pagine che ripercorre le tappe tutti i momenti cruciali e le esperienze artische ad alta quota<br \/>\n<\/strong><\/h2>\n<h2><a href=\"https:\/\/www.sfogliami.it\/fl\/223838\/jmhyvhutnku3v2y2nrmrcnzzfpuqgb\" target=\"_blank\" rel=\"noopener\">Sfoglia il libro<\/a>\u00a0| <a href=\"http:\/\/www.torinodanzafestival.it\/wp-content\/uploads\/clc_book.pdf\" target=\"_blank\" rel=\"noopener\">Scarica il libro<\/a><\/h2>\n<hr \/>\n<p><span style=\"color: #808080;\"><em>Pubblicazione a cura dell\u2019Associazione Dislivelli \/\u00a0 Con il supporto di Torinodanza Festival\/Teatro Stabile di Torino-Teatro Nazionale<\/em><\/span><br \/>\n<span style=\"color: #808080;\"><em>Coordinatori del progetto Marcella Rodino, Paolo Meitre Libertini<\/em><\/span><br \/>\n<span style=\"color: #808080;\"><em>Progetto grafico e impaginazione Grafiche Vincenti, Fossano (Cn)<\/em><\/span><br \/>\n<span style=\"color: #808080;\"><em>Pubblicazione realizzata grazie al sostegno del Programma INTERREG \u2013 V \u2013 a Italia \u2013 Francia ALCOTRA 2014-2020.<\/em><\/span><br \/>\n<span style=\"color: #808080;\"><em>Publication r\u00e9alis\u00e9e gr\u00e2ce au soutien du Programme INTERREG \u2013 V \u2013 a Italie \u2013 France ALCOTRA 2014-2020.<\/em><\/span><br \/>\n<a href=\"http:\/\/www.corpolinkscluster.eu\" target=\"_blank\" rel=\"noopener\">www.corpolinkscluster.eu<\/a><\/p>\n","protected":false},"excerpt":{"rendered":"<p>Disponibile online una nuova pubblicazione nata per testimoniare i tre anni di lavoro del progetto Corpo Links Cluster: programma di ricerca e innovazione in materia&hellip;<\/p>\n","protected":false},"author":1,"featured_media":9971,"comment_status":"closed","ping_status":"open","sticky":false,"template":"","format":"standard","meta":{"_acf_changed":false,"footnotes":""},"categories":[1],"tags":[],"class_list":["post-9967","post","type-post","status-publish","format-standard","has-post-thumbnail","hentry","category-news"],"acf":[],"_links":{"self":[{"href":"http:\/\/www.torinodanzafestival.it\/index.php?rest_route=\/wp\/v2\/posts\/9967","targetHints":{"allow":["GET"]}}],"collection":[{"href":"http:\/\/www.torinodanzafestival.it\/index.php?rest_route=\/wp\/v2\/posts"}],"about":[{"href":"http:\/\/www.torinodanzafestival.it\/index.php?rest_route=\/wp\/v2\/types\/post"}],"author":[{"embeddable":true,"href":"http:\/\/www.torinodanzafestival.it\/index.php?rest_route=\/wp\/v2\/users\/1"}],"replies":[{"embeddable":true,"href":"http:\/\/www.torinodanzafestival.it\/index.php?rest_route=%2Fwp%2Fv2%2Fcomments&post=9967"}],"version-history":[{"count":8,"href":"http:\/\/www.torinodanzafestival.it\/index.php?rest_route=\/wp\/v2\/posts\/9967\/revisions"}],"predecessor-version":[{"id":9976,"href":"http:\/\/www.torinodanzafestival.it\/index.php?rest_route=\/wp\/v2\/posts\/9967\/revisions\/9976"}],"wp:featuredmedia":[{"embeddable":true,"href":"http:\/\/www.torinodanzafestival.it\/index.php?rest_route=\/wp\/v2\/media\/9971"}],"wp:attachment":[{"href":"http:\/\/www.torinodanzafestival.it\/index.php?rest_route=%2Fwp%2Fv2%2Fmedia&parent=9967"}],"wp:term":[{"taxonomy":"category","embeddable":true,"href":"http:\/\/www.torinodanzafestival.it\/index.php?rest_route=%2Fwp%2Fv2%2Fcategories&post=9967"},{"taxonomy":"post_tag","embeddable":true,"href":"http:\/\/www.torinodanzafestival.it\/index.php?rest_route=%2Fwp%2Fv2%2Ftags&post=9967"}],"curies":[{"name":"wp","href":"https:\/\/api.w.org\/{rel}","templated":true}]}}