{"id":11642,"date":"2023-04-19T08:44:21","date_gmt":"2023-04-19T08:44:21","guid":{"rendered":"http:\/\/10.0.1.180\/?post_type=portfolio&#038;p=11642"},"modified":"2024-04-09T13:31:51","modified_gmt":"2024-04-09T13:31:51","slug":"ukiyo-e","status":"publish","type":"post","link":"https:\/\/www.torinodanzafestival.it\/?p=11642","title":{"rendered":"UKIYO-E"},"content":{"rendered":"<div class=\"wpb-content-wrapper\"><p>[vc_row][vc_column][vc_column_text]<strong>Fonderie Limone &#8211; Sala Grande | 29 e 30 settembre 2023 ore 20.45<\/strong><\/p>\n<h3>Sidi Larbi Cherkaoui<\/h3>\n<p>Sidi Larbi Cherkaoui giunge quest\u2019anno a Torino in qualit\u00e0 di coreografo del Ballet du Grand Th\u00e9\u00e2tre de Gen\u00e8ve che guida dallo scorso anno. In Ukiyo-e, termine giapponese che significa mondi fluttuanti e che si riferisce al carattere evanescente della vita, cerca una risposta alla solitudine imposta dal periodo pandemico, costruendo sul palcoscenico una comunit\u00e0 ritrovata nell\u2019armonia.<\/p>\n<p><a href=\"http:\/\/www.torinodanzafestival.it\/wp-content\/uploads\/2023\/04\/UKIYO-programme.pdf\" target=\"_blank\" rel=\"noopener\">LA SCHEDA DI SALA<\/a><\/p>\n<h4>scenografia Alexander Dodge<br \/>\ncostumi Yuima Nakazato<br \/>\nluci Dominique Drillot<br \/>\ndrammaturgia Igor Cardellini<br \/>\nassistenti alla coreografia Pau Aran Gimeno e Dayan Akhmedgaliev<br \/>\ndirezione delle prove Manuel Renard e Pascal Marty<br \/>\nmusica Szymon Brz\u00f3ska e Alexandre Dai Castaing<br \/>\ncanto e danza Kazutomi &#8220;Tsuki&#8221; Kozuki<br \/>\ncanto, Shinobue, Nohkan e Kokyu Shogo Yoshii<br \/>\npercussioni Alexandre Dai Castaing e Shogo Yoshii<br \/>\nmusica elettronica Alexandre Dai Castaing<br \/>\n<em>Ballet du Grand Th\u00e9\u00e2tre de Gen\u00e8ve<\/em><br \/>\n<em>direttore generale Aviel Cahn<\/em><br \/>\n<em>direttore del Balletto Sidi Larbi Cherkaoui<\/em><br \/>\n<em>Partner del Ballet du Grand Th\u00e9\u00e2tre INDOSUEZ WEALTH MANAGEMENT<\/em><br \/>\n<em>con il sostegno della Fondazione Svizzera per la Cultura Pro Helvetia<\/em><\/h4>\n<p><strong>durata 1h e 15 min senza intervallo<\/strong><\/p>\n<hr \/>\n<p>PRENOTA <a href=\"http:\/\/booking.teatrostabiletorino.it\/index.php\/2022\/09\/05\/navetta-torinodanza-festival\/\" target=\"_blank\" rel=\"noopener\">LA NAVETTA PER LE FONDERIE LIMONE<\/a><\/p>\n<p>[\/vc_column_text][\/vc_column][\/vc_row]<\/p>\n<\/div>","protected":false},"excerpt":{"rendered":"<p><b>SIDI LARBI CHERKAOUI<\/b><br \/>\nFonderie Limone &#8211; Sala Grande<br \/>\n29 e 30 settembre 2023 ore 20.45<\/p>\n","protected":false},"author":1,"featured_media":11869,"comment_status":"closed","ping_status":"closed","sticky":false,"template":"","format":"standard","meta":{"_acf_changed":false,"footnotes":""},"categories":[105],"tags":[],"class_list":["post-11642","post","type-post","status-publish","format-standard","has-post-thumbnail","hentry","category-edizione-2023"],"acf":[],"_links":{"self":[{"href":"https:\/\/www.torinodanzafestival.it\/index.php?rest_route=\/wp\/v2\/posts\/11642","targetHints":{"allow":["GET"]}}],"collection":[{"href":"https:\/\/www.torinodanzafestival.it\/index.php?rest_route=\/wp\/v2\/posts"}],"about":[{"href":"https:\/\/www.torinodanzafestival.it\/index.php?rest_route=\/wp\/v2\/types\/post"}],"author":[{"embeddable":true,"href":"https:\/\/www.torinodanzafestival.it\/index.php?rest_route=\/wp\/v2\/users\/1"}],"replies":[{"embeddable":true,"href":"https:\/\/www.torinodanzafestival.it\/index.php?rest_route=%2Fwp%2Fv2%2Fcomments&post=11642"}],"version-history":[{"count":20,"href":"https:\/\/www.torinodanzafestival.it\/index.php?rest_route=\/wp\/v2\/posts\/11642\/revisions"}],"predecessor-version":[{"id":12243,"href":"https:\/\/www.torinodanzafestival.it\/index.php?rest_route=\/wp\/v2\/posts\/11642\/revisions\/12243"}],"wp:featuredmedia":[{"embeddable":true,"href":"https:\/\/www.torinodanzafestival.it\/index.php?rest_route=\/wp\/v2\/media\/11869"}],"wp:attachment":[{"href":"https:\/\/www.torinodanzafestival.it\/index.php?rest_route=%2Fwp%2Fv2%2Fmedia&parent=11642"}],"wp:term":[{"taxonomy":"category","embeddable":true,"href":"https:\/\/www.torinodanzafestival.it\/index.php?rest_route=%2Fwp%2Fv2%2Fcategories&post=11642"},{"taxonomy":"post_tag","embeddable":true,"href":"https:\/\/www.torinodanzafestival.it\/index.php?rest_route=%2Fwp%2Fv2%2Ftags&post=11642"}],"curies":[{"name":"wp","href":"https:\/\/api.w.org\/{rel}","templated":true}]}}