{"id":12776,"date":"2024-09-25T15:00:34","date_gmt":"2024-09-25T15:00:34","guid":{"rendered":"http:\/\/10.0.1.180\/?p=12776"},"modified":"2024-10-01T09:55:10","modified_gmt":"2024-10-01T09:55:10","slug":"ioannis-mandafounis-e-manon-parent-portano-in-scena-in-prima-nazionale-il-solo-scarbo-a-torinodanza-2024-fonderie-limone-moncalieri-4-e-5-ottobre-19-30","status":"publish","type":"post","link":"https:\/\/www.torinodanzafestival.it\/?p=12776","title":{"rendered":"IOANNIS MANDAFOUNIS E MANON PARENT PORTANO IN SCENA IN PRIMA NAZIONALE IL SOLO &#8220;SCARBO&#8221; A TORINODANZA 2024 <br> Fonderie Limone Moncalieri, 4 e 5 ottobre, ore 19.30"},"content":{"rendered":"<p>Il solo <strong><em>Scarbo<\/em><\/strong>, che \u00e8 stato apprezzato a livello internazionale e debutter\u00e0 in prima nazionale per Torinodanza Festival il 4 ottobre 2024 alle 19.30 alle Fonderie Limone di Moncalieri, \u00e8 firmato dal coreografo <strong>Ioannis Mandafounis<\/strong>, nuovo direttore artistico della <strong>Dresden<\/strong> <strong>Frankfurt<\/strong> <strong>Company<\/strong>, ed eseguito dalla danzatrice e artista poliedrica <strong>Manon Parent<\/strong>. Il titolo di questo lavoro \u00e8 preso in prestito da una composizione per piano di Maurice Ravel, le cui note saranno eseguite dal vivo dal pianista torinese <strong>Gabriele<\/strong> <strong>Carcano<\/strong>, insieme a quelle di Claude Debussy.<\/p>\n<p>Lo spettacolo esplora il ruolo della narrazione nella danza contemporanea in termini di funzione, forma e significato. La danzatrice stessa \u00e8 al centro di questa narrativa, che riguarda l\u2019interazione tra il corpo, l\u2019anima e l\u2019emozione: pi\u00f9 lei danza, pi\u00f9 il pubblico \u00e8 attratto dal suo mondo interiore, ricco di tristezza, rabbia, gioia, impotenza e forza, emozioni evocate attraverso movimenti immediati e privi di filtri.<\/p>\n<p><a href=\"http:\/\/www.torinodanzafestival.it\/wp-content\/uploads\/2024\/09\/Comunicato-stampa_Scarbo-1.pdf\" target=\"_blank\" rel=\"noopener\">Comunicato stampa<\/a><\/p>","protected":false},"excerpt":{"rendered":"<p>Il solo Scarbo, che \u00e8 stato apprezzato a livello internazionale e debutter\u00e0 in prima nazionale per Torinodanza Festival il 4 ottobre 2024 alle 19.30 alle&hellip;<\/p>\n","protected":false},"author":2,"featured_media":12406,"comment_status":"closed","ping_status":"open","sticky":false,"template":"","format":"standard","meta":{"_acf_changed":false,"footnotes":""},"categories":[107],"tags":[],"class_list":["post-12776","post","type-post","status-publish","format-standard","has-post-thumbnail","hentry","category-press_24"],"acf":[],"_links":{"self":[{"href":"https:\/\/www.torinodanzafestival.it\/index.php?rest_route=\/wp\/v2\/posts\/12776","targetHints":{"allow":["GET"]}}],"collection":[{"href":"https:\/\/www.torinodanzafestival.it\/index.php?rest_route=\/wp\/v2\/posts"}],"about":[{"href":"https:\/\/www.torinodanzafestival.it\/index.php?rest_route=\/wp\/v2\/types\/post"}],"author":[{"embeddable":true,"href":"https:\/\/www.torinodanzafestival.it\/index.php?rest_route=\/wp\/v2\/users\/2"}],"replies":[{"embeddable":true,"href":"https:\/\/www.torinodanzafestival.it\/index.php?rest_route=%2Fwp%2Fv2%2Fcomments&post=12776"}],"version-history":[{"count":4,"href":"https:\/\/www.torinodanzafestival.it\/index.php?rest_route=\/wp\/v2\/posts\/12776\/revisions"}],"predecessor-version":[{"id":12914,"href":"https:\/\/www.torinodanzafestival.it\/index.php?rest_route=\/wp\/v2\/posts\/12776\/revisions\/12914"}],"wp:featuredmedia":[{"embeddable":true,"href":"https:\/\/www.torinodanzafestival.it\/index.php?rest_route=\/wp\/v2\/media\/12406"}],"wp:attachment":[{"href":"https:\/\/www.torinodanzafestival.it\/index.php?rest_route=%2Fwp%2Fv2%2Fmedia&parent=12776"}],"wp:term":[{"taxonomy":"category","embeddable":true,"href":"https:\/\/www.torinodanzafestival.it\/index.php?rest_route=%2Fwp%2Fv2%2Fcategories&post=12776"},{"taxonomy":"post_tag","embeddable":true,"href":"https:\/\/www.torinodanzafestival.it\/index.php?rest_route=%2Fwp%2Fv2%2Ftags&post=12776"}],"curies":[{"name":"wp","href":"https:\/\/api.w.org\/{rel}","templated":true}]}}