{"id":2395,"date":"2014-04-02T13:15:33","date_gmt":"2014-04-02T13:15:33","guid":{"rendered":"http:\/\/10.0.1.180\/?post_type=projects&#038;p=2395"},"modified":"2015-04-09T13:36:38","modified_gmt":"2015-04-09T13:36:38","slug":"plexus","status":"publish","type":"post","link":"https:\/\/www.torinodanzafestival.it\/?p=2395","title":{"rendered":"PLEXUS"},"content":{"rendered":"<p><iframe loading=\"lazy\" title=\"PLEXUS \/ Torinodanza festival 2014\" width=\"500\" height=\"281\" src=\"https:\/\/www.youtube.com\/embed\/MRnoVe2hCu8?feature=oembed\" frameborder=\"0\" allow=\"accelerometer; autoplay; clipboard-write; encrypted-media; gyroscope; picture-in-picture; web-share\" referrerpolicy=\"strict-origin-when-cross-origin\" allowfullscreen><\/iframe><br \/>\n7 &#8211; 8 ottobre 2014 ? prima italiana (Francia)<br \/>\n<strong>FONDERIE LIMONE MONCALIERI\u00a0 &#8211; Sala grande<\/strong><br \/>\nore 21.00 [durata 60\u2019]<br \/>\n<b>Una creazione di<\/b> Aur\u00e9lien Bory per Kaori Ito \/ <b>con<\/b> Kaori Ito \/ <b>ideazione, scenografia e direzione<\/b> Aur\u00e9lien Bory \/ <b>coreografia<\/b> Kaori Ito \/ <b>musica<\/b> Joan Cambon \/ <b>disegno luci<\/b> Arno Veyrat \/ <b>direttore di scena<\/b> Fran\u00e7ois Saintemarie \/ <b>suono<\/b> St\u00e9phane Ley \/ <b>costumi<\/b> Sylvie Marcucci \/ <b>ricerca e adattamento<\/b> Ta\u00efcir Fadel \/ <b>ideazione tecnica scene<\/b> Pierre Dequivre \/ <b>realizzazione scene<\/b> Atelier de la fianc\u00e9e du pirate \/ <b>realizzazione prototipo<\/b> Pierre Gosselin \/ <b>macchinista<\/b> Marc Bizet \/ <b>direzione tecnica<\/b> Arno Veyrat \/ <b>produzione, diffusione<\/b> Florence Meurisse, L\u00e9onor Manuel, Marie Reculon.<br \/>\n<i>Compagnie 111 &#8211; Aur\u00e9lien Bory<br \/>\nin coproduzione con Le Grand T th\u00e9\u00e2tre de Loire Atlantique &#8211; Nantes, Th\u00e9\u00e2tre Vidy &#8211; Lausanne, Th\u00e9\u00e2tre de la Ville &#8211; Paris, Le Parvis sc\u00e8ne nationale Tarbes Pyr\u00e9n\u00e9es, Les Th\u00e9\u00e2tres de la Ville de Luxembourg, La Coursive sc\u00e8ne nationale &#8211; La Rochelle, Agora p\u00f4le national des arts du cirque &#8211; Boulazac, Residenze e prove Le Grand T th\u00e9\u00e2tre de Loire Atlantique &#8211; Nantes, Th\u00e9\u00e2tre Garonne sc\u00e8ne europ\u00e9enne &#8211; Toulouse, Th\u00e9\u00e2tre Vidy &#8211; Lausanne con l\u2019aiuto di L\u2019Usine sc\u00e8ne conventionn\u00e9e pour les arts dans l\u2019espace public &#8211; Tournefeuille Toulouse M\u00e9tropole<br \/>\n<\/i><em>Compagnie 111 &#8211; Aur\u00e9lien Bory \u00e8 sostenuta da Minist\u00e8re de la culture et de la communication &#8211; Direction R\u00e9gionale des Affaires Culturelles de Midi-Pyr\u00e9n\u00e9es, R\u00e9gion Midi-Pyr\u00e9n\u00e9es, Ville de Toulouse, Conseil G\u00e9n\u00e9ral de la Haute-Garonne<\/em><br \/>\n<em> Aur\u00e9lien Bory \u00e8 artista associato di Grand T th\u00e9\u00e2tre de Loire-Atlantique in Nantes<\/em><br \/>\n<em> Aur\u00e9lien Bory \u00e8 artista invitato di TNT Th\u00e9\u00e2tre National de Toulouse Midi-Pyr\u00e9n\u00e9es<\/em><\/p>\n<p style=\"text-align: justify;\"><a class=\"lightbox\" href=\"http:\/\/www.torinodanzafestival.it\/wp-content\/uploads\/2014\/04\/01_Plexus@Mario-Del-Curto.jpg\"><img loading=\"lazy\" decoding=\"async\" class=\"wp-image-2559 alignright\" style=\"margin-left: 8px;\" src=\"http:\/\/www.torinodanzafestival.it\/wp-content\/uploads\/2014\/04\/01_Plexus@Mario-Del-Curto.jpg\" alt=\"01_Plexus@Mario Del Curto\" width=\"189\" height=\"126\" srcset=\"https:\/\/www.torinodanzafestival.it\/wp-content\/uploads\/2014\/04\/01_Plexus@Mario-Del-Curto.jpg 1000w, https:\/\/www.torinodanzafestival.it\/wp-content\/uploads\/2014\/04\/01_Plexus@Mario-Del-Curto-300x200.jpg 300w, https:\/\/www.torinodanzafestival.it\/wp-content\/uploads\/2014\/04\/01_Plexus@Mario-Del-Curto-768x512.jpg 768w, https:\/\/www.torinodanzafestival.it\/wp-content\/uploads\/2014\/04\/01_Plexus@Mario-Del-Curto-600x400.jpg 600w, https:\/\/www.torinodanzafestival.it\/wp-content\/uploads\/2014\/04\/01_Plexus@Mario-Del-Curto-806x538.jpg 806w, https:\/\/www.torinodanzafestival.it\/wp-content\/uploads\/2014\/04\/01_Plexus@Mario-Del-Curto-558x372.jpg 558w, https:\/\/www.torinodanzafestival.it\/wp-content\/uploads\/2014\/04\/01_Plexus@Mario-Del-Curto-655x437.jpg 655w\" sizes=\"auto, (max-width: 189px) 100vw, 189px\" \/><\/a>Il tema della bellezza, quella estetica, capace di togliere il fiato e sorprendere, \u00e8 molto caro a Torinodanza. La capacit\u00e0 del palcoscenico di distillare sensazioni che sembrano scomparse rimane importante, centrale rispetto al ruolo di contraltare che un teatro deve saper ricoprire rispetto al mondo quotidiano. <i>Plexus <\/i>\u00e8 in effetti quasi una folgorazione estetica, uno spazio visionario nel quale una magnifica danzatrice si muove senza veramente danzare. Centinaia, forse migliaia di fili definiscono una scatola magica che la imprigiona. Eppure l\u2019impossibilit\u00e0 di slanciarsi in un movimento libero non impedisce a questo corpo di esprimere tutta la propria energia, e una gestualit\u00e0 affascinante e totalmente astratta. Lo spettacolo rappresenta l\u2019incontro di due artisti ben conosciuti dal pubblico di Torinodanza. Aur\u00e9lien Bory, coreografo, ha presentato nel 2013 il suo <i>Plan B<\/i>, uno dei capolavori della storia recente del circo contemporaneo. Kaori Ito \u00e8 una delle danzatrici simbolo di Alain Platel, la giapponese che difficilmente qualcuno pu\u00f2 non aver notato in vari spettacoli de les ballets C de la B. Si sono incontrati per uno spettacolo che non poteva che essere assolutamente originale, e che arriva a Torino dopo una trionfale tourn\u00e9e europea.<\/p>\n<address style=\"text-align: justify;\">\u00a0<\/address>\n<p style=\"text-align: justify;\"><em>The theme of beauty, aesthetic beauty that can be breathtaking and surprising, is very dear to Torinodanza: Plexus can be compared to an aesthetic lightning bolt, a visionary space in which a magnificent dancer moves without truly dancing. The performance brings together two artists that Torinodanza audiences have already met. In 2013, choreographer Aur\u00e9lien Bory presented his Plan B, a masterpiece in the recent history of contemporary circus art. Kaori Ito is one of Alain Platel\u2019s emblematic dancers, a Japanese artist it would be hard to miss during les ballets C de la B performances. They have joined forces for a show that is necessarily original and that comes to the Torinodanza stage after a highly acclaimed European tour.<\/em><\/p>\n<p>&nbsp;<\/p>\n","protected":false},"excerpt":{"rendered":"<p>7 &#8211; 8 ottobre 2014 ? prima italiana (Francia) FONDERIE LIMONE MONCALIERI\u00a0 &#8211; Sala grande ore 21.00 [durata 60\u2019] Una creazione di Aur\u00e9lien Bory per&hellip;<\/p>\n","protected":false},"author":1,"featured_media":2559,"comment_status":"closed","ping_status":"closed","sticky":false,"template":"","format":"standard","meta":{"_acf_changed":false,"footnotes":""},"categories":[41],"tags":[],"class_list":["post-2395","post","type-post","status-publish","format-standard","has-post-thumbnail","hentry","category-edizione-2014"],"acf":[],"_links":{"self":[{"href":"https:\/\/www.torinodanzafestival.it\/index.php?rest_route=\/wp\/v2\/posts\/2395","targetHints":{"allow":["GET"]}}],"collection":[{"href":"https:\/\/www.torinodanzafestival.it\/index.php?rest_route=\/wp\/v2\/posts"}],"about":[{"href":"https:\/\/www.torinodanzafestival.it\/index.php?rest_route=\/wp\/v2\/types\/post"}],"author":[{"embeddable":true,"href":"https:\/\/www.torinodanzafestival.it\/index.php?rest_route=\/wp\/v2\/users\/1"}],"replies":[{"embeddable":true,"href":"https:\/\/www.torinodanzafestival.it\/index.php?rest_route=%2Fwp%2Fv2%2Fcomments&post=2395"}],"version-history":[{"count":0,"href":"https:\/\/www.torinodanzafestival.it\/index.php?rest_route=\/wp\/v2\/posts\/2395\/revisions"}],"wp:featuredmedia":[{"embeddable":true,"href":"https:\/\/www.torinodanzafestival.it\/index.php?rest_route=\/wp\/v2\/media\/2559"}],"wp:attachment":[{"href":"https:\/\/www.torinodanzafestival.it\/index.php?rest_route=%2Fwp%2Fv2%2Fmedia&parent=2395"}],"wp:term":[{"taxonomy":"category","embeddable":true,"href":"https:\/\/www.torinodanzafestival.it\/index.php?rest_route=%2Fwp%2Fv2%2Fcategories&post=2395"},{"taxonomy":"post_tag","embeddable":true,"href":"https:\/\/www.torinodanzafestival.it\/index.php?rest_route=%2Fwp%2Fv2%2Ftags&post=2395"}],"curies":[{"name":"wp","href":"https:\/\/api.w.org\/{rel}","templated":true}]}}