{"id":8791,"date":"2019-09-03T10:55:08","date_gmt":"2019-09-03T10:55:08","guid":{"rendered":"http:\/\/10.0.1.180\/?p=8791"},"modified":"2019-09-03T10:57:25","modified_gmt":"2019-09-03T10:57:25","slug":"torinodanza-festival-2019-programma-aggiornato","status":"publish","type":"post","link":"https:\/\/www.torinodanzafestival.it\/?p=8791","title":{"rendered":"TORINODANZA FESTIVAL 2019 &#8211; programma aggiornato"},"content":{"rendered":"<p><strong>Torinodanza festival 2019<\/strong>, diretto da <strong>Anna Cremonini<\/strong> e realizzato dal <strong>Teatro Stabile di Torino &#8211; Teatro Nazionale<\/strong>, prosegue la sua esplorazione del mondo attraverso le visioni e le sensibilit\u00e0 degli artisti e approfondisce la linea tracciata lo scorso anno, invitando i coreografi che hanno saputo offrire chiavi di interpretazione e modalit\u00e0 di riflessione intorno ai grandi temi che la modernit\u00e0 impone. L\u2019attenzione verso l\u2019altro, l\u2019incontro con culture diverse, la tensione verso nuove forme di spiritualit\u00e0 sono alcuni motivi che segnano la nuova edizione di Torinodanza.<\/p>\n<p>Torino, durante il festival che si svolger\u00e0 <strong>dall\u201911 settembre al 26 ottobre 2019<\/strong>, diventer\u00e0 il punto di riferimento della coreografia internazionale: <strong>2 mesi di programmazione, 19 titoli per 36 rappresentazioni, 9 diversi luoghi di spettacolo, 7 prime nazionali, 2 coproduzioni internazionali, 11 paesi coinvolti (Argentina, Belgio, Brasile, Cina, Francia, Inghilterra, Irlanda, Italia, Israele, Scozia, Spagna), oltre 200 artisti, operatori, tecnici da tutto il mondo.<\/strong><\/p>\n<p>\u00abTorinodanza festival &#8211; dichiara Anna Cremonini &#8211; conferma e rafforza la propria vocazione internazionale proponendo le opere di quegli artisti che, con le loro creazioni, raccontano il mondo, osservano le contraddizioni del nostro tempo, trasformandole in pensiero, visioni, riflessioni artistiche, etiche e anche politiche. In una societ\u00e0 globalizzata i temi pi\u00f9 urgenti si assomigliano e tendono a convergere in una lettura complessa della nostra attualit\u00e0. Il progetto che anima il festival si muove in quel tessuto che rappresenta il punto pi\u00f9 avanzato della ricerca, guardando soprattutto alla generazione dei post-maestri, artisti che scrivono oggi la storia viva di questa disciplina che per statuto e vocazione non conosce confini, parlando la lingua universale dell\u2019anima e del corpo. Se pure si vuole indicare una nazionalit\u00e0 d\u2019origine, i nostri artisti sono cittadini di un mondo aperto, transnazionale, multietnico e pluridisciplinare. Anche l\u2019Italia che balla parla una lingua universale che ogni giorno conquista nuove platee, su cui Torinodanza scommette e investe per sostenere la loro meritatissima diffusione\u00bb.<\/p>\n<p><a href=\"http:\/\/www.torinodanzafestival.it\/wp-content\/uploads\/2019\/09\/TD19_Pieghevole_new_web.pdf\" target=\"_blank\" rel=\"noopener\">Programma aggiornato Torinodanzafestival 2019<\/a><\/p>\n<p>&nbsp;<\/p>\n<p>&nbsp;<\/p>\n<p>&nbsp;<\/p>\n","protected":false},"excerpt":{"rendered":"<p>Torinodanza festival 2019, diretto da Anna Cremonini e realizzato dal Teatro Stabile di Torino &#8211; Teatro Nazionale, prosegue la sua esplorazione del mondo attraverso le&hellip;<\/p>\n","protected":false},"author":2,"featured_media":8177,"comment_status":"closed","ping_status":"open","sticky":false,"template":"","format":"standard","meta":{"_acf_changed":false,"footnotes":""},"categories":[93],"tags":[],"class_list":["post-8791","post","type-post","status-publish","format-standard","has-post-thumbnail","hentry","category-press-19"],"acf":[],"_links":{"self":[{"href":"https:\/\/www.torinodanzafestival.it\/index.php?rest_route=\/wp\/v2\/posts\/8791","targetHints":{"allow":["GET"]}}],"collection":[{"href":"https:\/\/www.torinodanzafestival.it\/index.php?rest_route=\/wp\/v2\/posts"}],"about":[{"href":"https:\/\/www.torinodanzafestival.it\/index.php?rest_route=\/wp\/v2\/types\/post"}],"author":[{"embeddable":true,"href":"https:\/\/www.torinodanzafestival.it\/index.php?rest_route=\/wp\/v2\/users\/2"}],"replies":[{"embeddable":true,"href":"https:\/\/www.torinodanzafestival.it\/index.php?rest_route=%2Fwp%2Fv2%2Fcomments&post=8791"}],"version-history":[{"count":3,"href":"https:\/\/www.torinodanzafestival.it\/index.php?rest_route=\/wp\/v2\/posts\/8791\/revisions"}],"predecessor-version":[{"id":8795,"href":"https:\/\/www.torinodanzafestival.it\/index.php?rest_route=\/wp\/v2\/posts\/8791\/revisions\/8795"}],"wp:featuredmedia":[{"embeddable":true,"href":"https:\/\/www.torinodanzafestival.it\/index.php?rest_route=\/wp\/v2\/media\/8177"}],"wp:attachment":[{"href":"https:\/\/www.torinodanzafestival.it\/index.php?rest_route=%2Fwp%2Fv2%2Fmedia&parent=8791"}],"wp:term":[{"taxonomy":"category","embeddable":true,"href":"https:\/\/www.torinodanzafestival.it\/index.php?rest_route=%2Fwp%2Fv2%2Fcategories&post=8791"},{"taxonomy":"post_tag","embeddable":true,"href":"https:\/\/www.torinodanzafestival.it\/index.php?rest_route=%2Fwp%2Fv2%2Ftags&post=8791"}],"curies":[{"name":"wp","href":"https:\/\/api.w.org\/{rel}","templated":true}]}}