{"id":8985,"date":"2019-10-03T12:54:47","date_gmt":"2019-10-03T12:54:47","guid":{"rendered":"http:\/\/10.0.1.180\/?p=8985"},"modified":"2019-10-04T13:08:27","modified_gmt":"2019-10-04T13:08:27","slug":"al-circolo-dei-lettori-la-presentazione-del-volume-la-danza-organizzare-per-creare-scenari-specificita-tecniche-pratiche-quadro-normativo-pubblico-di-alessandro-pontremoli-e-gerarda-v","status":"publish","type":"post","link":"https:\/\/www.torinodanzafestival.it\/?p=8985","title":{"rendered":"AL CIRCOLO DEI LETTORI LA PRESENTAZIONE DEL VOLUME &#8220;LA DANZA: ORGANIZZARE PER CREARE. SCENARI, SPECIFICIT\u00c0 TECNICHE, PRATICHE, QUADRO NORMATIVO, PUBBLICO\u201d DI ALESSANDRO PONTREMOLI E GERARDA VENTURA"},"content":{"rendered":"<p>Torinodanza festival e il Circolo dei lettori ospitano marted\u00ec 8 ottobre 2019, alle ore 18.00, presso la Sala Musica del Circolo (Via Bogino, 9), la presentazione del volume &#8220;<em>La danza: organizzare per creare. Scenari, specificit\u00e0 tecniche, pratiche, quadro normativo, pubblico<\/em>\u201d di <strong>Alessandro Pontremoli<\/strong> e <strong>Gerarda Ventura<\/strong> (Milano, Franco Angeli, 2019).<br \/>\nSaranno presenti gli autori. Introduce e coordina l\u2019incontro <strong>Anna Cremonini,<\/strong> Direttore artistico di Torinodanza festival.<\/p>\n<p><strong>IL LIBRO<\/strong><br \/>\nLa danza del presente deve ritrovare la propria vocazione originaria di evento sociale, rituale sacro, e al tempo stesso ripercorrere la strada della riaffermazione, sul piano corporeo, della centralit\u00e0 del soggetto umano, in una societ\u00e0 sempre pi\u00f9 complessa. Per farlo reinventa la tradizione, cerca forme e contaminazioni inedite, invade nuovi spazi, trova nuovi sguardi e incontri. \u00c8 una sfida estetica che ha immediate ricadute organizzative.<\/p>\n<p><em>La danza: organizzare per creare<\/em> si propone di analizzare gli assetti, le pratiche, il quadro normativo, il pubblico e le prospettive dell\u2019organizzazione della danza contemporanea in Italia, inquadrandola nella storia recente e individuandone le specificit\u00e0 tecniche anche in un\u2019ottica di miglioramento delle condizioni del settore. Il libro si rivolge a studenti e a giovani organizzatori appassionati di danza contemporanea, o che alla danza intendono dedicarsi, ai danzatori e coreografi che desiderano muoversi con maggiore competenza ed efficacia sul terreno dell\u2019organizzazione e a quei direttori di teatro, operatori, amministratori pubblici che intendono promuoverla con maggiore incisivit\u00e0 e competenza.<\/p>\n<p>Con i contributi di Anna Abbate, Emanuela Bizi, Guy Cools, Cristina Carlini, Gaia Clotilde Chernetich, Patrizia Coletta, Roberto De Lellis, Lorenzo Donati, Emanuele Giannasca, Enrica Palmieri, Velia Papa, Antonio Taormina.<\/p>\n<p><strong>GLI AUTORI<\/strong><\/p>\n<p><strong>Alessandro Pontremoli<\/strong> insegna Storia della danza all\u2019Universit\u00e0 degli Studi di Torino ed \u00e8 Presidente della Commissione consultiva per la danza del Ministero dei Beni e delle Attivit\u00e0 Culturali. Le sue ricerche vertono sulle forme e le estetiche coreiche dell\u2019Et\u00e0 moderna e della contemporaneit\u00e0. Fra le sue ultime pubblicazioni, <em>La danza 2.0. Paesaggi coreografici del nuovo millennio<\/em> (Editori Laterza, 2018).<\/p>\n<p><strong>Gerarda Ventura,<\/strong> ex danzatrice, come organizzatrice ha lavorato per la Fondazione Romaeuropa, Biennale Danza, Teatro alla Scala, Premio Equilibrio, Teatro Stabile dell\u2019Umbria. Cura progetti dedicati alla danza in partenariato con artisti e strutture del mondo arabo e dell\u2019Asia. Attualmente \u00e8 direttrice artistica di Anghiari Dance Hub, centro di promozione della danza.<\/p>\n<p>&nbsp;<\/p>\n<p><a href=\"http:\/\/www.torinodanzafestival.it\/wp-content\/uploads\/2019\/10\/01_CS_presentazione-libro-Pontremoli_Ventura.pdf\">01_CS_presentazione libro Pontremoli_Ventura<\/a><\/p>\n<p>&nbsp;<\/p>\n","protected":false},"excerpt":{"rendered":"<p>Torinodanza festival e il Circolo dei lettori ospitano marted\u00ec 8 ottobre 2019, alle ore 18.00, presso la Sala Musica del Circolo (Via Bogino, 9), la&hellip;<\/p>\n","protected":false},"author":2,"featured_media":8883,"comment_status":"closed","ping_status":"open","sticky":false,"template":"","format":"standard","meta":{"_acf_changed":false,"footnotes":""},"categories":[93],"tags":[],"class_list":["post-8985","post","type-post","status-publish","format-standard","has-post-thumbnail","hentry","category-press-19"],"acf":[],"_links":{"self":[{"href":"https:\/\/www.torinodanzafestival.it\/index.php?rest_route=\/wp\/v2\/posts\/8985","targetHints":{"allow":["GET"]}}],"collection":[{"href":"https:\/\/www.torinodanzafestival.it\/index.php?rest_route=\/wp\/v2\/posts"}],"about":[{"href":"https:\/\/www.torinodanzafestival.it\/index.php?rest_route=\/wp\/v2\/types\/post"}],"author":[{"embeddable":true,"href":"https:\/\/www.torinodanzafestival.it\/index.php?rest_route=\/wp\/v2\/users\/2"}],"replies":[{"embeddable":true,"href":"https:\/\/www.torinodanzafestival.it\/index.php?rest_route=%2Fwp%2Fv2%2Fcomments&post=8985"}],"version-history":[{"count":1,"href":"https:\/\/www.torinodanzafestival.it\/index.php?rest_route=\/wp\/v2\/posts\/8985\/revisions"}],"predecessor-version":[{"id":8987,"href":"https:\/\/www.torinodanzafestival.it\/index.php?rest_route=\/wp\/v2\/posts\/8985\/revisions\/8987"}],"wp:featuredmedia":[{"embeddable":true,"href":"https:\/\/www.torinodanzafestival.it\/index.php?rest_route=\/wp\/v2\/media\/8883"}],"wp:attachment":[{"href":"https:\/\/www.torinodanzafestival.it\/index.php?rest_route=%2Fwp%2Fv2%2Fmedia&parent=8985"}],"wp:term":[{"taxonomy":"category","embeddable":true,"href":"https:\/\/www.torinodanzafestival.it\/index.php?rest_route=%2Fwp%2Fv2%2Fcategories&post=8985"},{"taxonomy":"post_tag","embeddable":true,"href":"https:\/\/www.torinodanzafestival.it\/index.php?rest_route=%2Fwp%2Fv2%2Ftags&post=8985"}],"curies":[{"name":"wp","href":"https:\/\/api.w.org\/{rel}","templated":true}]}}