{"id":9089,"date":"2020-07-07T12:38:07","date_gmt":"2020-07-07T12:38:07","guid":{"rendered":"http:\/\/10.0.1.180\/?post_type=portfolio&#038;p=9089"},"modified":"2021-04-14T10:03:31","modified_gmt":"2021-04-14T10:03:31","slug":"toccare-the-white-dance","status":"publish","type":"post","link":"https:\/\/www.torinodanzafestival.it\/?p=9089","title":{"rendered":"TOCCARE. The white dance"},"content":{"rendered":"<div class=\"wpb-content-wrapper\"><p>[vc_row][vc_column][vc_column_text]<\/p>\n<h3>Cristina Kristal Rizzo<br \/>\nPrima nazionale \/ Teatro Carignano \/ 14 settembre 2020 | ore 21.00<br \/>\nprima esecuzione musicale assoluta<\/h3>\n<p>La nuova produzione di Cristina Rizzo si muove attraverso diverse linee d\u2019ispirazione: il toccare inteso come gesto fisico distaccato alla ricerca di un sentire totale; l\u2019esperienza della meditazione trascendentale espressa nel White Album dei Beatles. O l\u2019immaterialit\u00e0 del Ballet Blanc. La danza si fonde con Les Pi\u00e8ces de clavecin di Jean-Philippe Rameau elaborate dal compositore Ruggero Lagan\u00e0, che intreccia l\u2019esecuzione live con interventi elettronici.<\/p>\n<p><a href=\"http:\/\/www.torinodanzafestival.it\/wp-content\/uploads\/2020\/07\/Toccare-_-14-settembre_web.pdf\" target=\"_blank\" rel=\"noopener\">LA SCHEDA DI SALA<\/a><\/p>\n<hr \/>\n<p>coreografia Cristina Kristal Rizzo<br \/>\ndanza Annamaria Ajmone, Sara Sguotti, Jari Boldrini, Kenji Paisley-Hortensia, Cristina Kristal Rizzo<br \/>\nmusiche Les Pi\u00e8ces De Clavecin Di Jean-Philippe Rameau<br \/>\nadattamento, direzione musicale\u00a0 e clavicembalo Ruggero Lagan\u00e0<br \/>\nflauto Antonella Bini<br \/>\npercussioni Elio Marchesini<br \/>\nlight design e direzione tecnica Gianni Staropoli<br \/>\ncreative producer Silvia Albanese<br \/>\ncostumi Boboutic ss20<\/p>\n<h4>TIR DANZA<br \/>\nCOPRODUZIONE MILANOLTRE, TORINODANZA FESTIVAL \/ TEATRO STABILE DI TORINO \u2013 TEATRO NAZIONALE NELL\u2019AMBITO DEL PROGETTO\u00a0\u201cCORPO LINKS CLUSTER,\u201d SOSTENUTO DAL PROGRAMMA DI COOPERAZIONE PC INTERREG V-A ITALIA-FRANCIA (ALCOTRA 2014-2020)<br \/>\n<em>CON IL SOSTEGNO DI<\/em> AZIENDA SPECIALE PALAEXPO &#8211; MATTATOIO | PROGETTO PRENDERSICURA,<br \/>\nORIENTE OCCIDENTE DANCE FESTIVAL, LFKS COLLECTIVE &#8211; CAMPUS SUP DE SUB<br \/>\n<em>RESIDENZE PRESSO<\/em> LAVANDERIA A VAPORE, CENTRO DI RESIDENZA DEL PIEMONTE E MEMBRO DELLA RETE EDN EUROPEAN DANCEHOUSE NETWORK NELL\u2019AMBITO DI TORINODANZA 2020, CID &#8211; CENTRO INTERNAZIONALE DELLA DANZA_PASSO NORD, CORNIOLO ART PLATFORM<\/h4>\n<p>[\/vc_column_text][\/vc_column][\/vc_row][vc_row][vc_column][\/vc_column][\/vc_row]<\/p>\n<\/div>","protected":false},"excerpt":{"rendered":"<p>[vc_row][vc_column][vc_column_text] Cristina Kristal Rizzo Prima nazionale \/ Teatro Carignano \/ 14 settembre 2020 | ore 21.00 prima esecuzione musicale assoluta La nuova produzione di Cristina&hellip;<\/p>\n","protected":false},"author":1,"featured_media":9236,"comment_status":"closed","ping_status":"closed","sticky":false,"template":"","format":"standard","meta":{"_acf_changed":false,"footnotes":""},"categories":[99],"tags":[],"class_list":["post-9089","post","type-post","status-publish","format-standard","has-post-thumbnail","hentry","category-edizione-2020"],"acf":[],"_links":{"self":[{"href":"https:\/\/www.torinodanzafestival.it\/index.php?rest_route=\/wp\/v2\/posts\/9089","targetHints":{"allow":["GET"]}}],"collection":[{"href":"https:\/\/www.torinodanzafestival.it\/index.php?rest_route=\/wp\/v2\/posts"}],"about":[{"href":"https:\/\/www.torinodanzafestival.it\/index.php?rest_route=\/wp\/v2\/types\/post"}],"author":[{"embeddable":true,"href":"https:\/\/www.torinodanzafestival.it\/index.php?rest_route=\/wp\/v2\/users\/1"}],"replies":[{"embeddable":true,"href":"https:\/\/www.torinodanzafestival.it\/index.php?rest_route=%2Fwp%2Fv2%2Fcomments&post=9089"}],"version-history":[{"count":15,"href":"https:\/\/www.torinodanzafestival.it\/index.php?rest_route=\/wp\/v2\/posts\/9089\/revisions"}],"predecessor-version":[{"id":9664,"href":"https:\/\/www.torinodanzafestival.it\/index.php?rest_route=\/wp\/v2\/posts\/9089\/revisions\/9664"}],"wp:featuredmedia":[{"embeddable":true,"href":"https:\/\/www.torinodanzafestival.it\/index.php?rest_route=\/wp\/v2\/media\/9236"}],"wp:attachment":[{"href":"https:\/\/www.torinodanzafestival.it\/index.php?rest_route=%2Fwp%2Fv2%2Fmedia&parent=9089"}],"wp:term":[{"taxonomy":"category","embeddable":true,"href":"https:\/\/www.torinodanzafestival.it\/index.php?rest_route=%2Fwp%2Fv2%2Fcategories&post=9089"},{"taxonomy":"post_tag","embeddable":true,"href":"https:\/\/www.torinodanzafestival.it\/index.php?rest_route=%2Fwp%2Fv2%2Ftags&post=9089"}],"curies":[{"name":"wp","href":"https:\/\/api.w.org\/{rel}","templated":true}]}}